{"id":22389,"date":"2019-06-19T06:40:33","date_gmt":"2019-06-19T10:40:33","guid":{"rendered":"http:\/\/blogdalucianaoliveira.com.br\/blog\/?p=22389"},"modified":"2019-06-19T06:41:20","modified_gmt":"2019-06-19T10:41:20","slug":"de-superministro-a-vidraca-moro-vai-ao-senado-em-seu-momento-mais-delicado","status":"publish","type":"post","link":"http:\/\/blogdalucianaoliveira.com.br\/blog\/2019\/06\/19\/de-superministro-a-vidraca-moro-vai-ao-senado-em-seu-momento-mais-delicado\/","title":{"rendered":"De superministro a vidra\u00e7a, Moro vai ao Senado em seu momento mais delicado"},"content":{"rendered":"<p><img data-recalc-dims=\"1\" loading=\"lazy\" decoding=\"async\" data-attachment-id=\"22391\" data-permalink=\"http:\/\/blogdalucianaoliveira.com.br\/blog\/2019\/06\/19\/de-superministro-a-vidraca-moro-vai-ao-senado-em-seu-momento-mais-delicado\/72da2d6e-89a2-4056-9aa8-359633f38edf\/\" data-orig-file=\"https:\/\/i0.wp.com\/blogdalucianaoliveira.com.br\/blog\/wp-content\/uploads\/2019\/06\/72DA2D6E-89A2-4056-9AA8-359633F38EDF.jpeg?fit=768%2C512\" data-orig-size=\"768,512\" data-comments-opened=\"0\" data-image-meta=\"{&quot;aperture&quot;:&quot;0&quot;,&quot;credit&quot;:&quot;&quot;,&quot;camera&quot;:&quot;&quot;,&quot;caption&quot;:&quot;&quot;,&quot;created_timestamp&quot;:&quot;0&quot;,&quot;copyright&quot;:&quot;&quot;,&quot;focal_length&quot;:&quot;0&quot;,&quot;iso&quot;:&quot;0&quot;,&quot;shutter_speed&quot;:&quot;0&quot;,&quot;title&quot;:&quot;&quot;,&quot;orientation&quot;:&quot;0&quot;}\" data-image-title=\"72DA2D6E-89A2-4056-9AA8-359633F38EDF\" data-image-description=\"\" data-image-caption=\"\" data-medium-file=\"https:\/\/i0.wp.com\/blogdalucianaoliveira.com.br\/blog\/wp-content\/uploads\/2019\/06\/72DA2D6E-89A2-4056-9AA8-359633F38EDF.jpeg?fit=300%2C200\" data-large-file=\"https:\/\/i0.wp.com\/blogdalucianaoliveira.com.br\/blog\/wp-content\/uploads\/2019\/06\/72DA2D6E-89A2-4056-9AA8-359633F38EDF.jpeg?fit=600%2C400\" src=\"https:\/\/i0.wp.com\/blogdalucianaoliveira.com.br\/blog\/wp-content\/uploads\/2019\/06\/72DA2D6E-89A2-4056-9AA8-359633F38EDF.jpeg?resize=600%2C400\" alt=\"72DA2D6E-89A2-4056-9AA8-359633F38EDF\" width=\"600\" height=\"400\" class=\"alignnone size-full wp-image-22391\" srcset=\"https:\/\/i0.wp.com\/blogdalucianaoliveira.com.br\/blog\/wp-content\/uploads\/2019\/06\/72DA2D6E-89A2-4056-9AA8-359633F38EDF.jpeg?w=768 768w, https:\/\/i0.wp.com\/blogdalucianaoliveira.com.br\/blog\/wp-content\/uploads\/2019\/06\/72DA2D6E-89A2-4056-9AA8-359633F38EDF.jpeg?resize=300%2C200 300w, https:\/\/i0.wp.com\/blogdalucianaoliveira.com.br\/blog\/wp-content\/uploads\/2019\/06\/72DA2D6E-89A2-4056-9AA8-359633F38EDF.jpeg?resize=450%2C300 450w\" sizes=\"auto, (max-width: 600px) 100vw, 600px\" \/><\/p>\n<p>Sob desgaste, ex-juiz dar\u00e1 explica\u00e7\u00f5es sobre mensagens vazadas sobre a Lava Jato<!--more--><\/p>\n<p>Camila Mattoso<br \/>\nDaniel Carvalho<br \/>\nFolha <\/p>\n<p>Empossado como superministro e tido como reserva moral do governo Jair Bolsonaro (PSL), Sergio Moro (Justi\u00e7a) vai ao Senado nesta quarta-feira (19) em seu momento de maior fragilidade.<\/p>\n<p>A partir das 9h, no plen\u00e1rio da CCJ (Comiss\u00e3o de Constitui\u00e7\u00e3o e Justi\u00e7a), o ex-juiz da Opera\u00e7\u00e3o Lava Jato deve atacar a a\u00e7\u00e3o de hackers, dizer que n\u00e3o tem como confirmar o conte\u00fado das mensagens divulgadas pelo site The Intercept Brasil e afirmar que as conversas podem ter sido editadas.<\/p>\n<p>A linha \u00e9 a mesma que o ministro de Bolsonaro tem utilizado desde as primeiras reportagens sobre o caso \u2014e ser\u00e1 mantida nos esclarecimentos que prestar\u00e1 aos senadores.<\/p>\n<p>Mensagens divulgadas no domingo (9) indicaram a troca de colabora\u00e7\u00f5es na Lava Lato entre Moro e o procurador chefe da for\u00e7a-tarefa, Deltan Dallagnol.<\/p>\n<p>Nesta ter\u00e7a (18), na v\u00e9spera do depoimento do ex-juiz, o site The Intercept Brasil divulgou novas conversas atribu\u00eddas aos dois que podem refor\u00e7ar os questionamentos de senadores sobre a parcialidade do Moro \u2014em um trecho, ele cita a preocupa\u00e7\u00e3o de uma investiga\u00e7\u00e3o melindrar o ex-presidente Fernando Henrique Cardoso (PSDB). <\/p>\n<p>Ap\u00f3s ser anunciado como um dos principais nomes do novo governo, o ex-juiz acumulou derrotas em menos de seis meses mandato. Sob desgaste devido \u00e0 divulga\u00e7\u00e3o de mensagens do per\u00edodo da Lava Jato, ainda teve que aguardar a cautela de Bolsonaro em defend\u00ea-lo abertamente.<\/p>\n<p>O presidente chegou a manter sil\u00eancio por tr\u00eas dias e, no \u00faltimo s\u00e1bado (15), embora tenha defendido o legado de Moro, afirmou que n\u00e3o existe confian\u00e7a 100%. &#8220;Meu pai dizia para mim: Confie 100% s\u00f3 em mim e minha m\u00e3e&#8221;, disse Bolsonaro. \u200b<\/p>\n<p>No Senado, Moro deve defender as comunica\u00e7\u00f5es informais entre magistrados e procuradores, dizendo ser algo que sempre ocorreu em todos os processos e investiga\u00e7\u00f5es. Ele afirma que as conversas tamb\u00e9m eram comuns com advogados e policiais.<\/p>\n<p>\u200bA iniciativa de comparecer em audi\u00eancia na Casa foi do pr\u00f3prio ministro, para tentar esfriar o plano de senadores de criar uma CPI (Comiss\u00e3o Parlamentar de Inqu\u00e9rito) para apurar as conversas com Deltan.<\/p>\n<p>O proponente da comiss\u00e3o, senador Angelo Coronel (PSD-BA), parou de coletar assinaturas, mas disse n\u00e3o descartar retomar o trabalho.<\/p>\n<p>Nos \u00faltimos dias, Moro tem tentado usar a estrat\u00e9gia de n\u00e3o confirmar a veracidade das conversas \u2014embora tamb\u00e9m n\u00e3o as negue\u2014 e, ao mesmo tempo, criminalizar o ataque de hackers.<\/p>\n<p>O site disse ter tido acesso \u00e0s mensagens por uma fonte an\u00f4nima. Procuradores da Lava Jato tiveram celulares hackeados.<\/p>\n<p>A Pol\u00edcia Federal avalia que o material divulgado at\u00e9 o momento deve ter sido obtido do aparelho de Deltan.<\/p>\n<p>Moro vai dizer a senadores que n\u00e3o tem como checar se as mensagens divulgadas pelo The Intercept Brasil s\u00e3o ver\u00eddicas e nem tem como fazer per\u00edcia em seu celular, porque n\u00e3o utilizava o Telegram havia pelo menos dois anos.<\/p>\n<p>At\u00e9 agora, investiga\u00e7\u00f5es d\u00e3o conta de que a invas\u00e3o foi neste aplicativo de mensagens.<\/p>\n<p>De 9 de junho at\u00e9 agora, o ministro derrapou em seu discurso uma vez, na \u00faltima sexta-feira (14), quando disse que houve um descuido por ter repassado informa\u00e7\u00f5es a Deltan por celular, sem formalizar nos autos.<\/p>\n<p>Ele respondia, no momento, a uma pergunta sobre uma das reportagens que mostrou mensagens de Moro dando dicas para o procurador sobre uma fonte que teria interesse em denunciar crimes do ex-presidente Lula.<\/p>\n<p>Ao dizer que foi descuido, o ex-juiz acabou confirmando o di\u00e1logo, indo na contram\u00e3o da sua estrat\u00e9gia de defesa.<\/p>\n<p>Governo e oposi\u00e7\u00e3o faziam reuni\u00f5es com seus grupos na noite desta ter\u00e7a-feira (18) para afinar a estrat\u00e9gia que adotar\u00e3o na sess\u00e3o do Senado.<\/p>\n<p>Enquanto aliados de Bolsonaro tentar\u00e3o conduzir um debate no campo jur\u00eddico, a oposi\u00e7\u00e3o quer promover uma discuss\u00e3o pol\u00edtica.<\/p>\n<p>Embora digam que n\u00e3o \u00e9 do perfil de Moro, governistas querem evitar que o ministro caia em provoca\u00e7\u00f5es, como aconteceu com o ministro da Economia, Paulo Guedes, quando foi chamado de &#8220;tchutchuca&#8221; e \u201ctigr\u00e3o\u201d em uma comiss\u00e3o na C\u00e2mara.<\/p>\n<p>Alguns senadores diziam acreditar que muitos colegas n\u00e3o se sentiriam \u00e0 vontade para arguir mais enfaticamente o ministro da Justi\u00e7a devido \u00e0 sua espessa camada de popularidade. Por isso, temiam que a CCJ se tornasse palanque para Moro.<\/p>\n<p>Pesquisa Datafolha realizada no in\u00edcio de abril apontou Moro como o ministro mais popular e mais bem avaliado do governo Bolsonaro.<\/p>\n<p>O presidente da Rep\u00fablica j\u00e1 chegou a dizer que havia feito um acordo com Moro, ao lev\u00e1-lo para o governo, para que fosse indicado para uma vaga no STF (Supremo Tribunal de Justi\u00e7a) \u2014a primeira deve ser aberta no fim de 2020. Depois, negou o acerto e disse apenas que a ideia \u00e9 ter algu\u00e9m com perfil do ex-juiz. <\/p>\n<p>Integrantes de partidos de oposi\u00e7\u00e3o mantiveram o discurso de que Moro deve encontrar um ambiente hostil no Senado.<\/p>\n<p>Nesta ter\u00e7a, a Comiss\u00e3o de Constitui\u00e7\u00e3o e Justi\u00e7a aprovou tamb\u00e9m um requerimento para convidar Deltan Dallagnol a prestar esclarecimentos. Como \u00e9 um convite, o procurador n\u00e3o \u00e9 obrigado a comparecer.<\/p>\n<p>Mais importante colegiado da Casa, a CCJ \u00e9 composta por 54 senadores, 27 titulares e igual n\u00famero de suplentes. No entanto, senadores que n\u00e3o s\u00e3o membros tamb\u00e9m podem fazer perguntas.<\/p>\n<p>A sess\u00e3o est\u00e1 marcada para as 9h. No in\u00edcio, Moro ter\u00e1 meia hora para fazer uma introdu\u00e7\u00e3o. Depois disso, h\u00e1 cinco minutos para pergunta e outros cinco para resposta. O ministro pode ser contraditado por dois minutos e tem o mesmo tempo para a tr\u00e9plica. O acesso ao plen\u00e1rio ser\u00e1 controlado.<\/p>\n<p>Desde que se tornou ministro, Moro tem acumulado derrotas. O mais recente foi quando ele perdeu o Coaf (Conselho de Controle de Atividades Financeiras) para o Minist\u00e9rio da Economia.<\/p>\n<p>Antes disso, ainda em janeiro, ele tentou se desvincular da autoria da ideia de flexibilizar a posse de armas, dizendo nos bastidores estar apenas cumprindo ordens de Bolsonaro.<\/p>\n<p>No caso do esc\u00e2ndalo de candidaturas de laranjas do PSL, reveladas por uma s\u00e9rie de reportagens da Folha, Moro deu apenas declara\u00e7\u00f5es evasivas. Afirmou que a PF iria investigar apenas se \u201chouvesse necessidade\u201d e que n\u00e3o sabia se havia consist\u00eancia nas den\u00fancias. J\u00e1 Bolsonaro determinou, dias depois e de maneira enf\u00e1tica, a abertura de investiga\u00e7\u00f5es para apurar o esquema.<\/p>\n<p>O superministro tamb\u00e9m sofreu revezes em seu projeto anticrime. Por ordem do Pal\u00e1cio do Planalto, a proposta de criminaliza\u00e7\u00e3o do caixa dois, elaborada pelo ministro da Justi\u00e7a, vai tramitar separadamente do restante do pacote. Al\u00e9m disso, por causa da crise das mensagens, a tramita\u00e7\u00e3o travou. O parecer na C\u00e2mara seria apresentado na semana passada, o que n\u00e3o ocorreu.<\/p>\n<p>Outra derrota foi quando Moro se viu obrigado a demitir Ilona Szab\u00f3, especialista em seguran\u00e7a p\u00fablica, por determina\u00e7\u00e3o do presidente da Rep\u00fablica, ap\u00f3s repercuss\u00e3o negativa da nomea\u00e7\u00e3o.<\/p>\n<p>Ilona j\u00e1 havia se dito contr\u00e1ria ao afrouxamento das regras de acesso a armas e criticou a ideia de amplia\u00e7\u00e3o do direito \u00e0 leg\u00edtima defesa que est\u00e1 no projeto do ministro.<\/p>\n","protected":false},"excerpt":{"rendered":"<p>Sob desgaste, ex-juiz dar\u00e1 explica\u00e7\u00f5es sobre mensagens vazadas sobre a Lava Jato<\/p>\n","protected":false},"author":1,"featured_media":0,"comment_status":"closed","ping_status":"open","sticky":false,"template":"","format":"standard","meta":{"_exactmetrics_skip_tracking":false,"_exactmetrics_sitenote_active":false,"_exactmetrics_sitenote_note":"","_exactmetrics_sitenote_category":0,"jetpack_post_was_ever_published":false,"_jetpack_newsletter_access":"","_jetpack_dont_email_post_to_subs":false,"_jetpack_newsletter_tier_id":0,"_jetpack_memberships_contains_paywalled_content":false,"_jetpack_memberships_contains_paid_content":false,"footnotes":"","jetpack_publicize_message":"","jetpack_publicize_feature_enabled":true,"jetpack_social_post_already_shared":true,"jetpack_social_options":{"image_generator_settings":{"template":"highway","enabled":false},"version":2}},"categories":[1],"tags":[],"class_list":["post-22389","post","type-post","status-publish","format-standard","hentry","category-notas"],"jetpack_publicize_connections":[],"jetpack_sharing_enabled":true,"jetpack_featured_media_url":"","jetpack_shortlink":"https:\/\/wp.me\/p7wKYW-5P7","jetpack-related-posts":[],"_links":{"self":[{"href":"http:\/\/blogdalucianaoliveira.com.br\/blog\/wp-json\/wp\/v2\/posts\/22389","targetHints":{"allow":["GET"]}}],"collection":[{"href":"http:\/\/blogdalucianaoliveira.com.br\/blog\/wp-json\/wp\/v2\/posts"}],"about":[{"href":"http:\/\/blogdalucianaoliveira.com.br\/blog\/wp-json\/wp\/v2\/types\/post"}],"author":[{"embeddable":true,"href":"http:\/\/blogdalucianaoliveira.com.br\/blog\/wp-json\/wp\/v2\/users\/1"}],"replies":[{"embeddable":true,"href":"http:\/\/blogdalucianaoliveira.com.br\/blog\/wp-json\/wp\/v2\/comments?post=22389"}],"version-history":[{"count":2,"href":"http:\/\/blogdalucianaoliveira.com.br\/blog\/wp-json\/wp\/v2\/posts\/22389\/revisions"}],"predecessor-version":[{"id":22393,"href":"http:\/\/blogdalucianaoliveira.com.br\/blog\/wp-json\/wp\/v2\/posts\/22389\/revisions\/22393"}],"wp:attachment":[{"href":"http:\/\/blogdalucianaoliveira.com.br\/blog\/wp-json\/wp\/v2\/media?parent=22389"}],"wp:term":[{"taxonomy":"category","embeddable":true,"href":"http:\/\/blogdalucianaoliveira.com.br\/blog\/wp-json\/wp\/v2\/categories?post=22389"},{"taxonomy":"post_tag","embeddable":true,"href":"http:\/\/blogdalucianaoliveira.com.br\/blog\/wp-json\/wp\/v2\/tags?post=22389"}],"curies":[{"name":"wp","href":"https:\/\/api.w.org\/{rel}","templated":true}]}}