{"id":22397,"date":"2019-06-19T07:55:53","date_gmt":"2019-06-19T11:55:53","guid":{"rendered":"http:\/\/blogdalucianaoliveira.com.br\/blog\/?p=22397"},"modified":"2019-06-19T07:55:53","modified_gmt":"2019-06-19T11:55:53","slug":"imprensa-internacional-denuncia-conduta-criminosa-de-moro-e-sua-hipocrisia","status":"publish","type":"post","link":"http:\/\/blogdalucianaoliveira.com.br\/blog\/2019\/06\/19\/imprensa-internacional-denuncia-conduta-criminosa-de-moro-e-sua-hipocrisia\/","title":{"rendered":"Imprensa internacional denuncia conduta criminosa de Moro e sua hipocrisia"},"content":{"rendered":"<p><img data-recalc-dims=\"1\" loading=\"lazy\" decoding=\"async\" data-attachment-id=\"22398\" data-permalink=\"http:\/\/blogdalucianaoliveira.com.br\/blog\/2019\/06\/19\/imprensa-internacional-denuncia-conduta-criminosa-de-moro-e-sua-hipocrisia\/04c02c0f-a068-4f0b-ab2b-8521c1c04ebe\/\" data-orig-file=\"https:\/\/i0.wp.com\/blogdalucianaoliveira.com.br\/blog\/wp-content\/uploads\/2019\/06\/04C02C0F-A068-4F0B-AB2B-8521C1C04EBE.png?fit=768%2C427\" data-orig-size=\"768,427\" data-comments-opened=\"0\" data-image-meta=\"{&quot;aperture&quot;:&quot;0&quot;,&quot;credit&quot;:&quot;&quot;,&quot;camera&quot;:&quot;&quot;,&quot;caption&quot;:&quot;&quot;,&quot;created_timestamp&quot;:&quot;0&quot;,&quot;copyright&quot;:&quot;&quot;,&quot;focal_length&quot;:&quot;0&quot;,&quot;iso&quot;:&quot;0&quot;,&quot;shutter_speed&quot;:&quot;0&quot;,&quot;title&quot;:&quot;&quot;,&quot;orientation&quot;:&quot;0&quot;}\" data-image-title=\"04C02C0F-A068-4F0B-AB2B-8521C1C04EBE\" data-image-description=\"\" data-image-caption=\"\" data-medium-file=\"https:\/\/i0.wp.com\/blogdalucianaoliveira.com.br\/blog\/wp-content\/uploads\/2019\/06\/04C02C0F-A068-4F0B-AB2B-8521C1C04EBE.png?fit=300%2C167\" data-large-file=\"https:\/\/i0.wp.com\/blogdalucianaoliveira.com.br\/blog\/wp-content\/uploads\/2019\/06\/04C02C0F-A068-4F0B-AB2B-8521C1C04EBE.png?fit=600%2C334\" src=\"https:\/\/i0.wp.com\/blogdalucianaoliveira.com.br\/blog\/wp-content\/uploads\/2019\/06\/04C02C0F-A068-4F0B-AB2B-8521C1C04EBE.png?resize=600%2C334\" alt=\"04C02C0F-A068-4F0B-AB2B-8521C1C04EBE\" width=\"600\" height=\"334\" class=\"alignnone size-full wp-image-22398\" srcset=\"https:\/\/i0.wp.com\/blogdalucianaoliveira.com.br\/blog\/wp-content\/uploads\/2019\/06\/04C02C0F-A068-4F0B-AB2B-8521C1C04EBE.png?w=768 768w, https:\/\/i0.wp.com\/blogdalucianaoliveira.com.br\/blog\/wp-content\/uploads\/2019\/06\/04C02C0F-A068-4F0B-AB2B-8521C1C04EBE.png?resize=300%2C167 300w, https:\/\/i0.wp.com\/blogdalucianaoliveira.com.br\/blog\/wp-content\/uploads\/2019\/06\/04C02C0F-A068-4F0B-AB2B-8521C1C04EBE.png?resize=540%2C300 540w\" sizes=\"auto, (max-width: 600px) 100vw, 600px\" \/><\/p>\n<p>Nem dois anos atr\u00e1s, o correspondente do New York Times, Ernesto Londo\u00f1o, estreava no pa\u00eds com um perfil elogioso sobre a \u201caposta de um juiz para limpar o Brasil\u201d, seu t\u00edtulo.<\/p>\n<p>Agora, o novo correspondente do Washington Post, Terrence McCoy, estreia mostrando como as reportagens do site The Intercept \u201camea\u00e7am o legado do juiz \u2018her\u00f3i\u2019 no Brasil\u201d, tamb\u00e9m seu t\u00edtulo.<!--more--><\/p>\n<p>Segundo o WP, \u201cagora Sergio Moro est\u00e1 na posi\u00e7\u00e3o em que colocava tantos outros: no centro de um esc\u00e2ndalo \u00e9tico\u201d. E o \u201cabismo\u201d entre sua personagem p\u00fablica e as mensagens \u201catordoou o Brasil\u201d.<\/p>\n<p>O NYT segue as mudan\u00e7as. Seu principal cr\u00edtico de cinema, A.O. Scott, resenha \u201cThe Edge of Democracy\u201d (Democracia em Vertigem no t\u00edtulo brasileiro), que est\u00e1 na Netflix.<\/p>\n<p>O filme aborda a queda de Dilma e a pris\u00e3o de Lula e, com Jair Bolsonaro na \u201conda global do populismo autorit\u00e1rio\u201d, da Hungria \u00e0s Filipinas, responde \u00e0 pergunta que \u201cassombra seus espectadores onde quer que estejam: O que aconteceu?\u201d.<\/p>\n<p>O tratamento de Lula e Dilma no document\u00e1rio de Petra Costa carrega alguma cr\u00edtica, o que s\u00f3 faz \u201cagu\u00e7ar sua vis\u00e3o de uma trama de interesses e, ao mesmo tempo, uma saga de for\u00e7as e mudan\u00e7as hist\u00f3ricas de poder e ideologia\u201d.<\/p>\n<p>Na Science, \u201cGoverno brasileiro \u00e9 acusado de suprimir dados que questionariam sua guerra contra drogas\u201d. A revista da Associa\u00e7\u00e3o Americana para o Progresso da Ci\u00eancia (AAAS) fala em \u201cepidemia de drogas\u201d no pa\u00eds e publica que, segundo pesquisadores, \u201cautoridades suprimiram a publica\u00e7\u00e3o de uma pesquisa sobre uso de drogas realizada pela renomada Funda\u00e7\u00e3o Oswaldo Cruz\u201d.<\/p>\n<p>A censura teria come\u00e7ado \u201cno governo de Michel Temer, muito conservador, e prosseguido no atual, de Bolsonaro, de extrema direita\u201d.<\/p>\n<p>Da FSP<\/p>\n","protected":false},"excerpt":{"rendered":"<p>Nem dois anos atr\u00e1s, o correspondente do New York Times, Ernesto Londo\u00f1o, estreava no pa\u00eds com um perfil elogioso sobre a \u201caposta de um juiz para limpar o Brasil\u201d, seu t\u00edtulo. Agora, o novo correspondente do Washington Post, Terrence McCoy, estreia mostrando como as reportagens do site The Intercept \u201camea\u00e7am o legado do juiz \u2018her\u00f3i\u2019&#8230;<a class=\"more-link\" href=\"http:\/\/blogdalucianaoliveira.com.br\/blog\/2019\/06\/19\/imprensa-internacional-denuncia-conduta-criminosa-de-moro-e-sua-hipocrisia\/\">Continue a leitura <span class=\"meta-nav\">&raquo;<\/span><\/a><\/p>\n","protected":false},"author":1,"featured_media":0,"comment_status":"closed","ping_status":"open","sticky":false,"template":"","format":"standard","meta":{"_exactmetrics_skip_tracking":false,"_exactmetrics_sitenote_active":false,"_exactmetrics_sitenote_note":"","_exactmetrics_sitenote_category":0,"jetpack_post_was_ever_published":false,"_jetpack_newsletter_access":"","_jetpack_dont_email_post_to_subs":false,"_jetpack_newsletter_tier_id":0,"_jetpack_memberships_contains_paywalled_content":false,"_jetpack_memberships_contains_paid_content":false,"footnotes":"","jetpack_publicize_message":"","jetpack_publicize_feature_enabled":true,"jetpack_social_post_already_shared":true,"jetpack_social_options":{"image_generator_settings":{"template":"highway","enabled":false},"version":2}},"categories":[1],"tags":[],"class_list":["post-22397","post","type-post","status-publish","format-standard","hentry","category-notas"],"jetpack_publicize_connections":[],"jetpack_sharing_enabled":true,"jetpack_featured_media_url":"","jetpack_shortlink":"https:\/\/wp.me\/p7wKYW-5Pf","jetpack-related-posts":[],"_links":{"self":[{"href":"http:\/\/blogdalucianaoliveira.com.br\/blog\/wp-json\/wp\/v2\/posts\/22397","targetHints":{"allow":["GET"]}}],"collection":[{"href":"http:\/\/blogdalucianaoliveira.com.br\/blog\/wp-json\/wp\/v2\/posts"}],"about":[{"href":"http:\/\/blogdalucianaoliveira.com.br\/blog\/wp-json\/wp\/v2\/types\/post"}],"author":[{"embeddable":true,"href":"http:\/\/blogdalucianaoliveira.com.br\/blog\/wp-json\/wp\/v2\/users\/1"}],"replies":[{"embeddable":true,"href":"http:\/\/blogdalucianaoliveira.com.br\/blog\/wp-json\/wp\/v2\/comments?post=22397"}],"version-history":[{"count":1,"href":"http:\/\/blogdalucianaoliveira.com.br\/blog\/wp-json\/wp\/v2\/posts\/22397\/revisions"}],"predecessor-version":[{"id":22399,"href":"http:\/\/blogdalucianaoliveira.com.br\/blog\/wp-json\/wp\/v2\/posts\/22397\/revisions\/22399"}],"wp:attachment":[{"href":"http:\/\/blogdalucianaoliveira.com.br\/blog\/wp-json\/wp\/v2\/media?parent=22397"}],"wp:term":[{"taxonomy":"category","embeddable":true,"href":"http:\/\/blogdalucianaoliveira.com.br\/blog\/wp-json\/wp\/v2\/categories?post=22397"},{"taxonomy":"post_tag","embeddable":true,"href":"http:\/\/blogdalucianaoliveira.com.br\/blog\/wp-json\/wp\/v2\/tags?post=22397"}],"curies":[{"name":"wp","href":"https:\/\/api.w.org\/{rel}","templated":true}]}}