{"id":22409,"date":"2019-06-19T16:54:00","date_gmt":"2019-06-19T20:54:00","guid":{"rendered":"http:\/\/blogdalucianaoliveira.com.br\/blog\/?p=22409"},"modified":"2019-06-19T16:54:00","modified_gmt":"2019-06-19T20:54:00","slug":"abraji-condena-ataques-de-moro-ao-site-intercept","status":"publish","type":"post","link":"http:\/\/blogdalucianaoliveira.com.br\/blog\/2019\/06\/19\/abraji-condena-ataques-de-moro-ao-site-intercept\/","title":{"rendered":"Abraji condena ataques de Moro ao site Intercept"},"content":{"rendered":"<p><img data-recalc-dims=\"1\" loading=\"lazy\" decoding=\"async\" data-attachment-id=\"22410\" data-permalink=\"http:\/\/blogdalucianaoliveira.com.br\/blog\/2019\/06\/19\/abraji-condena-ataques-de-moro-ao-site-intercept\/cana-4\/\" data-orig-file=\"https:\/\/i0.wp.com\/blogdalucianaoliveira.com.br\/blog\/wp-content\/uploads\/2019\/06\/cana.jpeg?fit=1250%2C600\" data-orig-size=\"1250,600\" data-comments-opened=\"0\" data-image-meta=\"{&quot;aperture&quot;:&quot;0&quot;,&quot;credit&quot;:&quot;&quot;,&quot;camera&quot;:&quot;&quot;,&quot;caption&quot;:&quot;&quot;,&quot;created_timestamp&quot;:&quot;0&quot;,&quot;copyright&quot;:&quot;&quot;,&quot;focal_length&quot;:&quot;0&quot;,&quot;iso&quot;:&quot;0&quot;,&quot;shutter_speed&quot;:&quot;0&quot;,&quot;title&quot;:&quot;&quot;,&quot;orientation&quot;:&quot;0&quot;}\" data-image-title=\"cana\" data-image-description=\"\" data-image-caption=\"\" data-medium-file=\"https:\/\/i0.wp.com\/blogdalucianaoliveira.com.br\/blog\/wp-content\/uploads\/2019\/06\/cana.jpeg?fit=300%2C144\" data-large-file=\"https:\/\/i0.wp.com\/blogdalucianaoliveira.com.br\/blog\/wp-content\/uploads\/2019\/06\/cana.jpeg?fit=600%2C288\" src=\"https:\/\/i0.wp.com\/blogdalucianaoliveira.com.br\/blog\/wp-content\/uploads\/2019\/06\/cana.jpeg?resize=600%2C288\" alt=\"cana\" width=\"600\" height=\"288\" class=\"alignnone size-full wp-image-22410\" srcset=\"https:\/\/i0.wp.com\/blogdalucianaoliveira.com.br\/blog\/wp-content\/uploads\/2019\/06\/cana.jpeg?w=1250 1250w, https:\/\/i0.wp.com\/blogdalucianaoliveira.com.br\/blog\/wp-content\/uploads\/2019\/06\/cana.jpeg?resize=300%2C144 300w, https:\/\/i0.wp.com\/blogdalucianaoliveira.com.br\/blog\/wp-content\/uploads\/2019\/06\/cana.jpeg?resize=768%2C369 768w, https:\/\/i0.wp.com\/blogdalucianaoliveira.com.br\/blog\/wp-content\/uploads\/2019\/06\/cana.jpeg?resize=1024%2C492 1024w, https:\/\/i0.wp.com\/blogdalucianaoliveira.com.br\/blog\/wp-content\/uploads\/2019\/06\/cana.jpeg?resize=625%2C300 625w, https:\/\/i0.wp.com\/blogdalucianaoliveira.com.br\/blog\/wp-content\/uploads\/2019\/06\/cana.jpeg?w=1200 1200w\" sizes=\"auto, (max-width: 600px) 100vw, 600px\" \/><\/p>\n<p>\u201cTentativas de intimidar e silenciar um ve\u00edculo s\u00e3o a\u00e7\u00f5es t\u00edpicas de contextos autorit\u00e1rios e n\u00e3o podem ser tolerados na democracia que rege o pa\u00eds\u201d, diz em nota a Associa\u00e7\u00e3o Brasileira de Jornalismo Investigativo<!--more--><\/p>\n<p>247 &#8211; A Associa\u00e7\u00e3o Brasileira de Jornalismo Investigativo (Abraji) disse, em nota, repudiar os ataques feitos pelo ex-juiz federal e atual ministro da Justi\u00e7a, S\u00e9rgio Moro, contra o jornalista Glenn Greenwald e a equipe do site The Intercept Brasil em decorr\u00eancia das trocas de mensagens entre ele e integrantes da Lava Jato. <\/p>\n<p>Para a Abraji, Moro \u2013 assim como parlamentares do PSL \u2013 erram ao afirmar que o ve\u00edculo de comunica\u00e7\u00e3o \u00e9 c\u00famplice de crime ao divulgar informa\u00e7\u00f5es de interesse p\u00fablico. <\/p>\n<p>\u201cTentativas de intimidar e silenciar um ve\u00edculo s\u00e3o a\u00e7\u00f5es t\u00edpicas de contextos autorit\u00e1rios e n\u00e3o podem ser tolerados na democracia que rege o pa\u00eds\u201d, diz a Abraji na nota. <\/p>\n<p>Confira a \u00edntegra da nota da Abraji. <\/p>\n<p>Abraji repudia ataques a Glenn Greenwald e equipe do Intercept<\/p>\n<p>A publica\u00e7\u00e3o de di\u00e1logos de autoridades relacionadas \u00e0 opera\u00e7\u00e3o Lava Jato, feita pelo site The Intercept, gerou ataques descabidos aos jornalistas respons\u00e1veis pela s\u00e9rie de reportagens.<\/p>\n<p>O ministro da Justi\u00e7a, Sergio Moro, chamou o Intercept, no Twitter, de \u201csite aliado a hackers criminosos\u201d (14.jun.2019). Trata-se de uma manifesta\u00e7\u00e3o preocupante de um ministro que j\u00e1 deu diversas declara\u00e7\u00f5es p\u00fablicas de respeito ao papel da imprensa e \u00e0 liberdade de express\u00e3o. Moro, que \u00e9 um dos convidados do 14\u00ba Congresso Internacional de Jornalismo Investigativo, que a Abraji realizar\u00e1 de 27 a 29 de junho, erra ao insinuar que um ve\u00edculo \u00e9 c\u00famplice de crime ao divulgar informa\u00e7\u00f5es de interesse p\u00fablico. O Intercept alega que recebeu de uma fonte an\u00f4nima mensagens privadas de Moro e de procuradores da Lava Jato. Jornalistas e ve\u00edculos n\u00e3o s\u00e3o respons\u00e1veis pela forma como a fonte obt\u00e9m as informa\u00e7\u00f5es. <\/p>\n<p>Na tarde da \u00faltima quinta-feira (13.jun.2019), o deputado federal Carlos Jordy (PSL-RJ) amea\u00e7ou de \u201cdeporta\u00e7\u00e3o\u201d o jornalista Glenn Greenwald, do Intercept, acusando-o de cometer \u201ccrimes contra a seguran\u00e7a nacional\u201d. No dia anterior, Jordy apresentou uma proposta para convidar Greenwald a prestar esclarecimentos sobre a divulga\u00e7\u00e3o de conversas entre Sergio Moro e o procurador federal Deltan Dallagnol. Junto com Filipe Barros (PSL-PR), Jordy tenta ainda instaurar uma CPI para \u201cinvestigar as atividades dos respons\u00e1veis pela criminosa intercepta\u00e7\u00e3o e divulga\u00e7\u00e3o de conversas\u201d.<\/p>\n<p>A onda de ataques a Greenwald come\u00e7ou logo ap\u00f3s a publica\u00e7\u00e3o das primeiras partes da s\u00e9rie \u201cAs mensagens secretas da Lava Jato\u201d.<\/p>\n<p>Na segunda-feira (10.jun.2019), uma a\u00e7\u00e3o coordenada no Twitter colocou #DeportaGlennGreenwald como um dos assuntos mais comentados na plataforma. Os ataques e pe\u00e7as de desinforma\u00e7\u00e3o tamb\u00e9m tiveram como alvo o deputado David Miranda (PSOL-RJ), casado com Greenwald.<\/p>\n<p>Heitor Freire (CE) e Charlles Evangelista (MG), deputados federais do PSL, distribu\u00edram em suas redes sociais montagens com fotos de Greenwald e afirma\u00e7\u00f5es falsas de que David Miranda \u00e9 acusado de terrorismo e condenado por crime contra a seguran\u00e7a do Reino Unido. Paulo Eduardo Martins (PSC-PR) tamb\u00e9m publicou conte\u00fado semelhante.<\/p>\n<p>A Abraji manifesta solidariedade a Glenn Greenwald e repudia os ataques direcionados a ele, \u00e0 sua fam\u00edlia e a seus colegas do Intercept, especialmente os que partem de agentes p\u00fablicos. Tentativas de intimidar e silenciar um ve\u00edculo s\u00e3o a\u00e7\u00f5es t\u00edpicas de contextos autorit\u00e1rios e n\u00e3o podem ser tolerados na democracia que rege o pa\u00eds.<\/p>\n<p>Diretoria da Abraji, 19 de junho de 2019.<\/p>\n","protected":false},"excerpt":{"rendered":"<p>\u201cTentativas de intimidar e silenciar um ve\u00edculo s\u00e3o a\u00e7\u00f5es t\u00edpicas de contextos autorit\u00e1rios e n\u00e3o podem ser tolerados na democracia que rege o pa\u00eds\u201d, diz em nota a Associa\u00e7\u00e3o Brasileira de Jornalismo Investigativo<\/p>\n","protected":false},"author":1,"featured_media":0,"comment_status":"closed","ping_status":"open","sticky":false,"template":"","format":"standard","meta":{"_exactmetrics_skip_tracking":false,"_exactmetrics_sitenote_active":false,"_exactmetrics_sitenote_note":"","_exactmetrics_sitenote_category":0,"jetpack_post_was_ever_published":false,"_jetpack_newsletter_access":"","_jetpack_dont_email_post_to_subs":false,"_jetpack_newsletter_tier_id":0,"_jetpack_memberships_contains_paywalled_content":false,"_jetpack_memberships_contains_paid_content":false,"footnotes":"","jetpack_publicize_message":"","jetpack_publicize_feature_enabled":true,"jetpack_social_post_already_shared":true,"jetpack_social_options":{"image_generator_settings":{"template":"highway","enabled":false},"version":2}},"categories":[1],"tags":[],"class_list":["post-22409","post","type-post","status-publish","format-standard","hentry","category-notas"],"jetpack_publicize_connections":[],"jetpack_sharing_enabled":true,"jetpack_featured_media_url":"","jetpack_shortlink":"https:\/\/wp.me\/p7wKYW-5Pr","jetpack-related-posts":[],"_links":{"self":[{"href":"http:\/\/blogdalucianaoliveira.com.br\/blog\/wp-json\/wp\/v2\/posts\/22409","targetHints":{"allow":["GET"]}}],"collection":[{"href":"http:\/\/blogdalucianaoliveira.com.br\/blog\/wp-json\/wp\/v2\/posts"}],"about":[{"href":"http:\/\/blogdalucianaoliveira.com.br\/blog\/wp-json\/wp\/v2\/types\/post"}],"author":[{"embeddable":true,"href":"http:\/\/blogdalucianaoliveira.com.br\/blog\/wp-json\/wp\/v2\/users\/1"}],"replies":[{"embeddable":true,"href":"http:\/\/blogdalucianaoliveira.com.br\/blog\/wp-json\/wp\/v2\/comments?post=22409"}],"version-history":[{"count":1,"href":"http:\/\/blogdalucianaoliveira.com.br\/blog\/wp-json\/wp\/v2\/posts\/22409\/revisions"}],"predecessor-version":[{"id":22411,"href":"http:\/\/blogdalucianaoliveira.com.br\/blog\/wp-json\/wp\/v2\/posts\/22409\/revisions\/22411"}],"wp:attachment":[{"href":"http:\/\/blogdalucianaoliveira.com.br\/blog\/wp-json\/wp\/v2\/media?parent=22409"}],"wp:term":[{"taxonomy":"category","embeddable":true,"href":"http:\/\/blogdalucianaoliveira.com.br\/blog\/wp-json\/wp\/v2\/categories?post=22409"},{"taxonomy":"post_tag","embeddable":true,"href":"http:\/\/blogdalucianaoliveira.com.br\/blog\/wp-json\/wp\/v2\/tags?post=22409"}],"curies":[{"name":"wp","href":"https:\/\/api.w.org\/{rel}","templated":true}]}}