{"id":2241,"date":"2016-07-11T09:58:49","date_gmt":"2016-07-11T13:58:49","guid":{"rendered":"http:\/\/blogdalucianaoliveira.com.br\/blog\/?p=2241"},"modified":"2016-07-11T09:58:49","modified_gmt":"2016-07-11T13:58:49","slug":"se-educarmos-as-criancas-nao-precisaremos-punir-os-homens","status":"publish","type":"post","link":"http:\/\/blogdalucianaoliveira.com.br\/blog\/2016\/07\/11\/se-educarmos-as-criancas-nao-precisaremos-punir-os-homens\/","title":{"rendered":"Se educarmos as crian\u00e7as n\u00e3o precisaremos punir os homens"},"content":{"rendered":"<p><img data-recalc-dims=\"1\" loading=\"lazy\" decoding=\"async\" data-attachment-id=\"2242\" data-permalink=\"http:\/\/blogdalucianaoliveira.com.br\/blog\/2016\/07\/11\/se-educarmos-as-criancas-nao-precisaremos-punir-os-homens\/image-504\/\" data-orig-file=\"https:\/\/i0.wp.com\/blogdalucianaoliveira.com.br\/blog\/wp-content\/uploads\/2016\/07\/image-56.jpeg?fit=1080%2C1080\" data-orig-size=\"1080,1080\" data-comments-opened=\"0\" data-image-meta=\"{&quot;aperture&quot;:&quot;0&quot;,&quot;credit&quot;:&quot;&quot;,&quot;camera&quot;:&quot;&quot;,&quot;caption&quot;:&quot;&quot;,&quot;created_timestamp&quot;:&quot;0&quot;,&quot;copyright&quot;:&quot;&quot;,&quot;focal_length&quot;:&quot;0&quot;,&quot;iso&quot;:&quot;0&quot;,&quot;shutter_speed&quot;:&quot;0&quot;,&quot;title&quot;:&quot;&quot;,&quot;orientation&quot;:&quot;1&quot;}\" data-image-title=\"image\" data-image-description=\"\" data-image-caption=\"\" data-medium-file=\"https:\/\/i0.wp.com\/blogdalucianaoliveira.com.br\/blog\/wp-content\/uploads\/2016\/07\/image-56.jpeg?fit=300%2C300\" data-large-file=\"https:\/\/i0.wp.com\/blogdalucianaoliveira.com.br\/blog\/wp-content\/uploads\/2016\/07\/image-56.jpeg?fit=600%2C600\" src=\"https:\/\/i0.wp.com\/blogdalucianaoliveira.com.br\/blog\/wp-content\/uploads\/2016\/07\/image-56.jpeg?resize=600%2C600\" alt=\"image\" width=\"600\" height=\"600\" class=\"alignnone size-full wp-image-2242\" srcset=\"https:\/\/i0.wp.com\/blogdalucianaoliveira.com.br\/blog\/wp-content\/uploads\/2016\/07\/image-56.jpeg?w=1080 1080w, https:\/\/i0.wp.com\/blogdalucianaoliveira.com.br\/blog\/wp-content\/uploads\/2016\/07\/image-56.jpeg?resize=150%2C150 150w, https:\/\/i0.wp.com\/blogdalucianaoliveira.com.br\/blog\/wp-content\/uploads\/2016\/07\/image-56.jpeg?resize=300%2C300 300w, https:\/\/i0.wp.com\/blogdalucianaoliveira.com.br\/blog\/wp-content\/uploads\/2016\/07\/image-56.jpeg?resize=768%2C768 768w, https:\/\/i0.wp.com\/blogdalucianaoliveira.com.br\/blog\/wp-content\/uploads\/2016\/07\/image-56.jpeg?resize=1024%2C1024 1024w\" sizes=\"auto, (max-width: 600px) 100vw, 600px\" \/><\/p>\n<p>Dia 13 de Julho est\u00e1 chegando, data em que o Estatuto da Crian\u00e7a e do Adolescente completa 26 anos sem ser cumprido integralmente e diante da conjuntura atual percebemos um movimento reacion\u00e1rio por parte do congresso golpista em realizar altera\u00e7\u00f5es em seus artigos sem que de fato tenha sido efetuado.<!--more--><\/p>\n<p>Em raz\u00e3o disso vamos realizar uma grande ocupa\u00e7\u00e3o das ruas, numa grande parada pedag\u00f3gica contra qualquer tipo de amea\u00e7as, ofensas e retrocessos aos direitos humanos das Crian\u00e7as e dos Adolescentes.<\/p>\n<p>Militantes e lutadores\/as do povo brasileiro vamos pras ruas no dia 13\/07, anivers\u00e1rio do Estatuto da Crian\u00e7a e do Adolescente contra a criminaliza\u00e7\u00e3o da nossa inf\u00e2ncia, juventude e adolesc\u00eancia, Contra a Redu\u00e7\u00e3o da Idade Penal, Contra o Aumento do Per\u00edodo de Interna\u00e7\u00e3o e Contra a Cultura do Estupro.<\/p>\n<p> Vamos pras ruas defender os nossos direitos, os direitos das nossas crian\u00e7as?<\/p>\n<p>Ou vamos ficar no &#8220;conforto&#8221; das nossas v\u00e1rias formas de moradia, com a boca escancarada cheia de dentes esperando v\u00ea-los o estatuto rasgar?<\/p>\n<p>#26AnosdoEstatuto<br \/>\n#ItaloVive<br \/>\n#ForaTemer<\/p>\n<p>Att,<br \/>\nFrente Nacional Contra a Redu\u00e7\u00e3o da Idade Penal &#8211; SP<\/p>\n","protected":false},"excerpt":{"rendered":"<p>Dia 13 de Julho est\u00e1 chegando, data em que o Estatuto da Crian\u00e7a e do Adolescente completa 26 anos sem ser cumprido integralmente e diante da conjuntura atual percebemos um movimento reacion\u00e1rio por parte do congresso golpista em realizar altera\u00e7\u00f5es em seus artigos sem que de fato tenha sido efetuado.<\/p>\n","protected":false},"author":1,"featured_media":0,"comment_status":"closed","ping_status":"open","sticky":false,"template":"","format":"standard","meta":{"_exactmetrics_skip_tracking":false,"_exactmetrics_sitenote_active":false,"_exactmetrics_sitenote_note":"","_exactmetrics_sitenote_category":0,"jetpack_post_was_ever_published":false,"_jetpack_newsletter_access":"","_jetpack_dont_email_post_to_subs":false,"_jetpack_newsletter_tier_id":0,"_jetpack_memberships_contains_paywalled_content":false,"_jetpack_memberships_contains_paid_content":false,"footnotes":"","jetpack_publicize_message":"","jetpack_publicize_feature_enabled":true,"jetpack_social_post_already_shared":true,"jetpack_social_options":{"image_generator_settings":{"template":"highway","enabled":false},"version":2}},"categories":[1],"tags":[],"class_list":["post-2241","post","type-post","status-publish","format-standard","hentry","category-notas"],"jetpack_publicize_connections":[],"jetpack_sharing_enabled":true,"jetpack_featured_media_url":"","jetpack_shortlink":"https:\/\/wp.me\/p7wKYW-A9","jetpack-related-posts":[],"_links":{"self":[{"href":"http:\/\/blogdalucianaoliveira.com.br\/blog\/wp-json\/wp\/v2\/posts\/2241","targetHints":{"allow":["GET"]}}],"collection":[{"href":"http:\/\/blogdalucianaoliveira.com.br\/blog\/wp-json\/wp\/v2\/posts"}],"about":[{"href":"http:\/\/blogdalucianaoliveira.com.br\/blog\/wp-json\/wp\/v2\/types\/post"}],"author":[{"embeddable":true,"href":"http:\/\/blogdalucianaoliveira.com.br\/blog\/wp-json\/wp\/v2\/users\/1"}],"replies":[{"embeddable":true,"href":"http:\/\/blogdalucianaoliveira.com.br\/blog\/wp-json\/wp\/v2\/comments?post=2241"}],"version-history":[{"count":1,"href":"http:\/\/blogdalucianaoliveira.com.br\/blog\/wp-json\/wp\/v2\/posts\/2241\/revisions"}],"predecessor-version":[{"id":2243,"href":"http:\/\/blogdalucianaoliveira.com.br\/blog\/wp-json\/wp\/v2\/posts\/2241\/revisions\/2243"}],"wp:attachment":[{"href":"http:\/\/blogdalucianaoliveira.com.br\/blog\/wp-json\/wp\/v2\/media?parent=2241"}],"wp:term":[{"taxonomy":"category","embeddable":true,"href":"http:\/\/blogdalucianaoliveira.com.br\/blog\/wp-json\/wp\/v2\/categories?post=2241"},{"taxonomy":"post_tag","embeddable":true,"href":"http:\/\/blogdalucianaoliveira.com.br\/blog\/wp-json\/wp\/v2\/tags?post=2241"}],"curies":[{"name":"wp","href":"https:\/\/api.w.org\/{rel}","templated":true}]}}