{"id":22416,"date":"2019-06-19T19:19:46","date_gmt":"2019-06-19T23:19:46","guid":{"rendered":"http:\/\/blogdalucianaoliveira.com.br\/blog\/?p=22416"},"modified":"2019-06-19T20:41:04","modified_gmt":"2019-06-20T00:41:04","slug":"um-dia-de-alegria-para-um-homem-preso-e-de-tristeza-para-um-solto","status":"publish","type":"post","link":"http:\/\/blogdalucianaoliveira.com.br\/blog\/2019\/06\/19\/um-dia-de-alegria-para-um-homem-preso-e-de-tristeza-para-um-solto\/","title":{"rendered":"Um dia de alegria para um homem preso e de tristeza para um solto"},"content":{"rendered":"<p><img data-recalc-dims=\"1\" loading=\"lazy\" decoding=\"async\" data-attachment-id=\"22418\" data-permalink=\"http:\/\/blogdalucianaoliveira.com.br\/blog\/2019\/06\/19\/um-dia-de-alegria-para-um-homem-preso-e-de-tristeza-para-um-solto\/tiste\/\" data-orig-file=\"https:\/\/i0.wp.com\/blogdalucianaoliveira.com.br\/blog\/wp-content\/uploads\/2019\/06\/tiste.jpg?fit=1086%2C652\" data-orig-size=\"1086,652\" data-comments-opened=\"0\" data-image-meta=\"{&quot;aperture&quot;:&quot;0&quot;,&quot;credit&quot;:&quot;&quot;,&quot;camera&quot;:&quot;&quot;,&quot;caption&quot;:&quot;&quot;,&quot;created_timestamp&quot;:&quot;0&quot;,&quot;copyright&quot;:&quot;&quot;,&quot;focal_length&quot;:&quot;0&quot;,&quot;iso&quot;:&quot;0&quot;,&quot;shutter_speed&quot;:&quot;0&quot;,&quot;title&quot;:&quot;&quot;,&quot;orientation&quot;:&quot;0&quot;}\" data-image-title=\"tiste\" data-image-description=\"\" data-image-caption=\"\" data-medium-file=\"https:\/\/i0.wp.com\/blogdalucianaoliveira.com.br\/blog\/wp-content\/uploads\/2019\/06\/tiste.jpg?fit=300%2C180\" data-large-file=\"https:\/\/i0.wp.com\/blogdalucianaoliveira.com.br\/blog\/wp-content\/uploads\/2019\/06\/tiste.jpg?fit=600%2C360\" src=\"https:\/\/i0.wp.com\/blogdalucianaoliveira.com.br\/blog\/wp-content\/uploads\/2019\/06\/tiste.jpg?resize=600%2C360\" alt=\"tiste\" width=\"600\" height=\"360\" class=\"alignnone size-full wp-image-22418\" srcset=\"https:\/\/i0.wp.com\/blogdalucianaoliveira.com.br\/blog\/wp-content\/uploads\/2019\/06\/tiste.jpg?w=1086 1086w, https:\/\/i0.wp.com\/blogdalucianaoliveira.com.br\/blog\/wp-content\/uploads\/2019\/06\/tiste.jpg?resize=300%2C180 300w, https:\/\/i0.wp.com\/blogdalucianaoliveira.com.br\/blog\/wp-content\/uploads\/2019\/06\/tiste.jpg?resize=768%2C461 768w, https:\/\/i0.wp.com\/blogdalucianaoliveira.com.br\/blog\/wp-content\/uploads\/2019\/06\/tiste.jpg?resize=1024%2C615 1024w, https:\/\/i0.wp.com\/blogdalucianaoliveira.com.br\/blog\/wp-content\/uploads\/2019\/06\/tiste.jpg?resize=500%2C300 500w\" sizes=\"auto, (max-width: 600px) 100vw, 600px\" \/><br \/>\nFoto: Jorge William\/O Globo<\/p>\n<p>Do lado de fora, o gigante infl\u00e1vel \u2018Super-Moro\u2019.<br \/>\nDentro, a mentira com pernas curtas.<\/p>\n<p>O ministro da justi\u00e7a S\u00e9rgio Moro perdeu o superpoder do ilusionismo. Nada levou \u00e0 Comiss\u00e3o de Constitui\u00e7\u00e3o e Justi\u00e7a do Senado que pudesse melhorar a estatura moral apequenada com as reportagens do site The Intercept.<!--more--><\/p>\n<p>Foram mais de oito horas dando explica\u00e7\u00f5es sobre di\u00e1logos divulgados pelo site que o colocam como protagonista da maior farsa judicial do pa\u00eds. <\/p>\n<p>Dezenas de senadores se revezaram nos questionamentos, um supl\u00edcio prolongado para quem tem que se defender da acusa\u00e7\u00e3o de trapa\u00e7a como juiz, em conluio com procuradores.<\/p>\n<p>Moro n\u00e3o surpreendeu, insistiu em negar import\u00e2ncia ao conte\u00fado das reportagens e dar relev\u00e2ncia a forma como foram obtidas as informa\u00e7\u00f5es da maior fraude judicial do pa\u00eds.<\/p>\n<p>&#8220;Grupo de hackers criminoso, organizado, invadiu conversas de autoridades p\u00fablicas&#8221;, disse o ministro.<\/p>\n<p>H\u00e1 quem diga exatamente o contr\u00e1rio: grupo de autoridades p\u00fablicas, criminoso, organizado, invadiu processos para corromper direitos, derrubar e eleger governo.<\/p>\n<p>Moro, que agiu com absoluto e inquestion\u00e1vel sensacionalismo quando era juiz na Lava Jato com vazamentos de conversas que lhe renderam pedido de desculpas ao STF por ultrapassar seus poderes, reclamou de pirotecnia midi\u00e1tica.<\/p>\n<p>Resumindo, sensacionalismo \u00e9 bom contra os outros.<\/p>\n<p>O senador Jaques Wagner (PT) provocou: \u201cfoi medida sensacionalista divulgar conversas grampeadas de Dilma?\u201d<\/p>\n<p>Tamb\u00e9m n\u00e3o colou o truque de usar a Lava Jato como escudo para se proteger manipulando a opini\u00e3o p\u00fablica a seu favor. <\/p>\n<p>Foi lembrado v\u00e1rias vezes que o que est\u00e1 em debate n\u00e3o \u00e9 a import\u00e2ncia da for\u00e7a-tarefa contra a corrup\u00e7\u00e3o, mas quantos e o quanto a emporcalharam para interferir no resultado das elei\u00e7\u00f5es de 2018.<\/p>\n<p>Se Moro realmente estivesse preocupado com a credibilidade da Lava Jato, se afastaria imediatamente do cargo de ministro para n\u00e3o levantar suspeitas nas investiga\u00e7\u00f5es da Pol\u00edcia Federal.<\/p>\n<p>Nem bem come\u00e7aram e o ministro j\u00e1 chamou o Intercept de \u201csite aliado a hackers criminosos\u201d.<\/p>\n<p>A Associa\u00e7\u00e3o Brasileira de Jornalismo Investigativo (Abraji) reagiu com nota de rep\u00fadio \u00e0 tentativa de intimidar o ve\u00edculo e o jornalista Glenn Greenwald.<\/p>\n<p>\u201cTentativas de intimidar e silenciar um ve\u00edculo s\u00e3o a\u00e7\u00f5es t\u00edpicas de contextos autorit\u00e1rios e n\u00e3o podem ser tolerados na democracia que rege o pa\u00eds\u201d.<\/p>\n<p>Hoje Lula certamente dorme melhor que Moro.<\/p>\n<p>Lula sempre se referiu a Moro como mentiroso, mas confiante de que mais dia, menos dia, seria desmoralizado.<\/p>\n<p>Hoje foi um dia de c\u00e3o para o ex-juiz superpoderoso.<\/p>\n<p>Moro n\u00e3o convenceu de que fala a verdade e fortaleceu as suspeitas de que mente sendo repetitivo e apelativo. <\/p>\n<p>Cai como uma luva aquela do Millor: \u201cjamais diga uma mentira que n\u00e3o possa provar\u201d.<\/p>\n","protected":false},"excerpt":{"rendered":"<p>Foto: Jorge William\/O Globo Do lado de fora, o gigante infl\u00e1vel \u2018Super-Moro\u2019. Dentro, a mentira com pernas curtas. O ministro da justi\u00e7a S\u00e9rgio Moro perdeu o superpoder do ilusionismo. Nada levou \u00e0 Comiss\u00e3o de Constitui\u00e7\u00e3o e Justi\u00e7a do Senado que pudesse melhorar a estatura moral apequenada com as reportagens do site The Intercept.<\/p>\n","protected":false},"author":1,"featured_media":0,"comment_status":"closed","ping_status":"open","sticky":false,"template":"","format":"standard","meta":{"_exactmetrics_skip_tracking":false,"_exactmetrics_sitenote_active":false,"_exactmetrics_sitenote_note":"","_exactmetrics_sitenote_category":0,"jetpack_post_was_ever_published":false,"_jetpack_newsletter_access":"","_jetpack_dont_email_post_to_subs":false,"_jetpack_newsletter_tier_id":0,"_jetpack_memberships_contains_paywalled_content":false,"_jetpack_memberships_contains_paid_content":false,"footnotes":"","jetpack_publicize_message":"","jetpack_publicize_feature_enabled":true,"jetpack_social_post_already_shared":true,"jetpack_social_options":{"image_generator_settings":{"template":"highway","enabled":false},"version":2}},"categories":[1],"tags":[],"class_list":["post-22416","post","type-post","status-publish","format-standard","hentry","category-notas"],"jetpack_publicize_connections":[],"jetpack_sharing_enabled":true,"jetpack_featured_media_url":"","jetpack_shortlink":"https:\/\/wp.me\/p7wKYW-5Py","jetpack-related-posts":[],"_links":{"self":[{"href":"http:\/\/blogdalucianaoliveira.com.br\/blog\/wp-json\/wp\/v2\/posts\/22416","targetHints":{"allow":["GET"]}}],"collection":[{"href":"http:\/\/blogdalucianaoliveira.com.br\/blog\/wp-json\/wp\/v2\/posts"}],"about":[{"href":"http:\/\/blogdalucianaoliveira.com.br\/blog\/wp-json\/wp\/v2\/types\/post"}],"author":[{"embeddable":true,"href":"http:\/\/blogdalucianaoliveira.com.br\/blog\/wp-json\/wp\/v2\/users\/1"}],"replies":[{"embeddable":true,"href":"http:\/\/blogdalucianaoliveira.com.br\/blog\/wp-json\/wp\/v2\/comments?post=22416"}],"version-history":[{"count":3,"href":"http:\/\/blogdalucianaoliveira.com.br\/blog\/wp-json\/wp\/v2\/posts\/22416\/revisions"}],"predecessor-version":[{"id":22421,"href":"http:\/\/blogdalucianaoliveira.com.br\/blog\/wp-json\/wp\/v2\/posts\/22416\/revisions\/22421"}],"wp:attachment":[{"href":"http:\/\/blogdalucianaoliveira.com.br\/blog\/wp-json\/wp\/v2\/media?parent=22416"}],"wp:term":[{"taxonomy":"category","embeddable":true,"href":"http:\/\/blogdalucianaoliveira.com.br\/blog\/wp-json\/wp\/v2\/categories?post=22416"},{"taxonomy":"post_tag","embeddable":true,"href":"http:\/\/blogdalucianaoliveira.com.br\/blog\/wp-json\/wp\/v2\/tags?post=22416"}],"curies":[{"name":"wp","href":"https:\/\/api.w.org\/{rel}","templated":true}]}}