{"id":22422,"date":"2019-06-22T10:04:56","date_gmt":"2019-06-22T14:04:56","guid":{"rendered":"http:\/\/blogdalucianaoliveira.com.br\/blog\/?p=22422"},"modified":"2019-06-22T10:06:37","modified_gmt":"2019-06-22T14:06:37","slug":"vilhena-bolsonaro-mais-para-custer-que-para-rondon","status":"publish","type":"post","link":"http:\/\/blogdalucianaoliveira.com.br\/blog\/2019\/06\/22\/vilhena-bolsonaro-mais-para-custer-que-para-rondon\/","title":{"rendered":"Vilhena: Bolsonaro mais para Custer que para Rondon"},"content":{"rendered":"<p><img data-recalc-dims=\"1\" loading=\"lazy\" decoding=\"async\" data-attachment-id=\"22423\" data-permalink=\"http:\/\/blogdalucianaoliveira.com.br\/blog\/2019\/06\/22\/vilhena-bolsonaro-mais-para-custer-que-para-rondon\/55d793c7-e64a-41d5-8f10-17e9156af2a8\/\" data-orig-file=\"https:\/\/i0.wp.com\/blogdalucianaoliveira.com.br\/blog\/wp-content\/uploads\/2019\/06\/55D793C7-E64A-41D5-8F10-17E9156AF2A8.jpeg?fit=600%2C295\" data-orig-size=\"600,295\" data-comments-opened=\"0\" data-image-meta=\"{&quot;aperture&quot;:&quot;0&quot;,&quot;credit&quot;:&quot;&quot;,&quot;camera&quot;:&quot;&quot;,&quot;caption&quot;:&quot;&quot;,&quot;created_timestamp&quot;:&quot;0&quot;,&quot;copyright&quot;:&quot;&quot;,&quot;focal_length&quot;:&quot;0&quot;,&quot;iso&quot;:&quot;0&quot;,&quot;shutter_speed&quot;:&quot;0&quot;,&quot;title&quot;:&quot;&quot;,&quot;orientation&quot;:&quot;0&quot;}\" data-image-title=\"55D793C7-E64A-41D5-8F10-17E9156AF2A8\" data-image-description=\"\" data-image-caption=\"\" data-medium-file=\"https:\/\/i0.wp.com\/blogdalucianaoliveira.com.br\/blog\/wp-content\/uploads\/2019\/06\/55D793C7-E64A-41D5-8F10-17E9156AF2A8.jpeg?fit=300%2C148\" data-large-file=\"https:\/\/i0.wp.com\/blogdalucianaoliveira.com.br\/blog\/wp-content\/uploads\/2019\/06\/55D793C7-E64A-41D5-8F10-17E9156AF2A8.jpeg?fit=600%2C295\" src=\"https:\/\/i0.wp.com\/blogdalucianaoliveira.com.br\/blog\/wp-content\/uploads\/2019\/06\/55D793C7-E64A-41D5-8F10-17E9156AF2A8.jpeg?resize=600%2C295\" alt=\"55D793C7-E64A-41D5-8F10-17E9156AF2A8\" width=\"600\" height=\"295\" class=\"alignnone size-full wp-image-22423\" srcset=\"https:\/\/i0.wp.com\/blogdalucianaoliveira.com.br\/blog\/wp-content\/uploads\/2019\/06\/55D793C7-E64A-41D5-8F10-17E9156AF2A8.jpeg?w=600 600w, https:\/\/i0.wp.com\/blogdalucianaoliveira.com.br\/blog\/wp-content\/uploads\/2019\/06\/55D793C7-E64A-41D5-8F10-17E9156AF2A8.jpeg?resize=300%2C148 300w\" sizes=\"auto, (max-width: 600px) 100vw, 600px\" \/><\/p>\n<p>No Tijola\u00e7o &#8211; por Fernando Brito &#8211; O professor de Direito Oscar Vilhena Vieira dispara, hoje, na Folha, flechas de humanismo certeiras contra a pol\u00edtica indigenista \u2013 a do massacre \u2013 que se vai firmando no governo Jair Bolsonaro, que teima em desautorizar a decis\u00e3o legislativa de retirar a demarca\u00e7\u00e3o de terras ind\u00edgenas das m\u00e3os dos ruralistas e insiste num autoritarismo deplor\u00e1vel ao afirmar que \u201cquem demarca sou eu\u201d.<!--more--><\/p>\n<p>Em setembro de 1913, Candido Mariano Rondon foi atingido por uma flecha nhambiquara. N\u00e3o permitiu que seus soldados reagissem. Os que o seguiam deveriam saber o seu lema: \u201cMorrer se preciso for. Matar, nunca\u201d.<\/p>\n<p>Com seu humanismo positivista foi uma ant\u00edtese dos generais norte-americanos Custer e Sheridan, para quem \u201c\u00edndio bom, era \u00edndio morto\u201d.<\/p>\n<p>Rondon criou, em 1910, o Servi\u00e7o de Prote\u00e7\u00e3o ao \u00cdndio (SPI), depois transformado em Funda\u00e7\u00e3o Nacional do \u00cdndio (Funai). Foi a figura central na demarca\u00e7\u00e3o das primeiras terras ind\u00edgenas, como o<\/p>\n<p>Parque Nacional do Xingu.<\/p>\n<p>Com apenas uma canetada o presidente e ex-capit\u00e3o Jair Bolsonaro conseguiu, nesta quinta-feira (20), conspurcar o legado do Marechal do Ex\u00e9rcito, C\u00e2ndido Rondon, al\u00e9m de violar a Constitui\u00e7\u00e3o e afrontar o Congresso Nacional.<\/p>\n<p>Ap\u00f3s s\u00e9culos de pilhagem e viol\u00eancia, a Constitui\u00e7\u00e3o de 1988 reconheceu aos povos ind\u00edgenas os direitos \u201coriginais\u201d \u00e0s terras que tradicionalmente ocupam, assim direitos \u00e0 organiza\u00e7\u00e3o social, costumes, l\u00ednguas e cren\u00e7as pr\u00f3prias. A Uni\u00e3o foi incumbida de demarcar as terras e proteger os direitos dos ind\u00edgenas (artigo 231).<\/p>\n<p>Setores diretamente interessados na explora\u00e7\u00e3o das florestas, rios e, especialmente, riquezas minerais existentes nas terras ind\u00edgenas, jamais se conformaram com a forma robusta como os direitos dos \u00edndios foram assegurados pela Constitui\u00e7\u00e3o de 1988. Com o objetivo de frustrar esses direitos, especialmente \u00e0s terras originais, o governo editou, em 1\u00ba de janeiro 2019, a medida provis\u00f3ria 870 que, entre outras iniciativas, transferiu para o Minist\u00e9rio da Agricultura a responsabilidade pela demarca\u00e7\u00e3o das terras ind\u00edgenas, que antes pertencia \u00e0 Funai.<\/p>\n<p>A manobra foi expressamente rejeitada pelo Congresso Nacional. Inconformado com a derrota, o presidente Bolsonaro editou a MP 886, reiterando sua determina\u00e7\u00e3o de transferir a responsabilidade pela demarca\u00e7\u00e3o das terras ind\u00edgenas ao Minist\u00e9rio da Agricultura.<\/p>\n<p>Al\u00e9m de uma afronta ao Congresso Nacional, a manobra \u00e9 expressamente proibida pelo artigo 62, par\u00e1grafo 10 da Constitui\u00e7\u00e3o Federal (emenda 32\/2001), ao estabelecer que \u00e9 \u201cvedada a reedi\u00e7\u00e3o, na mesma sess\u00e3o legislativa, de medida provis\u00f3ria que tenha sido rejeitada\u201d pelo Congresso Nacional.<\/p>\n<p>Esse tipo de burla, ali\u00e1s, j\u00e1 havia sido vetada pelo Supremo Tribunal Federal, durante o governo Collor. Em voto considerado \u201cantol\u00f3gico\u201d pelo Ministro Sep\u00falveda Pertence, o jovem Ministro Celso de Melo, hoje decano do Supremo Tribunal Federal, deixou claro que a reedi\u00e7\u00e3o de medida provis\u00f3ria, expressamente rejeitada pelo legislador, era uma esp\u00e9cie de fraude constitucional.<\/p>\n<p>De acordo com o Ministro, n\u00e3o basta ao governante ostentar t\u00edtulos de legitimidade, \u201c\u00e9 preciso respeitar, de modo incondicional, os par\u00e2metros de atua\u00e7\u00e3o delineados no texto constitucional\u2026\u201d. Ao Supremo caberia a fun\u00e7\u00e3o de \u201cprogressiva redu\u00e7\u00e3o e elimina\u00e7\u00e3o dos c\u00edrculos de imunidade do poder\u201d, sem o que n\u00e3o se alcan\u00e7aria \u201ca interdi\u00e7\u00e3o de seu exerc\u00edcio abusivo\u201d (ADI 293-7).<\/p>\n<p>As amea\u00e7as aos direitos ind\u00edgenas t\u00eam se avolumado nos \u00faltimos meses. As propostas de reverter demarca\u00e7\u00f5es j\u00e1 realizadas e paralisar as que est\u00e3o em curso, al\u00e9m da imin\u00eancia de viola\u00e7\u00e3o da Conven\u00e7\u00e3o 169 da OIT, com a passagem do linh\u00e3o sobre as terras dos Waimiri-atroais, sem a pr\u00e9via e devida consulta \u00e0 popula\u00e7\u00e3o ind\u00edgena, apontam que nossos governantes parecem estar mais alinhados \u00e0s constrangedoras ideias do general Custer, do que ao extraordin\u00e1rio e generoso legado de marechal Rondon.<\/p>\n","protected":false},"excerpt":{"rendered":"<p>No Tijola\u00e7o &#8211; por Fernando Brito &#8211; O professor de Direito Oscar Vilhena Vieira dispara, hoje, na Folha, flechas de humanismo certeiras contra a pol\u00edtica indigenista \u2013 a do massacre \u2013 que se vai firmando no governo Jair Bolsonaro, que teima em desautorizar a decis\u00e3o legislativa de retirar a demarca\u00e7\u00e3o de terras ind\u00edgenas das m\u00e3os&#8230;<a class=\"more-link\" href=\"http:\/\/blogdalucianaoliveira.com.br\/blog\/2019\/06\/22\/vilhena-bolsonaro-mais-para-custer-que-para-rondon\/\">Continue a leitura <span class=\"meta-nav\">&raquo;<\/span><\/a><\/p>\n","protected":false},"author":1,"featured_media":0,"comment_status":"closed","ping_status":"open","sticky":false,"template":"","format":"standard","meta":{"_exactmetrics_skip_tracking":false,"_exactmetrics_sitenote_active":false,"_exactmetrics_sitenote_note":"","_exactmetrics_sitenote_category":0,"jetpack_post_was_ever_published":false,"_jetpack_newsletter_access":"","_jetpack_dont_email_post_to_subs":false,"_jetpack_newsletter_tier_id":0,"_jetpack_memberships_contains_paywalled_content":false,"_jetpack_memberships_contains_paid_content":false,"footnotes":"","jetpack_publicize_message":"","jetpack_publicize_feature_enabled":true,"jetpack_social_post_already_shared":true,"jetpack_social_options":{"image_generator_settings":{"template":"highway","enabled":false},"version":2}},"categories":[1],"tags":[],"class_list":["post-22422","post","type-post","status-publish","format-standard","hentry","category-notas"],"jetpack_publicize_connections":[],"jetpack_sharing_enabled":true,"jetpack_featured_media_url":"","jetpack_shortlink":"https:\/\/wp.me\/p7wKYW-5PE","jetpack-related-posts":[],"_links":{"self":[{"href":"http:\/\/blogdalucianaoliveira.com.br\/blog\/wp-json\/wp\/v2\/posts\/22422","targetHints":{"allow":["GET"]}}],"collection":[{"href":"http:\/\/blogdalucianaoliveira.com.br\/blog\/wp-json\/wp\/v2\/posts"}],"about":[{"href":"http:\/\/blogdalucianaoliveira.com.br\/blog\/wp-json\/wp\/v2\/types\/post"}],"author":[{"embeddable":true,"href":"http:\/\/blogdalucianaoliveira.com.br\/blog\/wp-json\/wp\/v2\/users\/1"}],"replies":[{"embeddable":true,"href":"http:\/\/blogdalucianaoliveira.com.br\/blog\/wp-json\/wp\/v2\/comments?post=22422"}],"version-history":[{"count":2,"href":"http:\/\/blogdalucianaoliveira.com.br\/blog\/wp-json\/wp\/v2\/posts\/22422\/revisions"}],"predecessor-version":[{"id":22425,"href":"http:\/\/blogdalucianaoliveira.com.br\/blog\/wp-json\/wp\/v2\/posts\/22422\/revisions\/22425"}],"wp:attachment":[{"href":"http:\/\/blogdalucianaoliveira.com.br\/blog\/wp-json\/wp\/v2\/media?parent=22422"}],"wp:term":[{"taxonomy":"category","embeddable":true,"href":"http:\/\/blogdalucianaoliveira.com.br\/blog\/wp-json\/wp\/v2\/categories?post=22422"},{"taxonomy":"post_tag","embeddable":true,"href":"http:\/\/blogdalucianaoliveira.com.br\/blog\/wp-json\/wp\/v2\/tags?post=22422"}],"curies":[{"name":"wp","href":"https:\/\/api.w.org\/{rel}","templated":true}]}}