{"id":22426,"date":"2019-06-22T10:11:45","date_gmt":"2019-06-22T14:11:45","guid":{"rendered":"http:\/\/blogdalucianaoliveira.com.br\/blog\/?p=22426"},"modified":"2019-06-22T10:11:45","modified_gmt":"2019-06-22T14:11:45","slug":"parada-gay-tera-bloco-lula-livre-a-gente-sente-o-que-e-ser-julgado-de-forma-leviana","status":"publish","type":"post","link":"http:\/\/blogdalucianaoliveira.com.br\/blog\/2019\/06\/22\/parada-gay-tera-bloco-lula-livre-a-gente-sente-o-que-e-ser-julgado-de-forma-leviana\/","title":{"rendered":"Parada gay ter\u00e1 bloco Lula Livre: \u2018A gente sente o que \u00e9 ser julgado de forma leviana\u2019"},"content":{"rendered":"<p><img data-recalc-dims=\"1\" loading=\"lazy\" decoding=\"async\" data-attachment-id=\"22427\" data-permalink=\"http:\/\/blogdalucianaoliveira.com.br\/blog\/2019\/06\/22\/parada-gay-tera-bloco-lula-livre-a-gente-sente-o-que-e-ser-julgado-de-forma-leviana\/9a2d5109-7b4d-474d-93af-33219940b6ed\/\" data-orig-file=\"https:\/\/i0.wp.com\/blogdalucianaoliveira.com.br\/blog\/wp-content\/uploads\/2019\/06\/9A2D5109-7B4D-474D-93AF-33219940B6ED.jpeg?fit=600%2C377\" data-orig-size=\"600,377\" data-comments-opened=\"0\" data-image-meta=\"{&quot;aperture&quot;:&quot;0&quot;,&quot;credit&quot;:&quot;&quot;,&quot;camera&quot;:&quot;&quot;,&quot;caption&quot;:&quot;&quot;,&quot;created_timestamp&quot;:&quot;0&quot;,&quot;copyright&quot;:&quot;&quot;,&quot;focal_length&quot;:&quot;0&quot;,&quot;iso&quot;:&quot;0&quot;,&quot;shutter_speed&quot;:&quot;0&quot;,&quot;title&quot;:&quot;&quot;,&quot;orientation&quot;:&quot;0&quot;}\" data-image-title=\"9A2D5109-7B4D-474D-93AF-33219940B6ED\" data-image-description=\"\" data-image-caption=\"\" data-medium-file=\"https:\/\/i0.wp.com\/blogdalucianaoliveira.com.br\/blog\/wp-content\/uploads\/2019\/06\/9A2D5109-7B4D-474D-93AF-33219940B6ED.jpeg?fit=300%2C189\" data-large-file=\"https:\/\/i0.wp.com\/blogdalucianaoliveira.com.br\/blog\/wp-content\/uploads\/2019\/06\/9A2D5109-7B4D-474D-93AF-33219940B6ED.jpeg?fit=600%2C377\" src=\"https:\/\/i0.wp.com\/blogdalucianaoliveira.com.br\/blog\/wp-content\/uploads\/2019\/06\/9A2D5109-7B4D-474D-93AF-33219940B6ED.jpeg?resize=600%2C377\" alt=\"9A2D5109-7B4D-474D-93AF-33219940B6ED\" width=\"600\" height=\"377\" class=\"alignnone size-full wp-image-22427\" srcset=\"https:\/\/i0.wp.com\/blogdalucianaoliveira.com.br\/blog\/wp-content\/uploads\/2019\/06\/9A2D5109-7B4D-474D-93AF-33219940B6ED.jpeg?w=600 600w, https:\/\/i0.wp.com\/blogdalucianaoliveira.com.br\/blog\/wp-content\/uploads\/2019\/06\/9A2D5109-7B4D-474D-93AF-33219940B6ED.jpeg?resize=300%2C189 300w, https:\/\/i0.wp.com\/blogdalucianaoliveira.com.br\/blog\/wp-content\/uploads\/2019\/06\/9A2D5109-7B4D-474D-93AF-33219940B6ED.jpeg?resize=477%2C300 477w\" sizes=\"auto, (max-width: 600px) 100vw, 600px\" \/><\/p>\n<p>No DCM &#8211; Sempre marcada por alegria e protestos, a 23\u00aa Parada do Orgulho LGBT (sigla para L\u00e9sbicas, Gays, Bissexuais, Travestis, Transexuais e outras identidades de g\u00eanero) vai ter um bloco exigindo a liberdade do ex-presidente Luiz In\u00e1cio Lula da Silva \u00e0 frente do trio el\u00e9trico de abertura do evento, \u00e0s 10h. \u201cO Lula foi o primeiro presidente a falar dessa popula\u00e7\u00e3o como uma popula\u00e7\u00e3o que tem direitos. Foi o primeiro presidente a construir uma pol\u00edtica pra n\u00f3s, que foi o Brasil sem Homofobia. A gente sabe o que \u00e9 ser cotidianamente julgada e condenada s\u00f3 por ser quem somos\u201d, explicou a presidenta do Associa\u00e7\u00e3o Brasileira de L\u00e9sbicas, Gays, Bissexuais, Travestis, Transexuais e Intersexos (ABGLT), Symmy Larrat, em entrevista \u00e0 R\u00e1dio Brasil Atual.<!--more--><\/p>\n<p>Comentando a situa\u00e7\u00e3o do pa\u00eds, Symmy destacou que a ideia do bloco Lula Livre \u00e9 dialogar com toda comunidade LGBT. \u201cA gente sente a injusti\u00e7a que \u00e9 Lula estar preso. A gente sente o que \u00e9 ser julgado de forma leviana. A gente sente na pele isso. A empatia com a situa\u00e7\u00e3o do Lula \u00e9 muito f\u00e1cil para n\u00f3s LGBT\u201d, afirmou. A Parada ocorre neste domingo (23), na Avenida Paulista, regi\u00e3o central da capital. S\u00e3o esperadas 3 milh\u00f5es de pessoas. Hoje ocorreu a Marcha do Orgulho Trans, no Largo do Arouche, e amanh\u00e3 tem a Caminhada L\u00e9sbica. \u201cS\u00e3o acontecimentos que fazem parte da Parada do Orgulho LGBT, dessa pauta feminina da LGBTs\u201d, explicou Symmy.<\/p>\n<p>A presidenta da ABLGT lembrou que a Parada do Orgulho LGBT \u00e9 a maneira festiva e alegre que a popula\u00e7\u00e3o LGBT tem de se manifestar. \u201cN\u00e3o tem como dizer que a parada n\u00e3o \u00e9 uma manifesta\u00e7\u00e3o pol\u00edtica. Ainda mais pelo cen\u00e1rio que a gente est\u00e1 vivendo, de tanto retrocesso, de tanta agress\u00e3o, um momento que o Estado brasileiro est\u00e1 apregoando contra a nossa vida. \u00c9 um momento que a gente est\u00e1 com muita coisa entalada. A gente est\u00e1 no alvo, deliberadamente e declaradamente do Estado brasileiro contra nossos corpos, contra nossa vida. Pode ter certeza que vai muita bicha, muita sapat\u00e3o, muita travesti, enlouquecida na rua domingo\u201d, afirmou.<\/p>\n<p>Na conversa com a apresentadora Marilu Caba\u00f1as, Symmy tamb\u00e9m lembrou da revolta de Stonewall, evento que deu origem \u00e0 parada do orgulho LGBT, h\u00e1 50 anos, e comemorou a criminaliza\u00e7\u00e3o da homofobia, em julgamento ocorrido no Supremo Tribunal Federal (STF), no \u00faltimo dia 13. Ela respondeu a afirma\u00e7\u00e3o do presidente da Rep\u00fablica, jair Bolsonaro (PSL), de que a criminaliza\u00e7\u00e3o poderia causar desemprego entre as LGBTs. \u201cO que diminui a oferta de emprego \u00e9 o preconceito, n\u00e3o \u00e9 uma legisla\u00e7\u00e3o que vai fazer isso. Ele consegue ter um conjunto de improp\u00e9rios, de baboseiras que sai daquela boca\u201d, afirmou.<\/p>\n","protected":false},"excerpt":{"rendered":"<p>No DCM &#8211; Sempre marcada por alegria e protestos, a 23\u00aa Parada do Orgulho LGBT (sigla para L\u00e9sbicas, Gays, Bissexuais, Travestis, Transexuais e outras identidades de g\u00eanero) vai ter um bloco exigindo a liberdade do ex-presidente Luiz In\u00e1cio Lula da Silva \u00e0 frente do trio el\u00e9trico de abertura do evento, \u00e0s 10h. \u201cO Lula foi&#8230;<a class=\"more-link\" href=\"http:\/\/blogdalucianaoliveira.com.br\/blog\/2019\/06\/22\/parada-gay-tera-bloco-lula-livre-a-gente-sente-o-que-e-ser-julgado-de-forma-leviana\/\">Continue a leitura <span class=\"meta-nav\">&raquo;<\/span><\/a><\/p>\n","protected":false},"author":1,"featured_media":0,"comment_status":"closed","ping_status":"open","sticky":false,"template":"","format":"standard","meta":{"_exactmetrics_skip_tracking":false,"_exactmetrics_sitenote_active":false,"_exactmetrics_sitenote_note":"","_exactmetrics_sitenote_category":0,"jetpack_post_was_ever_published":false,"_jetpack_newsletter_access":"","_jetpack_dont_email_post_to_subs":false,"_jetpack_newsletter_tier_id":0,"_jetpack_memberships_contains_paywalled_content":false,"_jetpack_memberships_contains_paid_content":false,"footnotes":"","jetpack_publicize_message":"","jetpack_publicize_feature_enabled":true,"jetpack_social_post_already_shared":true,"jetpack_social_options":{"image_generator_settings":{"template":"highway","enabled":false},"version":2}},"categories":[1],"tags":[],"class_list":["post-22426","post","type-post","status-publish","format-standard","hentry","category-notas"],"jetpack_publicize_connections":[],"jetpack_sharing_enabled":true,"jetpack_featured_media_url":"","jetpack_shortlink":"https:\/\/wp.me\/p7wKYW-5PI","jetpack-related-posts":[],"_links":{"self":[{"href":"http:\/\/blogdalucianaoliveira.com.br\/blog\/wp-json\/wp\/v2\/posts\/22426","targetHints":{"allow":["GET"]}}],"collection":[{"href":"http:\/\/blogdalucianaoliveira.com.br\/blog\/wp-json\/wp\/v2\/posts"}],"about":[{"href":"http:\/\/blogdalucianaoliveira.com.br\/blog\/wp-json\/wp\/v2\/types\/post"}],"author":[{"embeddable":true,"href":"http:\/\/blogdalucianaoliveira.com.br\/blog\/wp-json\/wp\/v2\/users\/1"}],"replies":[{"embeddable":true,"href":"http:\/\/blogdalucianaoliveira.com.br\/blog\/wp-json\/wp\/v2\/comments?post=22426"}],"version-history":[{"count":1,"href":"http:\/\/blogdalucianaoliveira.com.br\/blog\/wp-json\/wp\/v2\/posts\/22426\/revisions"}],"predecessor-version":[{"id":22428,"href":"http:\/\/blogdalucianaoliveira.com.br\/blog\/wp-json\/wp\/v2\/posts\/22426\/revisions\/22428"}],"wp:attachment":[{"href":"http:\/\/blogdalucianaoliveira.com.br\/blog\/wp-json\/wp\/v2\/media?parent=22426"}],"wp:term":[{"taxonomy":"category","embeddable":true,"href":"http:\/\/blogdalucianaoliveira.com.br\/blog\/wp-json\/wp\/v2\/categories?post=22426"},{"taxonomy":"post_tag","embeddable":true,"href":"http:\/\/blogdalucianaoliveira.com.br\/blog\/wp-json\/wp\/v2\/tags?post=22426"}],"curies":[{"name":"wp","href":"https:\/\/api.w.org\/{rel}","templated":true}]}}