{"id":22432,"date":"2019-06-22T10:32:45","date_gmt":"2019-06-22T14:32:45","guid":{"rendered":"http:\/\/blogdalucianaoliveira.com.br\/blog\/?p=22432"},"modified":"2019-06-22T10:32:45","modified_gmt":"2019-06-22T14:32:45","slug":"democracia-em-vertigem-expoe-com-precisao-as-feridas-do-golpe-de-2016","status":"publish","type":"post","link":"http:\/\/blogdalucianaoliveira.com.br\/blog\/2019\/06\/22\/democracia-em-vertigem-expoe-com-precisao-as-feridas-do-golpe-de-2016\/","title":{"rendered":"&#8216;Democracia em Vertigem&#8217; exp\u00f5e com precis\u00e3o as feridas do golpe de 2016"},"content":{"rendered":"<p> <img data-recalc-dims=\"1\" loading=\"lazy\" decoding=\"async\" data-attachment-id=\"22433\" data-permalink=\"http:\/\/blogdalucianaoliveira.com.br\/blog\/2019\/06\/22\/democracia-em-vertigem-expoe-com-precisao-as-feridas-do-golpe-de-2016\/2b7c52b3-e8ca-416f-8e5d-033dcd4fab51\/\" data-orig-file=\"https:\/\/i0.wp.com\/blogdalucianaoliveira.com.br\/blog\/wp-content\/uploads\/2019\/06\/2B7C52B3-E8CA-416F-8E5D-033DCD4FAB51.jpeg?fit=500%2C240\" data-orig-size=\"500,240\" data-comments-opened=\"0\" data-image-meta=\"{&quot;aperture&quot;:&quot;0&quot;,&quot;credit&quot;:&quot;&quot;,&quot;camera&quot;:&quot;&quot;,&quot;caption&quot;:&quot;&quot;,&quot;created_timestamp&quot;:&quot;0&quot;,&quot;copyright&quot;:&quot;&quot;,&quot;focal_length&quot;:&quot;0&quot;,&quot;iso&quot;:&quot;0&quot;,&quot;shutter_speed&quot;:&quot;0&quot;,&quot;title&quot;:&quot;&quot;,&quot;orientation&quot;:&quot;0&quot;}\" data-image-title=\"2B7C52B3-E8CA-416F-8E5D-033DCD4FAB51\" data-image-description=\"\" data-image-caption=\"\" data-medium-file=\"https:\/\/i0.wp.com\/blogdalucianaoliveira.com.br\/blog\/wp-content\/uploads\/2019\/06\/2B7C52B3-E8CA-416F-8E5D-033DCD4FAB51.jpeg?fit=300%2C144\" data-large-file=\"https:\/\/i0.wp.com\/blogdalucianaoliveira.com.br\/blog\/wp-content\/uploads\/2019\/06\/2B7C52B3-E8CA-416F-8E5D-033DCD4FAB51.jpeg?fit=500%2C240\" src=\"https:\/\/i0.wp.com\/blogdalucianaoliveira.com.br\/blog\/wp-content\/uploads\/2019\/06\/2B7C52B3-E8CA-416F-8E5D-033DCD4FAB51.jpeg?resize=500%2C240\" alt=\"2B7C52B3-E8CA-416F-8E5D-033DCD4FAB51\" width=\"500\" height=\"240\" class=\"alignnone size-full wp-image-22433\" srcset=\"https:\/\/i0.wp.com\/blogdalucianaoliveira.com.br\/blog\/wp-content\/uploads\/2019\/06\/2B7C52B3-E8CA-416F-8E5D-033DCD4FAB51.jpeg?w=500 500w, https:\/\/i0.wp.com\/blogdalucianaoliveira.com.br\/blog\/wp-content\/uploads\/2019\/06\/2B7C52B3-E8CA-416F-8E5D-033DCD4FAB51.jpeg?resize=300%2C144 300w\" sizes=\"auto, (max-width: 500px) 100vw, 500px\" \/><\/p>\n<p>Da Rede Brasil Atual \u2013 Vasta documenta\u00e7\u00e3o hist\u00f3rica aliada \u00e0s portas abertas do Pal\u00e1cio da Alvorada comp\u00f5em o document\u00e1rio Democracia em Vertigem, da cineasta Petra Costa. O longa chegou nesta semana ao cat\u00e1logo da Netflix para deixar mais um registro definitivo sobre o atual contexto pol\u00edtico brasileiro. Petra conta com sensibilidade pontos essenciais da hist\u00f3ria recente que levaram o pa\u00eds a um processo de golpe (contra Dilma Rousseff, em 2016) que levou \u00e0 ascens\u00e3o da extrema-direita \u2013 com a ajuda da classe m\u00e9dia alta do pa\u00eds, na qual a diretora se inclui em sua narrativa.<!--more--><\/p>\n<p>Democracia em Vertigem entra para o pante\u00e3o daqueles que se dedicam a contar a hist\u00f3ria do pa\u00eds, ao lado de extensa produ\u00e7\u00e3o liter\u00e1ria e mesmo audiovisual, como a obra par O Processo (2018), da documentarista Maria Augusta Ramos. Est\u00e3o ali, expl\u00edcitos para o p\u00fablico, momentos hist\u00f3ricos como a conversa do ent\u00e3o senador Romero Juc\u00e1 (MDB-RR) com o ex-presidente da estatal Transpetro Sergio Machado: \u201cA solu\u00e7\u00e3o \u00e9 botar o Michel (\u2026) Num grande acordo nacional, com o Supremo e com tudo\u201d. Petra faz quest\u00e3o de repetir a fala, como que em um desabafo particular, indignada.<\/p>\n<p>O grande seriado de drama, com toques de terror (tudo muito bem televisionado, espetacularizado), que se transformou a pol\u00edtica nacional, explode em seu mais novo cap\u00edtulo com o esc\u00e2ndalo da \u201cVaza Jato\u201c. Mesmo n\u00e3o entrando no document\u00e1rio, os fatos se conversam. No document\u00e1rio, Petra apresenta a forma como a Justi\u00e7a, por interm\u00e9dio da Opera\u00e7\u00e3o Lava Jato, com os procuradores do Minist\u00e9rio P\u00fablico de Curitiba e o ent\u00e3o juiz Sergio Moro, tratou o processo contra o ex-presidente Lula.<\/p>\n<p>Provas? N\u00e3o foram necess\u00e1rias. Bastaram convic\u00e7\u00f5es e um conluio entre juiz e promotores com a finalidade de prender Lula para impedi-lo de concorrer \u00e0s elei\u00e7\u00f5es do ano passado. Foi a continuidade do golpe. \u201cQual o sentido de tirarem a Dilma se eu voltar?\u201d, questiona o ex-presidente.<\/p>\n<p>\u201cA hist\u00f3ria foi ficando cada vez mais surreal, com pontos de virada inimagin\u00e1veis\u201d, disse a cineasta em evento de lan\u00e7amento do document\u00e1rio em S\u00e3o Paulo, na quarta-feira (19). \u201cAs viradas continuam\u201d, afirmou, em refer\u00eancia aos novos fatos que comprovam a rela\u00e7\u00e3o prom\u00edscua entre Moro e procuradores (vazamento de di\u00e1logos pelo The Intercept Brasil). Durante o lan\u00e7amento, Petra foi questionada, inclusive, se seria cab\u00edvel a produ\u00e7\u00e3o de uma continua\u00e7\u00e3o do longa. E encarou a possibilidade com bom humor, sem sentenciar sim nem n\u00e3o.<\/p>\n<p>Rea\u00e7\u00f5es<br \/>\nPetra tem 35 anos, praticamente a mesma idade da democracia brasileira ap\u00f3s o fim da ditadura civil-militar (1964-1985), como observa no filme. Aos 28 anos, filmou ELENA (2012), que ganhou pr\u00eamios de Melhor Document\u00e1rio pelo J\u00fari Popular, Melhor Dire\u00e7\u00e3o, Montagem e Dire\u00e7\u00e3o de Arte no Festival de Bras\u00edlia. O document\u00e1rio se imp\u00f4s a Petra como um meio de enfrentamento \u00e0 dor da morte da irm\u00e3. Segundo ela, uma dor t\u00e3o forte quanto a vivida nos dias atuais, ante o sangramento da utopia democr\u00e1tica \u2013 um roteiro que tamb\u00e9m se obrigou a contar.<\/p>\n<p>A mensagem de Democracia em Vertigem \u00e9 clara: t\u00e3o jovem democracia em t\u00e3o grave risco. N\u00e3o foram poucos os relatos de expectadores que ca\u00edram nas l\u00e1grimas durante o longa. \u201cFiquei muito emocionado. Chorei pouco, n\u00e3o como ela\u201d, disse o m\u00fasico Caetano Veloso, que assistiu em sua casa, ao lado da apresentadora e atriz M\u00f4nica Iozzi, que ficou muito abalada. \u201c\u00c9 dif\u00edcil n\u00e3o chorar nada. Tem a perspectiva dela e a hist\u00f3rica, tem os pais dela. A s\u00e9rie de coisas \u00e9 muito n\u00edtida a fei\u00e7\u00e3o dessa hist\u00f3ria\u201d, completou Caetano.<\/p>\n<p>O ponto de vista da cineasta \u00e9 muito presente na obra. Inclusive a cr\u00edtica frequentemente cobrada do PT, de ter \u2013 apesar de ter realizado gest\u00f5es inclusivas e que levaram a uma taxa elevada de aprova\u00e7\u00e3o de Lula, acima de 80% \u2013, falhado no plano \u00e9tico ao sucumbir aos antigos mecanismos de financiamento de campanhas.<\/p>\n<p>Narrado em primeira pessoa, o document\u00e1rio trata da fam\u00edlia de Petra. Seu av\u00f4, empreiteiro fundador da Andrade Gutierrez. Seus pais, ativistas comunistas perseguidos pela ditadura. Uma fam\u00edlia de contrastes. Em um desabafo, ela lamenta que parte de seus familiares apoiaram o presidente de extrema-direita, Jair Bolsonaro (PSL) \u2013 que n\u00e3o esconde seu desejo de que gente como os pais de Petra estivesse mortos ap\u00f3s tortura, simplesmente por pensar de outra forma.<\/p>\n<p>Um dos pontos de virada mais importantes da linha narrativa, como n\u00e3o poderia ser diferente, \u00e9 a vota\u00e7\u00e3o da aceita\u00e7\u00e3o do impeachment na C\u00e2mara dos Deputados, em abril de 2016, quando os deputados votaram por Deus, pela fam\u00edlia, pela av\u00f3, por estradas, por igrejas, contra Dilma. Sobre o porqu\u00ea da cassa\u00e7\u00e3o de seu mandato? Nada. Apenas a oposi\u00e7\u00e3o desesperada com o absurdo. O maior deles veio justamente com Bolsonaro. Deputado federal \u00e0 \u00e9poca, dedicou seu voto ao coronel Carlos Alberto Brilhante Ustra, torturador militar reconhecido pela Justi\u00e7a, inclusive de Dilma Rousseff, quando ela era uma jovem ativista.<\/p>\n<p>Perplexo, o ex-deputado Jean Wyllys (Psol-RJ) \u2013 que atualmente est\u00e1 exilado, ap\u00f3s amea\u00e7as contra sua vida vindas de grupos bolsonaristas \u2013 falou em suas redes sociais sobre o document\u00e1rio. \u201c\u00c9 impressionante como a Petra conseguiu tra\u00e7ar um elo entre nosso passado recente e nosso passado mais distante. E mostrar o que restou do passado distante de mais infeccioso, a ponto de infectar nossa democracia. Petra se implica na hist\u00f3ria, conta uma hist\u00f3ria que \u00e9 dela e tamb\u00e9m nossa. Eu, envolvido nos fatos, ao v\u00ea-los de fora do pa\u00eds, me doeu muito\u201d, disse.<\/p>\n<p>Muitos outros pontos hist\u00f3ricos est\u00e3o l\u00e1: a resist\u00eancia de Lula no Sindicato dos Metal\u00fargicos do ABC antes da pris\u00e3o; a morte de sua companheira, Marisa Let\u00edcia; o isolamento de Temer no governo Dilma, sua articula\u00e7\u00e3o golpista, entre outros.<\/p>\n<p>Na segunda-feira (24) o longa ser\u00e1 exibido na Casa do Baixo Augusta, no centro da capital, com posterior debate com Petra, a partir das 19h.<\/p>\n<div class=\"jetpack-video-wrapper\"><iframe loading=\"lazy\" title=\"Democracia em Vertigem | Trailer oficial [HD] | Netflix\" width=\"600\" height=\"338\" src=\"https:\/\/www.youtube.com\/embed\/vwZ5m10y1rQ?feature=oembed\" frameborder=\"0\" allow=\"accelerometer; autoplay; clipboard-write; encrypted-media; gyroscope; picture-in-picture; web-share\" referrerpolicy=\"strict-origin-when-cross-origin\" allowfullscreen><\/iframe><\/div>\n","protected":false},"excerpt":{"rendered":"<p>Da Rede Brasil Atual \u2013 Vasta documenta\u00e7\u00e3o hist\u00f3rica aliada \u00e0s portas abertas do Pal\u00e1cio da Alvorada comp\u00f5em o document\u00e1rio Democracia em Vertigem, da cineasta Petra Costa. O longa chegou nesta semana ao cat\u00e1logo da Netflix para deixar mais um registro definitivo sobre o atual contexto pol\u00edtico brasileiro. Petra conta com sensibilidade pontos essenciais da hist\u00f3ria&#8230;<a class=\"more-link\" href=\"http:\/\/blogdalucianaoliveira.com.br\/blog\/2019\/06\/22\/democracia-em-vertigem-expoe-com-precisao-as-feridas-do-golpe-de-2016\/\">Continue a leitura <span class=\"meta-nav\">&raquo;<\/span><\/a><\/p>\n","protected":false},"author":1,"featured_media":0,"comment_status":"closed","ping_status":"open","sticky":false,"template":"","format":"standard","meta":{"_exactmetrics_skip_tracking":false,"_exactmetrics_sitenote_active":false,"_exactmetrics_sitenote_note":"","_exactmetrics_sitenote_category":0,"jetpack_post_was_ever_published":false,"_jetpack_newsletter_access":"","_jetpack_dont_email_post_to_subs":false,"_jetpack_newsletter_tier_id":0,"_jetpack_memberships_contains_paywalled_content":false,"_jetpack_memberships_contains_paid_content":false,"footnotes":"","jetpack_publicize_message":"","jetpack_publicize_feature_enabled":true,"jetpack_social_post_already_shared":true,"jetpack_social_options":{"image_generator_settings":{"template":"highway","enabled":false},"version":2}},"categories":[1],"tags":[],"class_list":["post-22432","post","type-post","status-publish","format-standard","hentry","category-notas"],"jetpack_publicize_connections":[],"jetpack_sharing_enabled":true,"jetpack_featured_media_url":"","jetpack_shortlink":"https:\/\/wp.me\/p7wKYW-5PO","jetpack-related-posts":[],"_links":{"self":[{"href":"http:\/\/blogdalucianaoliveira.com.br\/blog\/wp-json\/wp\/v2\/posts\/22432","targetHints":{"allow":["GET"]}}],"collection":[{"href":"http:\/\/blogdalucianaoliveira.com.br\/blog\/wp-json\/wp\/v2\/posts"}],"about":[{"href":"http:\/\/blogdalucianaoliveira.com.br\/blog\/wp-json\/wp\/v2\/types\/post"}],"author":[{"embeddable":true,"href":"http:\/\/blogdalucianaoliveira.com.br\/blog\/wp-json\/wp\/v2\/users\/1"}],"replies":[{"embeddable":true,"href":"http:\/\/blogdalucianaoliveira.com.br\/blog\/wp-json\/wp\/v2\/comments?post=22432"}],"version-history":[{"count":1,"href":"http:\/\/blogdalucianaoliveira.com.br\/blog\/wp-json\/wp\/v2\/posts\/22432\/revisions"}],"predecessor-version":[{"id":22434,"href":"http:\/\/blogdalucianaoliveira.com.br\/blog\/wp-json\/wp\/v2\/posts\/22432\/revisions\/22434"}],"wp:attachment":[{"href":"http:\/\/blogdalucianaoliveira.com.br\/blog\/wp-json\/wp\/v2\/media?parent=22432"}],"wp:term":[{"taxonomy":"category","embeddable":true,"href":"http:\/\/blogdalucianaoliveira.com.br\/blog\/wp-json\/wp\/v2\/categories?post=22432"},{"taxonomy":"post_tag","embeddable":true,"href":"http:\/\/blogdalucianaoliveira.com.br\/blog\/wp-json\/wp\/v2\/tags?post=22432"}],"curies":[{"name":"wp","href":"https:\/\/api.w.org\/{rel}","templated":true}]}}