{"id":22443,"date":"2019-06-23T07:31:57","date_gmt":"2019-06-23T11:31:57","guid":{"rendered":"http:\/\/blogdalucianaoliveira.com.br\/blog\/?p=22443"},"modified":"2019-06-23T07:31:57","modified_gmt":"2019-06-23T11:31:57","slug":"lava-jato-articulou-apoio-a-moro-diante-de-tensao-com-stf-mostram-mensagens","status":"publish","type":"post","link":"http:\/\/blogdalucianaoliveira.com.br\/blog\/2019\/06\/23\/lava-jato-articulou-apoio-a-moro-diante-de-tensao-com-stf-mostram-mensagens\/","title":{"rendered":"Lava Jato articulou apoio a Moro diante de tens\u00e3o com STF, mostram mensagens"},"content":{"rendered":"<p><img data-recalc-dims=\"1\" loading=\"lazy\" decoding=\"async\" data-attachment-id=\"22445\" data-permalink=\"http:\/\/blogdalucianaoliveira.com.br\/blog\/2019\/06\/23\/lava-jato-articulou-apoio-a-moro-diante-de-tensao-com-stf-mostram-mensagens\/a9fd5136-044e-4c05-8218-7d506d904bf5\/\" data-orig-file=\"https:\/\/i0.wp.com\/blogdalucianaoliveira.com.br\/blog\/wp-content\/uploads\/2019\/06\/A9FD5136-044E-4C05-8218-7D506D904BF5.jpeg?fit=768%2C512\" data-orig-size=\"768,512\" data-comments-opened=\"0\" data-image-meta=\"{&quot;aperture&quot;:&quot;0&quot;,&quot;credit&quot;:&quot;&quot;,&quot;camera&quot;:&quot;&quot;,&quot;caption&quot;:&quot;&quot;,&quot;created_timestamp&quot;:&quot;0&quot;,&quot;copyright&quot;:&quot;&quot;,&quot;focal_length&quot;:&quot;0&quot;,&quot;iso&quot;:&quot;0&quot;,&quot;shutter_speed&quot;:&quot;0&quot;,&quot;title&quot;:&quot;&quot;,&quot;orientation&quot;:&quot;0&quot;}\" data-image-title=\"A9FD5136-044E-4C05-8218-7D506D904BF5\" data-image-description=\"\" data-image-caption=\"\" data-medium-file=\"https:\/\/i0.wp.com\/blogdalucianaoliveira.com.br\/blog\/wp-content\/uploads\/2019\/06\/A9FD5136-044E-4C05-8218-7D506D904BF5.jpeg?fit=300%2C200\" data-large-file=\"https:\/\/i0.wp.com\/blogdalucianaoliveira.com.br\/blog\/wp-content\/uploads\/2019\/06\/A9FD5136-044E-4C05-8218-7D506D904BF5.jpeg?fit=600%2C400\" src=\"https:\/\/i0.wp.com\/blogdalucianaoliveira.com.br\/blog\/wp-content\/uploads\/2019\/06\/A9FD5136-044E-4C05-8218-7D506D904BF5.jpeg?resize=600%2C400\" alt=\"A9FD5136-044E-4C05-8218-7D506D904BF5\" width=\"600\" height=\"400\" class=\"alignnone size-full wp-image-22445\" srcset=\"https:\/\/i0.wp.com\/blogdalucianaoliveira.com.br\/blog\/wp-content\/uploads\/2019\/06\/A9FD5136-044E-4C05-8218-7D506D904BF5.jpeg?w=768 768w, https:\/\/i0.wp.com\/blogdalucianaoliveira.com.br\/blog\/wp-content\/uploads\/2019\/06\/A9FD5136-044E-4C05-8218-7D506D904BF5.jpeg?resize=300%2C200 300w, https:\/\/i0.wp.com\/blogdalucianaoliveira.com.br\/blog\/wp-content\/uploads\/2019\/06\/A9FD5136-044E-4C05-8218-7D506D904BF5.jpeg?resize=450%2C300 450w\" sizes=\"auto, (max-width: 600px) 100vw, 600px\" \/><\/p>\n<p>Conversas indicam que Deltan discutiu com ent\u00e3o juiz medidas para evitar desgaste por divulga\u00e7\u00e3o de planilhas com pol\u00edticos<!--more--><\/p>\n<p>Folha e The Intercept Brasil<br \/>\nS\u00c3O PAULO e RIO DE JANEIRO<\/p>\n<p>Procuradores na linha de frente da Opera\u00e7\u00e3o Lava Jato se articularam para proteger Sergio Moro e evitar que tens\u00f5es entre ele e o Supremo Tribunal Federal paralisassem as investiga\u00e7\u00f5es num momento cr\u00edtico para a for\u00e7a-tarefa em 2016, segundo mensagens privadas enviadas por uma fonte an\u00f4nima ao The Intercept Brasil e analisadas pela Folha e pelo site.<\/p>\n<p>O objetivo era evitar que a divulga\u00e7\u00e3o de pap\u00e9is encontrados pela Pol\u00edcia Federal na casa de um executivo da Odebrecht acirrasse o confronto com o STF ao expor indevidamente dezenas de pol\u00edticos que tinham direito a foro especial &#8211;e que s\u00f3 podiam ser investigados com autoriza\u00e7\u00e3o da corte.<\/p>\n<p>O epis\u00f3dio deixou Moro contrariado por criar novo foco de atrito com o Supremo, um dia depois de ele ser repreendido pelo tribunal por causa da divulga\u00e7\u00e3o das escutas telef\u00f4nicas que tiveram o ex-presidente Luiz In\u00e1cio Lula da Silva (PT) como alvo naquele ano.<\/p>\n<p>As mensagens indicam que os procuradores e o ent\u00e3o juiz temiam que o ministro Teori Zavascki, relator da Lava Jato no STF, desmembrasse os inqu\u00e9ritos que estavam sob controle de Moro em Curitiba e os esvaziasse num momento em que as investiga\u00e7\u00f5es sobre a Odebrecht avan\u00e7avam rapidamente.<\/p>\n<p>Os di\u00e1logos sugerem que o incidente foi causado por um descuido da Pol\u00edcia Federal no dia 22 de mar\u00e7o de 2016, quando ela anexou os documentos da Odebrecht aos autos de um processo da Lava Jato sem preservar seu sigilo, o que permitiu a divulga\u00e7\u00e3o do material por um blog mantido pelo jornalista Fernando Rodrigues na \u00e9poca.<\/p>\n<p>Assim que soube, no dia seguinte, Moro escreveu ao procurador Deltan Dallagnol, chefe da for\u00e7a-tarefa da Lava Jato em Curitiba, para reclamar da pol\u00edcia e avisar que acabara de impor sigilo aos pap\u00e9is.<br \/>\n&#8220;Tremenda bola nas costas da Pf&#8221;, disse. &#8220;E vai parecer afronta&#8221;, acrescentou, referindo-se \u00e0 rea\u00e7\u00e3o que esperava do Supremo.<\/p>\n<p>Moro avisou que teria de enviar ao tribunal pelo menos um dos inqu\u00e9ritos em andamento em Curitiba, que tinha o marqueteiro petista Jo\u00e3o Santana como alvo. Deltan disse ter contatado a Procuradoria-Geral da Rep\u00fablica e sugeriu que o juiz enviasse outro inqu\u00e9rito, com foco na Odebrecht.<\/p>\n<p>Horas depois, o procurador escreveu novamente a Moro para discutir a situa\u00e7\u00e3o e sugeriu que n\u00e3o tinha havido m\u00e1-f\u00e9 na divulga\u00e7\u00e3o dos pap\u00e9is pela PF. &#8220;Continua sendo lamban\u00e7a&#8221;, respondeu o juiz, no Telegram. &#8220;N\u00e3o pode cometer esse tipo de erro agora.&#8221;<\/p>\n<p>Deltan procurou ent\u00e3o encorajar Moro e lhe prometeu apoio incondicional. &#8220;Saiba n\u00e3o s\u00f3 que a imensa maioria da sociedade est\u00e1 com Vc, mas que n\u00f3s faremos tudo o que for necess\u00e1rio para defender Vc de injustas acusa\u00e7\u00f5es&#8221;, escreveu.<\/p>\n<p>Moro disse que temia press\u00f5es para que sua atua\u00e7\u00e3o fosse examinada pelo Conselho Nacional de Justi\u00e7a e comunicou que mandaria para o Supremo os tr\u00eas principais processos que envolviam a Odebrecht, inclusive os que a for\u00e7a-tarefa tinha sugerido manter em Curitiba.<\/p>\n<p>Deltan prometeu ao juiz que falaria com o representante do Minist\u00e9rio P\u00fablico Federal no CNJ e sugeriu que tentaria apressar uma das den\u00fancias que a for\u00e7a-tarefa estava preparando. A medida permitiria que o caso fosse encaminhado ao STF j\u00e1 com os acusados e crimes definidos na den\u00fancia.<\/p>\n<p>Os di\u00e1logos analisados pela Folha e pelo Intercept fazem parte de um pacote de mensagens que o site come\u00e7ou a revelar no \u00faltimo dia 9. O material re\u00fane conversas mantidas pelos procuradores da Lava Jato em v\u00e1rios grupos do aplicativo Telegram desde 2014. <\/p>\n<p>O vazamento das mensagens exp\u00f4s a proximidade entre Moro e a for\u00e7a-tarefa e p\u00f4s em d\u00favida sua imparcialidade como juiz na condu\u00e7\u00e3o dos processos da Lava Jato, obrigando-o a ir at\u00e9 uma comiss\u00e3o do Senado para se explicar na \u00faltima quarta-feira (19).<\/p>\n<p>Moro, que deixou a magistratura no ano passado para ser ministro da Justi\u00e7a no governo Jair Bolsonaro (PSL), diz n\u00e3o reconhecer a autenticidade das mensagens obtidas pelo Intercept, considera sua divulga\u00e7\u00e3o sensacionalista e nega ter cometido ilegalidades na condu\u00e7\u00e3o da Lava Jato &#8211;o que deve ser avaliado nesta semana pelo Supremo.<\/p>\n<p>A for\u00e7a-tarefa da Lava Jato tamb\u00e9m n\u00e3o reconhece as mensagens como aut\u00eanticas, mas, assim como Moro, n\u00e3o apontou ind\u00edcios de fraude nos di\u00e1logos revelados.<\/p>\n<p>Segundo a legisla\u00e7\u00e3o, ju\u00edzes devem se manter imparciais diante da acusa\u00e7\u00e3o e da defesa. Se estiverem de alguma forma comprometidos com uma das partes, devem se considerar suspeitos e, assim, ficam impedidos de julgar a a\u00e7\u00e3o. Quando isso ocorre, o caso \u00e9 enviado para outro magistrado.<\/p>\n<p>As mensagens mostram tamb\u00e9m que procuradores e policiais se mobilizaram em diversos momentos para manter o juiz como um aliado da for\u00e7a-tarefa, seguindo sua orienta\u00e7\u00e3o at\u00e9 mesmo quando criticou uma procuradora cujo desempenho numa audi\u00eancia lhe parecera fraco.<\/p>\n<p>No caso da lista da Odebrecht, Deltan procurou o delegado M\u00e1rcio Anselmo, que chefiava as investiga\u00e7\u00f5es sobre a empresa, minutos depois de receber a reclama\u00e7\u00e3o do juiz. &#8220;Moro est\u00e1 chateado&#8221;, escreveu. &#8220;Vai apanhar mais do STF, porque vai parecer afronta&#8221;, acrescentou, repetindo a palavra usada pelo juiz antes.<\/p>\n<p>O procurador sugeriu que o policial fizesse uma an\u00e1lise mais aprofundada da lista para verificar se os valores correspondiam a contribui\u00e7\u00f5es pol\u00edticas feitas legalmente ou n\u00e3o e fez um apelo. <\/p>\n<p>&#8220;Por favor nos ajude a pensar o que podemos fazer em rela\u00e7\u00e3o a isso&#8221;, escreveu.<\/p>\n<p>Anselmo respondeu no fim do dia, de acordo com as mensagens. Disse que correra para anexar os pap\u00e9is aos autos dentro do prazo legal e que n\u00e3o via motivo para &#8220;todo esse alvoro\u00e7o&#8221;, acrescentando a Deltan que parte do material j\u00e1 tinha sido exibido a tr\u00eas integrantes da for\u00e7a-tarefa um m\u00eas antes, quando foi encontrado.<\/p>\n<p>Deltan afirmou ao delegado que ele cometera um erro na sua avalia\u00e7\u00e3o e pediu que fosse mais cuidadoso. &#8220;O receio \u00e9 que isso seja usado pelo STF contra a opera\u00e7\u00e3o e contra o Moro. O momento \u00e9 que ficou ruim&#8221;, explicou. &#8220;Vem porrada.&#8221;<\/p>\n<p>No dia seguinte, Moro pediu a Deltan que ajudasse a conter o grupo antipetista MBL (Movimento Brasil Livre), ap\u00f3s um protesto em frente ao apartamento do ministro Teori Zavascki em Porto Alegre, em que militantes estenderam faixas que o chamavam de &#8220;traidor&#8221; e &#8220;pelego do PT&#8221; e pediam que deixasse &#8220;Moro trabalhar&#8221;. <\/p>\n<p>&#8220;Nao.sei se vcs tem algum contato mas alguns tontos daquele movimento brasil livre foram fazer protesto na frente do condominio.do ministro&#8221;, digitou Moro no Telegram, no fim da noite. &#8220;Isso nao ajuda evidentemente.&#8221;<\/p>\n<p>Deltan disse que ia procurar saber, mas observou que talvez fosse melhor n\u00e3o fazer nada. &#8220;N\u00e3o sendo violento ou vandalizar, n\u00e3o acho que seja o caso de nos metermos nisso por um lado ou outro&#8221;, disse. Mais tarde, o procurador disse que a for\u00e7a-tarefa n\u00e3o tinha contato com o MBL, e Moro n\u00e3o insistiu mais no assunto.<\/p>\n<p>Em 28 de mar\u00e7o, ap\u00f3s receber manifesta\u00e7\u00e3o formal do Minist\u00e9rio P\u00fablico sobre os processos, Moro mandou para o STF dois inqu\u00e9ritos e uma a\u00e7\u00e3o penal que estavam em andamento em Curitiba, incluindo os autos com a lista da Odebrecht, para que Teori decidisse o que fazer com eles. <\/p>\n<p>&#8220;O ideal seria antes aprofundar as apura\u00e7\u00f5es para remeter os processos apenas diante de ind\u00edcios mais concretos de que esses pagamentos seriam tamb\u00e9m il\u00edcitos&#8221;, anotou em seu despacho. <\/p>\n<p>&#8220;A cautela recomenda, por\u00e9m, que a quest\u00e3o seja submetida desde logo ao Egr\u00e9gio Supremo Tribunal Federal.&#8221;<\/p>\n<p>Em 22 de abril, Teori decidiu devolver os tr\u00eas processos a Curitiba, mantendo no STF somente as planilhas da Odebrecht que listavam pol\u00edticos, que foram preservadas sob sigilo. Primeiro relator da Lava Jato no Supremo, Teori morreu num acidente a\u00e9reo em janeiro de 2017.<\/p>\n<p>A retomada dos inqu\u00e9ritos foi importante para o avan\u00e7o das investiga\u00e7\u00f5es sobre a Odebrecht. <\/p>\n<p>Nessa \u00e9poca, os procuradores j\u00e1 haviam convencido uma funcion\u00e1ria do departamento respons\u00e1vel por pagamentos de propina da empreiteira a cooperar e estavam come\u00e7ando a negociar acordos de dela\u00e7\u00e3o premiada com os principais executivos da empresa.<\/p>\n<p>Procurado, Moro afirmou que sempre respeitou o MBL e voltou a criticar invas\u00e3o de celulares. J\u00e1 equipe de procuradores da Lava Jato n\u00e3o se manifestou at\u00e9 a publica\u00e7\u00e3o desta reportagem.<\/p>\n<p>Segundo levantamento feito pelo CNJ a pedido da Folha na semana passada, 55 processos foram abertos para examinar a atua\u00e7\u00e3o de Moro na Lava Jato e 34 j\u00e1 foram arquivados sem puni\u00e7\u00e3o para o ex-juiz, incluindo diversas reclama\u00e7\u00f5es por causa da divulga\u00e7\u00e3o das escutas em 2016.<\/p>\n<p>Ricardo Balthazar e Flavio Ferreira, da Folha; Rafael Moro Martins e Amanda Audi, do The Intercept Brasil<\/p>\n","protected":false},"excerpt":{"rendered":"<p>Conversas indicam que Deltan discutiu com ent\u00e3o juiz medidas para evitar desgaste por divulga\u00e7\u00e3o de planilhas com pol\u00edticos<\/p>\n","protected":false},"author":1,"featured_media":0,"comment_status":"closed","ping_status":"open","sticky":false,"template":"","format":"standard","meta":{"_exactmetrics_skip_tracking":false,"_exactmetrics_sitenote_active":false,"_exactmetrics_sitenote_note":"","_exactmetrics_sitenote_category":0,"jetpack_post_was_ever_published":false,"_jetpack_newsletter_access":"","_jetpack_dont_email_post_to_subs":false,"_jetpack_newsletter_tier_id":0,"_jetpack_memberships_contains_paywalled_content":false,"_jetpack_memberships_contains_paid_content":false,"footnotes":"","jetpack_publicize_message":"","jetpack_publicize_feature_enabled":true,"jetpack_social_post_already_shared":true,"jetpack_social_options":{"image_generator_settings":{"template":"highway","enabled":false},"version":2}},"categories":[1],"tags":[],"class_list":["post-22443","post","type-post","status-publish","format-standard","hentry","category-notas"],"jetpack_publicize_connections":[],"jetpack_sharing_enabled":true,"jetpack_featured_media_url":"","jetpack_shortlink":"https:\/\/wp.me\/p7wKYW-5PZ","jetpack-related-posts":[],"_links":{"self":[{"href":"http:\/\/blogdalucianaoliveira.com.br\/blog\/wp-json\/wp\/v2\/posts\/22443","targetHints":{"allow":["GET"]}}],"collection":[{"href":"http:\/\/blogdalucianaoliveira.com.br\/blog\/wp-json\/wp\/v2\/posts"}],"about":[{"href":"http:\/\/blogdalucianaoliveira.com.br\/blog\/wp-json\/wp\/v2\/types\/post"}],"author":[{"embeddable":true,"href":"http:\/\/blogdalucianaoliveira.com.br\/blog\/wp-json\/wp\/v2\/users\/1"}],"replies":[{"embeddable":true,"href":"http:\/\/blogdalucianaoliveira.com.br\/blog\/wp-json\/wp\/v2\/comments?post=22443"}],"version-history":[{"count":1,"href":"http:\/\/blogdalucianaoliveira.com.br\/blog\/wp-json\/wp\/v2\/posts\/22443\/revisions"}],"predecessor-version":[{"id":22446,"href":"http:\/\/blogdalucianaoliveira.com.br\/blog\/wp-json\/wp\/v2\/posts\/22443\/revisions\/22446"}],"wp:attachment":[{"href":"http:\/\/blogdalucianaoliveira.com.br\/blog\/wp-json\/wp\/v2\/media?parent=22443"}],"wp:term":[{"taxonomy":"category","embeddable":true,"href":"http:\/\/blogdalucianaoliveira.com.br\/blog\/wp-json\/wp\/v2\/categories?post=22443"},{"taxonomy":"post_tag","embeddable":true,"href":"http:\/\/blogdalucianaoliveira.com.br\/blog\/wp-json\/wp\/v2\/tags?post=22443"}],"curies":[{"name":"wp","href":"https:\/\/api.w.org\/{rel}","templated":true}]}}