{"id":22447,"date":"2019-06-23T07:57:26","date_gmt":"2019-06-23T11:57:26","guid":{"rendered":"http:\/\/blogdalucianaoliveira.com.br\/blog\/?p=22447"},"modified":"2019-06-23T07:57:26","modified_gmt":"2019-06-23T11:57:26","slug":"em-parceria-folha-e-intercept-revelam-novos-crimes-de-moro-e-dallagnol","status":"publish","type":"post","link":"http:\/\/blogdalucianaoliveira.com.br\/blog\/2019\/06\/23\/em-parceria-folha-e-intercept-revelam-novos-crimes-de-moro-e-dallagnol\/","title":{"rendered":"Em parceria, Folha e Intercept revelam novos crimes de Moro e Dallagnol"},"content":{"rendered":"<p><img data-recalc-dims=\"1\" loading=\"lazy\" decoding=\"async\" data-attachment-id=\"22449\" data-permalink=\"http:\/\/blogdalucianaoliveira.com.br\/blog\/2019\/06\/23\/em-parceria-folha-e-intercept-revelam-novos-crimes-de-moro-e-dallagnol\/426d8948-9dca-4c2d-b3aa-33da4cbe2a38\/\" data-orig-file=\"https:\/\/i0.wp.com\/blogdalucianaoliveira.com.br\/blog\/wp-content\/uploads\/2019\/06\/426D8948-9DCA-4C2D-B3AA-33DA4CBE2A38.jpeg?fit=717%2C428\" data-orig-size=\"717,428\" data-comments-opened=\"0\" data-image-meta=\"{&quot;aperture&quot;:&quot;0&quot;,&quot;credit&quot;:&quot;&quot;,&quot;camera&quot;:&quot;&quot;,&quot;caption&quot;:&quot;&quot;,&quot;created_timestamp&quot;:&quot;0&quot;,&quot;copyright&quot;:&quot;&quot;,&quot;focal_length&quot;:&quot;0&quot;,&quot;iso&quot;:&quot;0&quot;,&quot;shutter_speed&quot;:&quot;0&quot;,&quot;title&quot;:&quot;&quot;,&quot;orientation&quot;:&quot;0&quot;}\" data-image-title=\"426D8948-9DCA-4C2D-B3AA-33DA4CBE2A38\" data-image-description=\"\" data-image-caption=\"\" data-medium-file=\"https:\/\/i0.wp.com\/blogdalucianaoliveira.com.br\/blog\/wp-content\/uploads\/2019\/06\/426D8948-9DCA-4C2D-B3AA-33DA4CBE2A38.jpeg?fit=300%2C179\" data-large-file=\"https:\/\/i0.wp.com\/blogdalucianaoliveira.com.br\/blog\/wp-content\/uploads\/2019\/06\/426D8948-9DCA-4C2D-B3AA-33DA4CBE2A38.jpeg?fit=600%2C358\" src=\"https:\/\/i0.wp.com\/blogdalucianaoliveira.com.br\/blog\/wp-content\/uploads\/2019\/06\/426D8948-9DCA-4C2D-B3AA-33DA4CBE2A38.jpeg?resize=600%2C358\" alt=\"426D8948-9DCA-4C2D-B3AA-33DA4CBE2A38\" width=\"600\" height=\"358\" class=\"alignnone size-full wp-image-22449\" srcset=\"https:\/\/i0.wp.com\/blogdalucianaoliveira.com.br\/blog\/wp-content\/uploads\/2019\/06\/426D8948-9DCA-4C2D-B3AA-33DA4CBE2A38.jpeg?w=717 717w, https:\/\/i0.wp.com\/blogdalucianaoliveira.com.br\/blog\/wp-content\/uploads\/2019\/06\/426D8948-9DCA-4C2D-B3AA-33DA4CBE2A38.jpeg?resize=300%2C179 300w, https:\/\/i0.wp.com\/blogdalucianaoliveira.com.br\/blog\/wp-content\/uploads\/2019\/06\/426D8948-9DCA-4C2D-B3AA-33DA4CBE2A38.jpeg?resize=503%2C300 503w\" sizes=\"auto, (max-width: 600px) 100vw, 600px\" \/><\/p>\n<p>Pacote de mensagens aponta que Sergio Moro e Deltan Dallagnol atuaram em sintonia no epis\u00f3dio do grampo ilegal da ex-presidente Dilma Rousseff e do ex-presidente Lula, que foi vazado para o Jornal Nacional e foi determinante para o golpe de 2016, que abriu espa\u00e7o para a ascens\u00e3o da extrema-direita no Brasil<!--more--><\/p>\n<p>247 \u2013 &#8220;Procuradores na linha de frente da Opera\u00e7\u00e3o Lava Jato se articularam para proteger Sergio Moro e evitar que tens\u00f5es entre ele e o Supremo Tribunal Federal paralisassem as investiga\u00e7\u00f5es num momento cr\u00edtico para a for\u00e7a-tarefa em 2016&#8221;, aponta a primeira reportagem decorrente da parceria entre a Folha de S. Paulo e o The Intercept. &#8220;O objetivo era evitar que a divulga\u00e7\u00e3o de pap\u00e9is encontrados pela Pol\u00edcia Federal na casa de um executivo da Odebrecht acirrasse o confronto com o STF ao expor indevidamente dezenas de pol\u00edticos que tinham direito a foro especial &#8212; e que s\u00f3 podiam ser investigados com autoriza\u00e7\u00e3o da corte.&#8221;<\/p>\n<p>Moro e Dallagnol temiam que o ministro Teori Zavascki desmembrasse os inqu\u00e9ritos que estavam sob controle de Moro em Curitiba, uma vez que atingiam pol\u00edticos com foro privilegiado.  &#8220;Tremenda bola nas costas da Pf&#8221;, disse Moro. &#8220;E vai parecer afronta&#8221;. Moro tamb\u00e9m se referiu \u00e0 palavra &#8216;lamban\u00e7a&#8217;,  ao se referir ao erro da PF. <\/p>\n<p>&#8220;Saiba n\u00e3o s\u00f3 que a imensa maioria da sociedade est\u00e1 com Vc, mas que n\u00f3s faremos tudo o que for necess\u00e1rio para defender Vc de injustas acusa\u00e7\u00f5es&#8221;, respondeu Dallagnol, sobre o fato de Moro ter em seu poder dados sobre pessoas com foro privilegiado.<\/p>\n<p>Nesta primeira parceria, Folha e Intercept mostram que o juiz deve se manter equidistante entre acusa\u00e7\u00e3o e defesa \u2013 e n\u00e3o atuar como uma das partes. O que as mensagens revelam \u00e9 que Moro foi chefe da acusa\u00e7\u00e3o em toda a Opera\u00e7\u00e3o Lava Jato.<\/p>\n","protected":false},"excerpt":{"rendered":"<p>Pacote de mensagens aponta que Sergio Moro e Deltan Dallagnol atuaram em sintonia no epis\u00f3dio do grampo ilegal da ex-presidente Dilma Rousseff e do ex-presidente Lula, que foi vazado para o Jornal Nacional e foi determinante para o golpe de 2016, que abriu espa\u00e7o para a ascens\u00e3o da extrema-direita no Brasil<\/p>\n","protected":false},"author":1,"featured_media":0,"comment_status":"closed","ping_status":"open","sticky":false,"template":"","format":"standard","meta":{"_exactmetrics_skip_tracking":false,"_exactmetrics_sitenote_active":false,"_exactmetrics_sitenote_note":"","_exactmetrics_sitenote_category":0,"jetpack_post_was_ever_published":false,"_jetpack_newsletter_access":"","_jetpack_dont_email_post_to_subs":false,"_jetpack_newsletter_tier_id":0,"_jetpack_memberships_contains_paywalled_content":false,"_jetpack_memberships_contains_paid_content":false,"footnotes":"","jetpack_publicize_message":"","jetpack_publicize_feature_enabled":true,"jetpack_social_post_already_shared":true,"jetpack_social_options":{"image_generator_settings":{"template":"highway","enabled":false},"version":2}},"categories":[1],"tags":[],"class_list":["post-22447","post","type-post","status-publish","format-standard","hentry","category-notas"],"jetpack_publicize_connections":[],"jetpack_sharing_enabled":true,"jetpack_featured_media_url":"","jetpack_shortlink":"https:\/\/wp.me\/p7wKYW-5Q3","jetpack-related-posts":[],"_links":{"self":[{"href":"http:\/\/blogdalucianaoliveira.com.br\/blog\/wp-json\/wp\/v2\/posts\/22447","targetHints":{"allow":["GET"]}}],"collection":[{"href":"http:\/\/blogdalucianaoliveira.com.br\/blog\/wp-json\/wp\/v2\/posts"}],"about":[{"href":"http:\/\/blogdalucianaoliveira.com.br\/blog\/wp-json\/wp\/v2\/types\/post"}],"author":[{"embeddable":true,"href":"http:\/\/blogdalucianaoliveira.com.br\/blog\/wp-json\/wp\/v2\/users\/1"}],"replies":[{"embeddable":true,"href":"http:\/\/blogdalucianaoliveira.com.br\/blog\/wp-json\/wp\/v2\/comments?post=22447"}],"version-history":[{"count":1,"href":"http:\/\/blogdalucianaoliveira.com.br\/blog\/wp-json\/wp\/v2\/posts\/22447\/revisions"}],"predecessor-version":[{"id":22450,"href":"http:\/\/blogdalucianaoliveira.com.br\/blog\/wp-json\/wp\/v2\/posts\/22447\/revisions\/22450"}],"wp:attachment":[{"href":"http:\/\/blogdalucianaoliveira.com.br\/blog\/wp-json\/wp\/v2\/media?parent=22447"}],"wp:term":[{"taxonomy":"category","embeddable":true,"href":"http:\/\/blogdalucianaoliveira.com.br\/blog\/wp-json\/wp\/v2\/categories?post=22447"},{"taxonomy":"post_tag","embeddable":true,"href":"http:\/\/blogdalucianaoliveira.com.br\/blog\/wp-json\/wp\/v2\/tags?post=22447"}],"curies":[{"name":"wp","href":"https:\/\/api.w.org\/{rel}","templated":true}]}}