{"id":22451,"date":"2019-06-23T18:25:35","date_gmt":"2019-06-23T22:25:35","guid":{"rendered":"http:\/\/blogdalucianaoliveira.com.br\/blog\/?p=22451"},"modified":"2019-06-23T18:25:35","modified_gmt":"2019-06-23T22:25:35","slug":"tom-politico-da-parada-lgbt-de-sao-paulo-e-reforcado-em-2019","status":"publish","type":"post","link":"http:\/\/blogdalucianaoliveira.com.br\/blog\/2019\/06\/23\/tom-politico-da-parada-lgbt-de-sao-paulo-e-reforcado-em-2019\/","title":{"rendered":"Tom pol\u00edtico da Parada LGBT de S\u00e3o Paulo \u00e9 refor\u00e7ado em 2019"},"content":{"rendered":"<p><img data-recalc-dims=\"1\" loading=\"lazy\" decoding=\"async\" data-attachment-id=\"22452\" data-permalink=\"http:\/\/blogdalucianaoliveira.com.br\/blog\/2019\/06\/23\/tom-politico-da-parada-lgbt-de-sao-paulo-e-reforcado-em-2019\/3ce9597d-37fa-4939-aa18-126305b5b64a\/\" data-orig-file=\"https:\/\/i0.wp.com\/blogdalucianaoliveira.com.br\/blog\/wp-content\/uploads\/2019\/06\/3CE9597D-37FA-4939-AA18-126305B5B64A.jpeg?fit=640%2C480\" data-orig-size=\"640,480\" data-comments-opened=\"0\" data-image-meta=\"{&quot;aperture&quot;:&quot;0&quot;,&quot;credit&quot;:&quot;&quot;,&quot;camera&quot;:&quot;&quot;,&quot;caption&quot;:&quot;&quot;,&quot;created_timestamp&quot;:&quot;0&quot;,&quot;copyright&quot;:&quot;&quot;,&quot;focal_length&quot;:&quot;0&quot;,&quot;iso&quot;:&quot;0&quot;,&quot;shutter_speed&quot;:&quot;0&quot;,&quot;title&quot;:&quot;&quot;,&quot;orientation&quot;:&quot;0&quot;}\" data-image-title=\"3CE9597D-37FA-4939-AA18-126305B5B64A\" data-image-description=\"\" data-image-caption=\"\" data-medium-file=\"https:\/\/i0.wp.com\/blogdalucianaoliveira.com.br\/blog\/wp-content\/uploads\/2019\/06\/3CE9597D-37FA-4939-AA18-126305B5B64A.jpeg?fit=300%2C225\" data-large-file=\"https:\/\/i0.wp.com\/blogdalucianaoliveira.com.br\/blog\/wp-content\/uploads\/2019\/06\/3CE9597D-37FA-4939-AA18-126305B5B64A.jpeg?fit=600%2C450\" class=\"alignnone size-full wp-image-22452\" src=\"https:\/\/i0.wp.com\/blogdalucianaoliveira.com.br\/blog\/wp-content\/uploads\/2019\/06\/3CE9597D-37FA-4939-AA18-126305B5B64A.jpeg?resize=600%2C450\" alt=\"3CE9597D-37FA-4939-AA18-126305B5B64A\" width=\"600\" height=\"450\" srcset=\"https:\/\/i0.wp.com\/blogdalucianaoliveira.com.br\/blog\/wp-content\/uploads\/2019\/06\/3CE9597D-37FA-4939-AA18-126305B5B64A.jpeg?w=640 640w, https:\/\/i0.wp.com\/blogdalucianaoliveira.com.br\/blog\/wp-content\/uploads\/2019\/06\/3CE9597D-37FA-4939-AA18-126305B5B64A.jpeg?resize=300%2C225 300w, https:\/\/i0.wp.com\/blogdalucianaoliveira.com.br\/blog\/wp-content\/uploads\/2019\/06\/3CE9597D-37FA-4939-AA18-126305B5B64A.jpeg?resize=400%2C300 400w\" sizes=\"auto, (max-width: 600px) 100vw, 600px\" \/><\/p>\n<p>Entre celebra\u00e7\u00e3o e protesto, participantes do evento refletem sobre atual contexto pol\u00edtico<!--more--><\/p>\n<p>Sheila de Oliveira<br \/>\nBrasil de Fato<\/p>\n<p>Com diversos trios el\u00e9tricos com apresenta\u00e7\u00f5es musicais e a expectativa dos organizadores em receber cerca de tr\u00eas milh\u00f5es de pessoas, a 23\u00aa Parada do Orgulho LGBTI de S\u00e3o Paulo n\u00e3o foi apenas marcada pela celebra\u00e7\u00e3o e festividade.<\/p>\n<p><a href=\"https:\/\/www.brasildefato.com.br\/2019\/06\/20\/seminario-previo-a-parada-do-orgulho-lgbti-celebra-50-anos-de-stonewall-em-sao-paulo\/\">Celebrando os 50 anos da Rebeli\u00e3o de Stonewall<\/a>, nos EUA, a Parada de S\u00e3o Paulo viu em 2019 seu componente pol\u00edtico, presente desde a primeira edi\u00e7\u00e3o, ser refor\u00e7ado diante da contexto pol\u00edtico nacional, marcado pela elei\u00e7\u00e3o de Jair Bolsonaro, conhecido por suas posi\u00e7\u00f5es e declara\u00e7\u00f5es homof\u00f3bicas. De outro lado, a popula\u00e7\u00e3o LGBTI celebrava a recente decis\u00e3o do Supremo Tribunal Federal que equiparou condutas homof\u00f3bicas ao racismo.<\/p>\n<p><img data-recalc-dims=\"1\" decoding=\"async\" src=\"https:\/\/i0.wp.com\/farm66.staticflickr.com\/65535\/48115864918_d9b47a00a5_o.jpg?w=600&#038;ssl=1\" alt=\"\" \/><\/p>\n<p class=\"ckeditor-img-caption\">Isaac Silva, estilista \/ Cred: Sheila de Oliveira &#8211; BdF<\/p>\n<p>\u201c\u00c9 uma pena que nossos motivos n\u00e3o sejam apenas a comemora\u00e7\u00e3o. No pa\u00eds que mata um homossexual a cada 24 horas, n\u00f3s ainda elegemos um cara conivente com isso tudo. Infelizmente, ainda \u00e9 necess\u00e1rio. Eu queria estar apenas comemorando, mas talvez eu tenha vindo com um pensamento mais pol\u00edtico\u201d, disse Thalita Peron, participando pela primeira vez da Parada da capital paulista.<\/p>\n<p>O comunicador Frederico Franz ressaltou como a elei\u00e7\u00e3o do candidato de extrema-direita afeta o cotidiano da popula\u00e7\u00e3o LGBT. Antes mesmo do fim da disputa em 2018, ele decidiu formalizar sua uni\u00e3o com seu companheiro diante do receio de ver o reconhecimento da uni\u00e3o civil sofrer com retrocessos.<\/p>\n<p>\u201cDesde a chegada do Bolsonaro ao poder, e tem mais a ver com sua popularidade do que ganhar o governo\u2026 Eu sinto que quanto mais popular ele for, mais confort\u00e1veis as pessoas se sentem para serem homof\u00f3bicas. \u00c9 um assunto que me atinge diretamente\u201d, lamenta.<\/p>\n<p><img data-recalc-dims=\"1\" decoding=\"async\" src=\"https:\/\/i0.wp.com\/farm66.staticflickr.com\/65535\/48115872478_b92de834fb_o.jpg?w=600&#038;ssl=1\" alt=\"\" \/><\/p>\n<p class=\"ckeditor-img-caption\">Cred: Sheila de Oliveira<\/p>\n<p>Al\u00e9m da oposi\u00e7\u00e3o ao atual presidente, parte dos presentes na Parada tamb\u00e9m aproveitou a oportunidade para pedir a liberdade do ex-presidente Luiz In\u00e1cio Lula da Silva.<\/p>\n<p>Cl\u00e1udia Regina, presidenta da Associa\u00e7\u00e3o da Parada do Orgulho LGBT de S\u00e3o Paulo, foi uma das primeiras a pautar a quest\u00e3o no carro de som que comandava o in\u00edcio do evento : \u201cN\u00f3s temos um governo que est\u00e1 tirando as estruturas de atendimento [\u00e0 popula\u00e7\u00e3o LGBT]. Acabando com educa\u00e7\u00e3o e sa\u00fade. N\u00e3o vamos voltar para o arm\u00e1rio, para a senzala e apara a cozinha. Fora Bolsonaro e, por mim, Lula Livre!\u201d, disse, com apoio dos presentes.<\/p>\n<p>A Parada do Orgulho LGBT de S\u00e3o Paulo se iniciou na Avenida Paulista por volta das 10h, e teve como ponto de encerramento o Vale do Anhangaba\u00fa.<\/p>\n<p class=\"editor\">Edi\u00e7\u00e3o: Rafael Tatemoto<\/p>\n<div class=\"content-footer\"><\/div>\n","protected":false},"excerpt":{"rendered":"<p>Entre celebra\u00e7\u00e3o e protesto, participantes do evento refletem sobre atual contexto pol\u00edtico<\/p>\n","protected":false},"author":1,"featured_media":0,"comment_status":"closed","ping_status":"open","sticky":false,"template":"","format":"standard","meta":{"_exactmetrics_skip_tracking":false,"_exactmetrics_sitenote_active":false,"_exactmetrics_sitenote_note":"","_exactmetrics_sitenote_category":0,"jetpack_post_was_ever_published":false,"_jetpack_newsletter_access":"","_jetpack_dont_email_post_to_subs":false,"_jetpack_newsletter_tier_id":0,"_jetpack_memberships_contains_paywalled_content":false,"_jetpack_memberships_contains_paid_content":false,"footnotes":"","jetpack_publicize_message":"","jetpack_publicize_feature_enabled":true,"jetpack_social_post_already_shared":true,"jetpack_social_options":{"image_generator_settings":{"template":"highway","enabled":false},"version":2}},"categories":[1],"tags":[],"class_list":["post-22451","post","type-post","status-publish","format-standard","hentry","category-notas"],"jetpack_publicize_connections":[],"jetpack_sharing_enabled":true,"jetpack_featured_media_url":"","jetpack_shortlink":"https:\/\/wp.me\/p7wKYW-5Q7","jetpack-related-posts":[],"_links":{"self":[{"href":"http:\/\/blogdalucianaoliveira.com.br\/blog\/wp-json\/wp\/v2\/posts\/22451","targetHints":{"allow":["GET"]}}],"collection":[{"href":"http:\/\/blogdalucianaoliveira.com.br\/blog\/wp-json\/wp\/v2\/posts"}],"about":[{"href":"http:\/\/blogdalucianaoliveira.com.br\/blog\/wp-json\/wp\/v2\/types\/post"}],"author":[{"embeddable":true,"href":"http:\/\/blogdalucianaoliveira.com.br\/blog\/wp-json\/wp\/v2\/users\/1"}],"replies":[{"embeddable":true,"href":"http:\/\/blogdalucianaoliveira.com.br\/blog\/wp-json\/wp\/v2\/comments?post=22451"}],"version-history":[{"count":1,"href":"http:\/\/blogdalucianaoliveira.com.br\/blog\/wp-json\/wp\/v2\/posts\/22451\/revisions"}],"predecessor-version":[{"id":22453,"href":"http:\/\/blogdalucianaoliveira.com.br\/blog\/wp-json\/wp\/v2\/posts\/22451\/revisions\/22453"}],"wp:attachment":[{"href":"http:\/\/blogdalucianaoliveira.com.br\/blog\/wp-json\/wp\/v2\/media?parent=22451"}],"wp:term":[{"taxonomy":"category","embeddable":true,"href":"http:\/\/blogdalucianaoliveira.com.br\/blog\/wp-json\/wp\/v2\/categories?post=22451"},{"taxonomy":"post_tag","embeddable":true,"href":"http:\/\/blogdalucianaoliveira.com.br\/blog\/wp-json\/wp\/v2\/tags?post=22451"}],"curies":[{"name":"wp","href":"https:\/\/api.w.org\/{rel}","templated":true}]}}