{"id":22457,"date":"2019-06-24T09:25:45","date_gmt":"2019-06-24T13:25:45","guid":{"rendered":"http:\/\/blogdalucianaoliveira.com.br\/blog\/?p=22457"},"modified":"2019-06-24T09:25:45","modified_gmt":"2019-06-24T13:25:45","slug":"moro-e-dallagnol-sao-criticados-na-onu","status":"publish","type":"post","link":"http:\/\/blogdalucianaoliveira.com.br\/blog\/2019\/06\/24\/moro-e-dallagnol-sao-criticados-na-onu\/","title":{"rendered":"Moro e Dallagnol s\u00e3o criticados na ONU"},"content":{"rendered":"<p><img data-recalc-dims=\"1\" loading=\"lazy\" decoding=\"async\" data-attachment-id=\"22458\" data-permalink=\"http:\/\/blogdalucianaoliveira.com.br\/blog\/2019\/06\/24\/moro-e-dallagnol-sao-criticados-na-onu\/cri-4\/\" data-orig-file=\"https:\/\/i0.wp.com\/blogdalucianaoliveira.com.br\/blog\/wp-content\/uploads\/2019\/06\/cri.jpeg?fit=1250%2C600\" data-orig-size=\"1250,600\" data-comments-opened=\"0\" data-image-meta=\"{&quot;aperture&quot;:&quot;0&quot;,&quot;credit&quot;:&quot;&quot;,&quot;camera&quot;:&quot;&quot;,&quot;caption&quot;:&quot;&quot;,&quot;created_timestamp&quot;:&quot;0&quot;,&quot;copyright&quot;:&quot;&quot;,&quot;focal_length&quot;:&quot;0&quot;,&quot;iso&quot;:&quot;0&quot;,&quot;shutter_speed&quot;:&quot;0&quot;,&quot;title&quot;:&quot;&quot;,&quot;orientation&quot;:&quot;0&quot;}\" data-image-title=\"cri\" data-image-description=\"\" data-image-caption=\"\" data-medium-file=\"https:\/\/i0.wp.com\/blogdalucianaoliveira.com.br\/blog\/wp-content\/uploads\/2019\/06\/cri.jpeg?fit=300%2C144\" data-large-file=\"https:\/\/i0.wp.com\/blogdalucianaoliveira.com.br\/blog\/wp-content\/uploads\/2019\/06\/cri.jpeg?fit=600%2C288\" src=\"https:\/\/i0.wp.com\/blogdalucianaoliveira.com.br\/blog\/wp-content\/uploads\/2019\/06\/cri.jpeg?resize=600%2C288\" alt=\"cri\" width=\"600\" height=\"288\" class=\"alignnone size-full wp-image-22458\" srcset=\"https:\/\/i0.wp.com\/blogdalucianaoliveira.com.br\/blog\/wp-content\/uploads\/2019\/06\/cri.jpeg?w=1250 1250w, https:\/\/i0.wp.com\/blogdalucianaoliveira.com.br\/blog\/wp-content\/uploads\/2019\/06\/cri.jpeg?resize=300%2C144 300w, https:\/\/i0.wp.com\/blogdalucianaoliveira.com.br\/blog\/wp-content\/uploads\/2019\/06\/cri.jpeg?resize=768%2C369 768w, https:\/\/i0.wp.com\/blogdalucianaoliveira.com.br\/blog\/wp-content\/uploads\/2019\/06\/cri.jpeg?resize=1024%2C492 1024w, https:\/\/i0.wp.com\/blogdalucianaoliveira.com.br\/blog\/wp-content\/uploads\/2019\/06\/cri.jpeg?resize=625%2C300 625w, https:\/\/i0.wp.com\/blogdalucianaoliveira.com.br\/blog\/wp-content\/uploads\/2019\/06\/cri.jpeg?w=1200 1200w\" sizes=\"auto, (max-width: 600px) 100vw, 600px\" \/><\/p>\n<p>247 &#8211; O ex-juiz Sergio Moro, atual ministro da Justi\u00e7a e Seguran\u00e7a P\u00fablica do governo de extrema-direita do Brasil, e o procurador Deltan Dallagnol foram duramente criticados na ONU por 25 entidades; a opini\u00e3o defendida no Conselho de Direitos Humanos alerta que h\u00e1 uma &#8220;eros\u00e3o&#8221; da confian\u00e7a na judicatura e pedem que o Estado brasileiro garanta a presta\u00e7\u00e3o de contas de autoridades respons\u00e1veis pelo abuso de poder e corrup\u00e7\u00e3o de fun\u00e7\u00f5es<!--more--><\/p>\n<p>O ex-juiz Sergio Moro, atual ministro da Justi\u00e7a e Seguran\u00e7a P\u00fablica do governo de extrema-direita do Brasil, e o procurador Deltan Dallagnol foram duramente criticados na ONU por 25 entidades. A opini\u00e3o defendida no Conselho de Direitos Humanos alerta que h\u00e1 uma &#8220;eros\u00e3o&#8221; da confian\u00e7a na judicatura e pedem que o Estado brasileiro garanta a presta\u00e7\u00e3o de contas de autoridades respons\u00e1veis pelo abuso de poder e corrup\u00e7\u00e3o de fun\u00e7\u00f5es, informa o jornalista Jamil Chade.<\/p>\n<p>&#8220;Um grupo de 25 entidades leva \u00e0s Na\u00e7\u00f5es Unidas o debate sobre os vazamentos de conversas entre o ministro da Justi\u00e7a, S\u00e9rgio Moro, e o procurador Deltan Dallagnol. Numa declara\u00e7\u00e3o durante o Conselho de Direitos Humanos da ONU, ongs alertaram que h\u00e1 uma &#8220;eros\u00e3o&#8221; da confian\u00e7a na judicatura e pedem que o estado brasileiro garanta a edi\u00e7\u00e3o de contas por parte dos implicados&#8221;.<\/p>\n<p>&#8220;O debate ocorreu durante a apresenta\u00e7\u00e3o do relator da ONU, Diego Garc\u00eda-Say\u00e1n, sobre a independ\u00eancia do Judici\u00e1rio. A declara\u00e7\u00e3o foi realizada pela Articula\u00e7\u00e3o Justi\u00e7a e Direitos Humanos, composta por grupos como Justi\u00e7a Global, Terra de Direitos, Conselho Indigesta Mission\u00e1rio e Geled\u00e9s Instituto da Mulher Negra&#8221;.  <\/p>\n<p>As informa\u00e7\u00f5es s\u00e3o do jornalista Jamil Chade em seu blog.<\/p>\n","protected":false},"excerpt":{"rendered":"<p>247 &#8211; O ex-juiz Sergio Moro, atual ministro da Justi\u00e7a e Seguran\u00e7a P\u00fablica do governo de extrema-direita do Brasil, e o procurador Deltan Dallagnol foram duramente criticados na ONU por 25 entidades; a opini\u00e3o defendida no Conselho de Direitos Humanos alerta que h\u00e1 uma &#8220;eros\u00e3o&#8221; da confian\u00e7a na judicatura e pedem que o Estado brasileiro&#8230;<a class=\"more-link\" href=\"http:\/\/blogdalucianaoliveira.com.br\/blog\/2019\/06\/24\/moro-e-dallagnol-sao-criticados-na-onu\/\">Continue a leitura <span class=\"meta-nav\">&raquo;<\/span><\/a><\/p>\n","protected":false},"author":1,"featured_media":0,"comment_status":"closed","ping_status":"open","sticky":false,"template":"","format":"standard","meta":{"_exactmetrics_skip_tracking":false,"_exactmetrics_sitenote_active":false,"_exactmetrics_sitenote_note":"","_exactmetrics_sitenote_category":0,"jetpack_post_was_ever_published":false,"_jetpack_newsletter_access":"","_jetpack_dont_email_post_to_subs":false,"_jetpack_newsletter_tier_id":0,"_jetpack_memberships_contains_paywalled_content":false,"_jetpack_memberships_contains_paid_content":false,"footnotes":"","jetpack_publicize_message":"","jetpack_publicize_feature_enabled":true,"jetpack_social_post_already_shared":true,"jetpack_social_options":{"image_generator_settings":{"template":"highway","enabled":false},"version":2}},"categories":[1],"tags":[],"class_list":["post-22457","post","type-post","status-publish","format-standard","hentry","category-notas"],"jetpack_publicize_connections":[],"jetpack_sharing_enabled":true,"jetpack_featured_media_url":"","jetpack_shortlink":"https:\/\/wp.me\/p7wKYW-5Qd","jetpack-related-posts":[],"_links":{"self":[{"href":"http:\/\/blogdalucianaoliveira.com.br\/blog\/wp-json\/wp\/v2\/posts\/22457","targetHints":{"allow":["GET"]}}],"collection":[{"href":"http:\/\/blogdalucianaoliveira.com.br\/blog\/wp-json\/wp\/v2\/posts"}],"about":[{"href":"http:\/\/blogdalucianaoliveira.com.br\/blog\/wp-json\/wp\/v2\/types\/post"}],"author":[{"embeddable":true,"href":"http:\/\/blogdalucianaoliveira.com.br\/blog\/wp-json\/wp\/v2\/users\/1"}],"replies":[{"embeddable":true,"href":"http:\/\/blogdalucianaoliveira.com.br\/blog\/wp-json\/wp\/v2\/comments?post=22457"}],"version-history":[{"count":1,"href":"http:\/\/blogdalucianaoliveira.com.br\/blog\/wp-json\/wp\/v2\/posts\/22457\/revisions"}],"predecessor-version":[{"id":22459,"href":"http:\/\/blogdalucianaoliveira.com.br\/blog\/wp-json\/wp\/v2\/posts\/22457\/revisions\/22459"}],"wp:attachment":[{"href":"http:\/\/blogdalucianaoliveira.com.br\/blog\/wp-json\/wp\/v2\/media?parent=22457"}],"wp:term":[{"taxonomy":"category","embeddable":true,"href":"http:\/\/blogdalucianaoliveira.com.br\/blog\/wp-json\/wp\/v2\/categories?post=22457"},{"taxonomy":"post_tag","embeddable":true,"href":"http:\/\/blogdalucianaoliveira.com.br\/blog\/wp-json\/wp\/v2\/tags?post=22457"}],"curies":[{"name":"wp","href":"https:\/\/api.w.org\/{rel}","templated":true}]}}