{"id":22460,"date":"2019-06-24T09:30:33","date_gmt":"2019-06-24T13:30:33","guid":{"rendered":"http:\/\/blogdalucianaoliveira.com.br\/blog\/?p=22460"},"modified":"2019-06-24T09:30:33","modified_gmt":"2019-06-24T13:30:33","slug":"rede-social-pode-piorar-depressao-e-ansiedade-de-adolescentes","status":"publish","type":"post","link":"http:\/\/blogdalucianaoliveira.com.br\/blog\/2019\/06\/24\/rede-social-pode-piorar-depressao-e-ansiedade-de-adolescentes\/","title":{"rendered":"Rede social pode piorar depress\u00e3o e ansiedade de adolescentes"},"content":{"rendered":"<p><img data-recalc-dims=\"1\" loading=\"lazy\" decoding=\"async\" data-attachment-id=\"22462\" data-permalink=\"http:\/\/blogdalucianaoliveira.com.br\/blog\/2019\/06\/24\/rede-social-pode-piorar-depressao-e-ansiedade-de-adolescentes\/rede-3\/\" data-orig-file=\"https:\/\/i0.wp.com\/blogdalucianaoliveira.com.br\/blog\/wp-content\/uploads\/2019\/06\/rede.png?fit=696%2C387\" data-orig-size=\"696,387\" data-comments-opened=\"0\" data-image-meta=\"{&quot;aperture&quot;:&quot;0&quot;,&quot;credit&quot;:&quot;&quot;,&quot;camera&quot;:&quot;&quot;,&quot;caption&quot;:&quot;&quot;,&quot;created_timestamp&quot;:&quot;0&quot;,&quot;copyright&quot;:&quot;&quot;,&quot;focal_length&quot;:&quot;0&quot;,&quot;iso&quot;:&quot;0&quot;,&quot;shutter_speed&quot;:&quot;0&quot;,&quot;title&quot;:&quot;&quot;,&quot;orientation&quot;:&quot;0&quot;}\" data-image-title=\"rede\" data-image-description=\"\" data-image-caption=\"\" data-medium-file=\"https:\/\/i0.wp.com\/blogdalucianaoliveira.com.br\/blog\/wp-content\/uploads\/2019\/06\/rede.png?fit=300%2C167\" data-large-file=\"https:\/\/i0.wp.com\/blogdalucianaoliveira.com.br\/blog\/wp-content\/uploads\/2019\/06\/rede.png?fit=600%2C334\" src=\"https:\/\/i0.wp.com\/blogdalucianaoliveira.com.br\/blog\/wp-content\/uploads\/2019\/06\/rede.png?resize=600%2C334\" alt=\"rede\" width=\"600\" height=\"334\" class=\"alignnone size-full wp-image-22462\" srcset=\"https:\/\/i0.wp.com\/blogdalucianaoliveira.com.br\/blog\/wp-content\/uploads\/2019\/06\/rede.png?w=696 696w, https:\/\/i0.wp.com\/blogdalucianaoliveira.com.br\/blog\/wp-content\/uploads\/2019\/06\/rede.png?resize=300%2C167 300w, https:\/\/i0.wp.com\/blogdalucianaoliveira.com.br\/blog\/wp-content\/uploads\/2019\/06\/rede.png?resize=540%2C300 540w\" sizes=\"auto, (max-width: 600px) 100vw, 600px\" \/><\/p>\n<p>\u201cSe abro o Instagram e vejo que n\u00e3o tem novidades, vou para o Whatsapp. Se n\u00e3o tem mensagem nova, entro no Facebook. Depois, volto para o Instagram e fico nesse ciclo vicioso o dia inteiro.\u201d \u00c9 assim a rotina da recepcionista Rafaella Bonato, 19, diagnosticada com depress\u00e3o e ansiedade.<!--more--><\/p>\n<p>No blog Da Cidadania &#8211; A jovem se diz \u201cviciada em redes sociais\u201d e passa cerca de 12 horas di\u00e1rias dedicada a likes, coment\u00e1rios e fotos.<\/p>\n<p>Essa rela\u00e7\u00e3o entre o desenvolvimento de transtornos mentais nos jovens e o uso intenso das redes sociais \u00e9 alvo de diversos estudos. A University College London, por exemplo, apontou que 38% dos adolescentes que passam mais de cinco horas por dia nas contas virtuais mostraram sinais de depress\u00e3o mais grave do que os que checam menos os aplicativos.<\/p>\n<p>Estudo da Viacom International Media Networks, realizado com adolescentes entre 12 e 17 anos, constatou que os jovens brasileiros utilizam as redes sociais 63 vezes por dia \u2014a m\u00e9dia mundial \u00e9 de 50.<br \/>\nE eles t\u00eam dificuldade em lidar com o que encontram nas redes pela raz\u00e3o biol\u00f3gica: a regi\u00e3o do c\u00e9rebro ligada \u00e0 raz\u00e3o e \u00e0 l\u00f3gica ainda est\u00e3o em desenvolvimento. \u201cO jovem fica mais vulner\u00e1vel nas redes sociais\u201d, diz o psic\u00f3logo Cristiano Nabuco, coordenador do Grupo de Depend\u00eancias Tecnol\u00f3gicas do Instituto de Psiquiatria do Hospital das Cl\u00ednicas de S\u00e3o Paulo.<\/p>\n<p>Segundo especialistas, o uso excessivo de redes sociais n\u00e3o pode ser considerado causador de depress\u00e3o e ansiedade, mas est\u00e1 ligado ao agravamento dos transtornos mentais.<\/p>\n<p>\u201cSe surgir um \u2018hater\u2019, o jovem vai dar conta? E se chamarem ele de gordo? Se o jovem j\u00e1 tem dificuldade de lidar e est\u00e1 deprimido, \u00e9 uma bola de neve\u201d, explica Andrea Jotta, psic\u00f3loga do Laborat\u00f3rio de Estudos da Psicologia, Tecnologia, Informa\u00e7\u00e3o e Comunica\u00e7\u00e3o da PUC-SP.<\/p>\n<p>Foi o que aconteceu com Rafaella. \u201cOlhava imagens daquelas meninas magras e me sentia mal. Tinha uma meta de ficar como elas, mas eu sabia que meu biotipo jamais me deixaria atingir aquilo.\u201d<\/p>\n<p>O problema, segundo Jackeline Giusti, psiquiatra da inf\u00e2ncia e da adolesc\u00eancia do Instituto de Psiquiatria da USP, \u00e9 que esses modelos a serem copiados n\u00e3o s\u00e3o reais. \u201cTodo mundo s\u00f3 mostra a parte legal, e quem est\u00e1 deprimido acaba se sentindo pior vendo imagens perfeitas.\u201d<\/p>\n<p>Os algoritmos, explica Andrea Jotta, t\u00eam parte da responsabilidade. \u201cH\u00e1 depressivos que v\u00e3o para a rede buscar ajuda e, ao inv\u00e9s de achar palavras de apoio, encontram resultados de suic\u00eddio\u201d.<\/p>\n<p>Ela acrescenta que, quanto mais pr\u00f3ximo da vida adulta, mais o jovem sofre com a expectativa de curtidas. \u201cOs mais novos n\u00e3o t\u00eam curvas do que entendem como sucesso nas redes. Se eles postam uma foto e em 30 minutos s\u00f3 recebem dez curtidas, apagam e seguem a vida. Quanto mais velho, mais sofrimento por conta do hist\u00f3rico de expectativa de aceita\u00e7\u00e3o\u201d, diz.<\/p>\n<p>Da FSP<\/p>\n","protected":false},"excerpt":{"rendered":"<p>\u201cSe abro o Instagram e vejo que n\u00e3o tem novidades, vou para o Whatsapp. Se n\u00e3o tem mensagem nova, entro no Facebook. Depois, volto para o Instagram e fico nesse ciclo vicioso o dia inteiro.\u201d \u00c9 assim a rotina da recepcionista Rafaella Bonato, 19, diagnosticada com depress\u00e3o e ansiedade.<\/p>\n","protected":false},"author":1,"featured_media":0,"comment_status":"closed","ping_status":"open","sticky":false,"template":"","format":"standard","meta":{"_exactmetrics_skip_tracking":false,"_exactmetrics_sitenote_active":false,"_exactmetrics_sitenote_note":"","_exactmetrics_sitenote_category":0,"jetpack_post_was_ever_published":false,"_jetpack_newsletter_access":"","_jetpack_dont_email_post_to_subs":false,"_jetpack_newsletter_tier_id":0,"_jetpack_memberships_contains_paywalled_content":false,"_jetpack_memberships_contains_paid_content":false,"footnotes":"","jetpack_publicize_message":"","jetpack_publicize_feature_enabled":true,"jetpack_social_post_already_shared":true,"jetpack_social_options":{"image_generator_settings":{"template":"highway","enabled":false},"version":2}},"categories":[1],"tags":[],"class_list":["post-22460","post","type-post","status-publish","format-standard","hentry","category-notas"],"jetpack_publicize_connections":[],"jetpack_sharing_enabled":true,"jetpack_featured_media_url":"","jetpack_shortlink":"https:\/\/wp.me\/p7wKYW-5Qg","jetpack-related-posts":[],"_links":{"self":[{"href":"http:\/\/blogdalucianaoliveira.com.br\/blog\/wp-json\/wp\/v2\/posts\/22460","targetHints":{"allow":["GET"]}}],"collection":[{"href":"http:\/\/blogdalucianaoliveira.com.br\/blog\/wp-json\/wp\/v2\/posts"}],"about":[{"href":"http:\/\/blogdalucianaoliveira.com.br\/blog\/wp-json\/wp\/v2\/types\/post"}],"author":[{"embeddable":true,"href":"http:\/\/blogdalucianaoliveira.com.br\/blog\/wp-json\/wp\/v2\/users\/1"}],"replies":[{"embeddable":true,"href":"http:\/\/blogdalucianaoliveira.com.br\/blog\/wp-json\/wp\/v2\/comments?post=22460"}],"version-history":[{"count":1,"href":"http:\/\/blogdalucianaoliveira.com.br\/blog\/wp-json\/wp\/v2\/posts\/22460\/revisions"}],"predecessor-version":[{"id":22463,"href":"http:\/\/blogdalucianaoliveira.com.br\/blog\/wp-json\/wp\/v2\/posts\/22460\/revisions\/22463"}],"wp:attachment":[{"href":"http:\/\/blogdalucianaoliveira.com.br\/blog\/wp-json\/wp\/v2\/media?parent=22460"}],"wp:term":[{"taxonomy":"category","embeddable":true,"href":"http:\/\/blogdalucianaoliveira.com.br\/blog\/wp-json\/wp\/v2\/categories?post=22460"},{"taxonomy":"post_tag","embeddable":true,"href":"http:\/\/blogdalucianaoliveira.com.br\/blog\/wp-json\/wp\/v2\/tags?post=22460"}],"curies":[{"name":"wp","href":"https:\/\/api.w.org\/{rel}","templated":true}]}}