{"id":22464,"date":"2019-06-24T09:33:26","date_gmt":"2019-06-24T13:33:26","guid":{"rendered":"http:\/\/blogdalucianaoliveira.com.br\/blog\/?p=22464"},"modified":"2019-06-24T09:33:26","modified_gmt":"2019-06-24T13:33:26","slug":"juristas-internacionais-pedem-libertacao-de-lula-e-anulacao-do-julgamento","status":"publish","type":"post","link":"http:\/\/blogdalucianaoliveira.com.br\/blog\/2019\/06\/24\/juristas-internacionais-pedem-libertacao-de-lula-e-anulacao-do-julgamento\/","title":{"rendered":"Juristas internacionais pedem liberta\u00e7\u00e3o de Lula e anula\u00e7\u00e3o do julgamento"},"content":{"rendered":"<p><img data-recalc-dims=\"1\" loading=\"lazy\" decoding=\"async\" data-attachment-id=\"22465\" data-permalink=\"http:\/\/blogdalucianaoliveira.com.br\/blog\/2019\/06\/24\/juristas-internacionais-pedem-libertacao-de-lula-e-anulacao-do-julgamento\/juri-2\/\" data-orig-file=\"https:\/\/i0.wp.com\/blogdalucianaoliveira.com.br\/blog\/wp-content\/uploads\/2019\/06\/juri.jpg?fit=640%2C402\" data-orig-size=\"640,402\" data-comments-opened=\"0\" data-image-meta=\"{&quot;aperture&quot;:&quot;0&quot;,&quot;credit&quot;:&quot;&quot;,&quot;camera&quot;:&quot;&quot;,&quot;caption&quot;:&quot;&quot;,&quot;created_timestamp&quot;:&quot;0&quot;,&quot;copyright&quot;:&quot;&quot;,&quot;focal_length&quot;:&quot;0&quot;,&quot;iso&quot;:&quot;0&quot;,&quot;shutter_speed&quot;:&quot;0&quot;,&quot;title&quot;:&quot;&quot;,&quot;orientation&quot;:&quot;0&quot;}\" data-image-title=\"juri\" data-image-description=\"\" data-image-caption=\"\" data-medium-file=\"https:\/\/i0.wp.com\/blogdalucianaoliveira.com.br\/blog\/wp-content\/uploads\/2019\/06\/juri.jpg?fit=300%2C188\" data-large-file=\"https:\/\/i0.wp.com\/blogdalucianaoliveira.com.br\/blog\/wp-content\/uploads\/2019\/06\/juri.jpg?fit=600%2C377\" src=\"https:\/\/i0.wp.com\/blogdalucianaoliveira.com.br\/blog\/wp-content\/uploads\/2019\/06\/juri.jpg?resize=600%2C377\" alt=\"juri\" width=\"600\" height=\"377\" class=\"alignnone size-full wp-image-22465\" srcset=\"https:\/\/i0.wp.com\/blogdalucianaoliveira.com.br\/blog\/wp-content\/uploads\/2019\/06\/juri.jpg?w=640 640w, https:\/\/i0.wp.com\/blogdalucianaoliveira.com.br\/blog\/wp-content\/uploads\/2019\/06\/juri.jpg?resize=300%2C188 300w, https:\/\/i0.wp.com\/blogdalucianaoliveira.com.br\/blog\/wp-content\/uploads\/2019\/06\/juri.jpg?resize=478%2C300 478w\" sizes=\"auto, (max-width: 600px) 100vw, 600px\" \/><\/p>\n<p>Treze juristas de renome internacional, com destacada atua\u00e7\u00e3o na luta pelos diretos humanos no mundo e em seus pa\u00edses, divulgaram nesta segunda-feira (24) um manifesto em defesa do ex-presidente Luiz In\u00e1cio Lula da Silva, classificando-o de preso pol\u00edtico e clamando por sua liberta\u00e7\u00e3o e pela anula\u00e7\u00e3o do julgamento.<!--more--><\/p>\n<p>No Brasil De Fato<\/p>\n<p>Assinado por ju\u00edzes, professores universit\u00e1rios e advogados, o manifesto afirma que as revela\u00e7\u00f5e do site The Intercept Brasil, mostrando o conluio entre o ex-juiz S\u00e9rgio Moro e a for\u00e7a tarefa da Lava Jato para condenar Lula sem provas, comprovam a exist\u00eancia de uma \u201cconspira\u00e7\u00e3o pol\u00edtica\u201d contra o exp-presidente.<\/p>\n<p>\u201cO Supremo Tribunal Federal tem agora o dever de retirar todas as consequ\u00eancias destas grav\u00edssimas irregularidades que conduziram a uma condena\u00e7\u00e3o injusta e ilegal e, consequentemente, libertar Lula e anular a sua condena\u00e7\u00e3o\u201d, diz o documento.<\/p>\n<p>O texto afirma ainda que a luta contra a corrup\u00e7\u00e3o \u00e9 t\u00e3o importante quanto a democracia e o Estado de Direito. \u201cMas no caso de Lula, ela foi usada para alimentar estrat\u00e9gias que o eliminassem do jogo pol\u00edtico, a fim de permitir que Bolsonaro chegasse ao poder e, em seguida, \u2018recompensasse\u2019 S\u00e9rgio Moro, nomeando-o ministro da Justi\u00e7a\u201d, afirma o mmanifesto.<\/p>\n<p>Entre os signat\u00e1rios da carta est\u00e3o o ex-juiz espanhol Baltasar Garz\u00f3n, que condenou o ditador chileno Augusto Pinochet pelos crimes contra a Humanidade; o advogado Jean-Pierre Mignard, um dos principais conselheiros jur\u00eddicos do presidente da Fran\u00e7a Emmanuel Macron; e o professor estadunidense Bruce Ackerman, editorialista do New York Times, membro da Academia Americana de Artes e Ci\u00eancias e nomeado pela revista Foreign Policy um dos 100 pensadores mais influentes do mundo.<\/p>\n<p>Leia a \u00edntegra do manifesto<\/p>\n<p>\u201cLula \u00e9 um preso pol\u00edtico. Tem de ser libertado e seu julgamento tem de ser anulado.\u201d<\/p>\n<p>\u00c9ramos poucos, em 2018, quando advertimos que o processo contra Lula era parte de uma vontade, por qualquer meio e a qualquer custo, de coloc\u00e1-lo fora da corrida para as elei\u00e7\u00f5es presidenciais que se aproximavam.<\/p>\n<p>Esta estrat\u00e9gia foi bem sucedida, j\u00e1 que ela levou \u00e0 elei\u00e7\u00e3o de Bolsonaro.<\/p>\n<p>As recentes revela\u00e7\u00f5es do jornalista Glenn Greenwald e sua equipe derrubaram todas as m\u00e1scaras. As investiga\u00e7\u00f5es e o julgamento de Lula foram tendenciosos desde o in\u00edcio. S\u00e9rgio Moro n\u00e3o s\u00f3 conduziu o processo com parcialidade como comandou de fato a acusa\u00e7\u00e3o, desafiando as regras de procedimento mais fundamentais no Brasil.<\/p>\n<p>Na pr\u00e1tica, ele manipulou os mecanismos da dela\u00e7\u00e3o premiada, orientou o trabalho do Minist\u00e9rio P\u00fablico, exigiu a substitui\u00e7\u00e3o de uma procuradora que n\u00e3o o satisfazia e dirigiu a estrat\u00e9gia de comunica\u00e7\u00e3o do Minist\u00e9rio P\u00fablico.<\/p>\n<p>Sabemos tamb\u00e9m, atrav\u00e9s destas revela\u00e7\u00f5es, que tal estrat\u00e9gia foi levada adiante de forma secreta, em estreita colabora\u00e7\u00e3o com o Minist\u00e9rio P\u00fablico.<\/p>\n<p>Isso se soma ao fato de que S\u00e9rgio Moro haver grampeado os telefones dos advogados de Lula e decidido, por sua pr\u00f3pria iniciativa, n\u00e3o cumprir uma decis\u00e3o de um desembargador ordenando a liberta\u00e7\u00e3o de Lula, violando a lei de forma flagrante.<\/p>\n<p>Apesar de todos esses esquemas, S\u00e9rgio Moro teve de se resignar a condenar Lula por \u201cfatos indeterminados\u201d, dada a inexist\u00eancia material de provas que o implicassem diretamente neste caso de corrup\u00e7\u00e3o. Ao fazer isso, tornou Lula um preso pol\u00edtico em fun\u00e7\u00e3o do que deve ser considerado, diante dessas novas revela\u00e7\u00f5es, como uma conspira\u00e7\u00e3o pol\u00edtica.<\/p>\n<p>O Supremo Tribunal Federal tem agora o dever de retirar todas as consequ\u00eancias destas grav\u00edssimas irregularidades que conduziram a uma condena\u00e7\u00e3o injusta e ilegal e, consequentemente, libertar Lula e anular a sua condena\u00e7\u00e3o.<\/p>\n<p>As autoridades brasileiras devem tomar todas as iniciativas necess\u00e1rias para identificar os respons\u00e1veis por este grav\u00edssimo abuso de procedimento.<\/p>\n<p>A luta contra a corrup\u00e7\u00e3o \u00e9 hoje um assunto essencial para todos os cidad\u00e3os do mundo, assim como a democracia e o Estado de Direito, mas no caso de Lula, ela foi usada para alimentar estrat\u00e9gias que o eliminassem do jogo pol\u00edtico, a fim de permitir que Bolsonaro chegasse ao poder e, em seguida, \u201crecompensasse\u201d Sergio Moro, nomeando-o ministro da Justi\u00e7a.<\/p>\n<p>Os signat\u00e1rios deste apelo ressaltam que os benefici\u00e1rios desta conspira\u00e7\u00e3o demonstram apenas desprezo pelo interesse geral dos brasileiros, pelas liberdades p\u00fablicas, pelos direitos dos povos ind\u00edgenas e, al\u00e9m disso, pela democracia.<\/p>\n<p>Assinam:<\/p>\n<p>Bruce ACKERMAN, Sterling Professor of Law and Political Science, Yale University<\/p>\n<p>John ACKERMAN, Professor, Universidade Nacional Aut\u00f3noma do M\u00e9xico (UNAM)<\/p>\n<p>William BOURDON, Advogado (Paris)<\/p>\n<p>Mireille DELMAS MARTY, Professora, Coll\u00e8ge de France<\/p>\n<p>Joan GARC\u00c9S, Advogado (Madrid)<\/p>\n<p>Baltasar GARZ\u00d3N, Advogado (Madrid)<\/p>\n<p>Louis JOINET, Juiz, primeiro advogado-geral honor\u00e1rio da Cour de Cassation (Fran\u00e7a), antigo presidente do grupo de trabalho da ONU sobre deten\u00e7\u00e3o arbitr\u00e1ria e da Comiss\u00e3o dos Direitos Humanos<\/p>\n<p>Wolfgang KALECK, Advogado (Berlin)<\/p>\n<p>Henri LECLERC, Advogado (Paris)<\/p>\n<p>Christophe MARCHAND, Advogado (Bruxelas)<\/p>\n<p>Jean-Pierre MIGNARD, Advogado (Paris)<\/p>\n<p>Philippe TEXIER, Juiz, conselheiro honor\u00e1rio na Cour de Cassation (Fran\u00e7a), antigo presidente do Comit\u00e9 dos Direitos Econ\u00f3micos, Sociais e Culturais das Na\u00e7\u00f5es Unidas<\/p>\n<p>Philippe WEIL, Professor, Universidade de Paris 1-Sorbonne.<\/p>\n<p>Edi\u00e7\u00e3o: Jo\u00e3o Paulo Soares<\/p>\n","protected":false},"excerpt":{"rendered":"<p>Treze juristas de renome internacional, com destacada atua\u00e7\u00e3o na luta pelos diretos humanos no mundo e em seus pa\u00edses, divulgaram nesta segunda-feira (24) um manifesto em defesa do ex-presidente Luiz In\u00e1cio Lula da Silva, classificando-o de preso pol\u00edtico e clamando por sua liberta\u00e7\u00e3o e pela anula\u00e7\u00e3o do julgamento.<\/p>\n","protected":false},"author":1,"featured_media":0,"comment_status":"closed","ping_status":"open","sticky":false,"template":"","format":"standard","meta":{"_exactmetrics_skip_tracking":false,"_exactmetrics_sitenote_active":false,"_exactmetrics_sitenote_note":"","_exactmetrics_sitenote_category":0,"jetpack_post_was_ever_published":false,"_jetpack_newsletter_access":"","_jetpack_dont_email_post_to_subs":false,"_jetpack_newsletter_tier_id":0,"_jetpack_memberships_contains_paywalled_content":false,"_jetpack_memberships_contains_paid_content":false,"footnotes":"","jetpack_publicize_message":"","jetpack_publicize_feature_enabled":true,"jetpack_social_post_already_shared":true,"jetpack_social_options":{"image_generator_settings":{"template":"highway","enabled":false},"version":2}},"categories":[1],"tags":[],"class_list":["post-22464","post","type-post","status-publish","format-standard","hentry","category-notas"],"jetpack_publicize_connections":[],"jetpack_sharing_enabled":true,"jetpack_featured_media_url":"","jetpack_shortlink":"https:\/\/wp.me\/p7wKYW-5Qk","jetpack-related-posts":[],"_links":{"self":[{"href":"http:\/\/blogdalucianaoliveira.com.br\/blog\/wp-json\/wp\/v2\/posts\/22464","targetHints":{"allow":["GET"]}}],"collection":[{"href":"http:\/\/blogdalucianaoliveira.com.br\/blog\/wp-json\/wp\/v2\/posts"}],"about":[{"href":"http:\/\/blogdalucianaoliveira.com.br\/blog\/wp-json\/wp\/v2\/types\/post"}],"author":[{"embeddable":true,"href":"http:\/\/blogdalucianaoliveira.com.br\/blog\/wp-json\/wp\/v2\/users\/1"}],"replies":[{"embeddable":true,"href":"http:\/\/blogdalucianaoliveira.com.br\/blog\/wp-json\/wp\/v2\/comments?post=22464"}],"version-history":[{"count":1,"href":"http:\/\/blogdalucianaoliveira.com.br\/blog\/wp-json\/wp\/v2\/posts\/22464\/revisions"}],"predecessor-version":[{"id":22466,"href":"http:\/\/blogdalucianaoliveira.com.br\/blog\/wp-json\/wp\/v2\/posts\/22464\/revisions\/22466"}],"wp:attachment":[{"href":"http:\/\/blogdalucianaoliveira.com.br\/blog\/wp-json\/wp\/v2\/media?parent=22464"}],"wp:term":[{"taxonomy":"category","embeddable":true,"href":"http:\/\/blogdalucianaoliveira.com.br\/blog\/wp-json\/wp\/v2\/categories?post=22464"},{"taxonomy":"post_tag","embeddable":true,"href":"http:\/\/blogdalucianaoliveira.com.br\/blog\/wp-json\/wp\/v2\/tags?post=22464"}],"curies":[{"name":"wp","href":"https:\/\/api.w.org\/{rel}","templated":true}]}}