{"id":22470,"date":"2019-06-24T11:16:22","date_gmt":"2019-06-24T15:16:22","guid":{"rendered":"http:\/\/blogdalucianaoliveira.com.br\/blog\/?p=22470"},"modified":"2019-06-24T11:16:22","modified_gmt":"2019-06-24T15:16:22","slug":"carmen-lucia-poe-processo-no-fim-da-fila-e-stf-deve-adiar-de-novo-hc-de-lula","status":"publish","type":"post","link":"http:\/\/blogdalucianaoliveira.com.br\/blog\/2019\/06\/24\/carmen-lucia-poe-processo-no-fim-da-fila-e-stf-deve-adiar-de-novo-hc-de-lula\/","title":{"rendered":"C\u00e1rmen L\u00facia p\u00f5e processo no fim da fila e STF deve adiar de novo HC de Lula"},"content":{"rendered":"<p><img data-recalc-dims=\"1\" loading=\"lazy\" decoding=\"async\" data-attachment-id=\"22471\" data-permalink=\"http:\/\/blogdalucianaoliveira.com.br\/blog\/2019\/06\/24\/carmen-lucia-poe-processo-no-fim-da-fila-e-stf-deve-adiar-de-novo-hc-de-lula\/car-4\/\" data-orig-file=\"https:\/\/i0.wp.com\/blogdalucianaoliveira.com.br\/blog\/wp-content\/uploads\/2019\/06\/car.jpg?fit=640%2C427\" data-orig-size=\"640,427\" data-comments-opened=\"0\" data-image-meta=\"{&quot;aperture&quot;:&quot;0&quot;,&quot;credit&quot;:&quot;Fernando Fraz\\u00e3o\\\/Ag\\u00eancia Brasil&quot;,&quot;camera&quot;:&quot;Canon EOS-1D X&quot;,&quot;caption&quot;:&quot;A ministra do STF C\\u00e1rmen L\\u00facia partipa do Congresso Internacional de Direito e G\\u00eanero, na Funda\\u00e7\\u00e3o Get\\u00falio Vargas, no Rio de Janeiro.&quot;,&quot;created_timestamp&quot;:&quot;1532967107&quot;,&quot;copyright&quot;:&quot;EBC-EMPRESA BRASIL DE COMUNICA\\u00c7\\u00c3O\\\/Ag\\u00eancia Brasil. Uso sob a Licen\\u00e7a Creative Commons Atribui\\u00e7\\u00e3o 3.0 Brasil. CR\\u00c9DITO FOTOGR\\u00c1FICO&quot;,&quot;focal_length&quot;:&quot;200&quot;,&quot;iso&quot;:&quot;4000&quot;,&quot;shutter_speed&quot;:&quot;0.005&quot;,&quot;title&quot;:&quot;&quot;,&quot;orientation&quot;:&quot;0&quot;}\" data-image-title=\"car\" data-image-description=\"\" data-image-caption=\"\" data-medium-file=\"https:\/\/i0.wp.com\/blogdalucianaoliveira.com.br\/blog\/wp-content\/uploads\/2019\/06\/car.jpg?fit=300%2C200\" data-large-file=\"https:\/\/i0.wp.com\/blogdalucianaoliveira.com.br\/blog\/wp-content\/uploads\/2019\/06\/car.jpg?fit=600%2C400\" src=\"https:\/\/i0.wp.com\/blogdalucianaoliveira.com.br\/blog\/wp-content\/uploads\/2019\/06\/car.jpg?resize=600%2C400\" alt=\" \" width=\"600\" height=\"400\" class=\"alignnone size-full wp-image-22471\" srcset=\"https:\/\/i0.wp.com\/blogdalucianaoliveira.com.br\/blog\/wp-content\/uploads\/2019\/06\/car.jpg?w=640 640w, https:\/\/i0.wp.com\/blogdalucianaoliveira.com.br\/blog\/wp-content\/uploads\/2019\/06\/car.jpg?resize=300%2C200 300w, https:\/\/i0.wp.com\/blogdalucianaoliveira.com.br\/blog\/wp-content\/uploads\/2019\/06\/car.jpg?resize=450%2C300 450w\" sizes=\"auto, (max-width: 600px) 100vw, 600px\" \/><\/p>\n<p>Com a manobra, suprema corte mant\u00e9m Lula preso mesmo com todas as provas de que Sergio Moro atuou como agente pol\u00edtico<!--more--><\/p>\n<p>Reda\u00e7\u00e3o<br \/>\nBrasil de Fato<\/p>\n<p>A jornalista M\u00f4nica Bergamo, da Folha de S.Paulo, noticiou na manh\u00e3 desta segunda-feira (24) que o STF deve adiar mais uma vez o julgamento do habeas corpus que pede a suspei\u00e7\u00e3o do ex-juiz S\u00e9rgio Moro no caso em que o ex-presidente Lula foi condenado.<\/p>\n<p>O julgamento, na Segunda Turma do tribunal, come\u00e7ou em dezembro de 2018 e foi suspenso com um pedido de vistas do ministro Gilmar Mendes. Com as recentes revela\u00e7\u00f5es do conluio entre Moro e o Minist\u00e9rio P\u00fablico Federal para condenar Lula sem provas e tir\u00e1-lo da disputa eleitoral de 2018, Mendes trouxe o processo de volta \u00e0 pauta.<\/p>\n<p>A retomada do julgamento estava marcada para ter\u00e7a-feira (25), mas, segundo a nota da jornalista, a presidente da Segunda Turma, C\u00e1rmen L\u00facia, colocou o caso no \u00faltimo lugar de uma fila de 12 processos a serem analisados \u2013 inviabilizando a an\u00e1lise do pedido.<\/p>\n<p>Gilmar Mendes teria conclu\u00eddo que n\u00e3o haver\u00e1 tempo de debater o pedido, j\u00e1 que s\u00f3 o voto dele tem mais de 40 p\u00e1ginas, e decidiu pelo adiamento da discuss\u00e3o.<\/p>\n<p>Com o recesso de meio de ano, o julgamento dever\u00e1 voltar \u00e0 pauta apenas no segundo semestre.<\/p>\n<p>Edi\u00e7\u00e3o: Jo\u00e3o Paulo Soares<\/p>\n","protected":false},"excerpt":{"rendered":"<p>Com a manobra, suprema corte mant\u00e9m Lula preso mesmo com todas as provas de que Sergio Moro atuou como agente pol\u00edtico<\/p>\n","protected":false},"author":1,"featured_media":0,"comment_status":"closed","ping_status":"open","sticky":false,"template":"","format":"standard","meta":{"_exactmetrics_skip_tracking":false,"_exactmetrics_sitenote_active":false,"_exactmetrics_sitenote_note":"","_exactmetrics_sitenote_category":0,"jetpack_post_was_ever_published":false,"_jetpack_newsletter_access":"","_jetpack_dont_email_post_to_subs":false,"_jetpack_newsletter_tier_id":0,"_jetpack_memberships_contains_paywalled_content":false,"_jetpack_memberships_contains_paid_content":false,"footnotes":"","jetpack_publicize_message":"","jetpack_publicize_feature_enabled":true,"jetpack_social_post_already_shared":true,"jetpack_social_options":{"image_generator_settings":{"template":"highway","enabled":false},"version":2}},"categories":[1],"tags":[],"class_list":["post-22470","post","type-post","status-publish","format-standard","hentry","category-notas"],"jetpack_publicize_connections":[],"jetpack_sharing_enabled":true,"jetpack_featured_media_url":"","jetpack_shortlink":"https:\/\/wp.me\/p7wKYW-5Qq","jetpack-related-posts":[],"_links":{"self":[{"href":"http:\/\/blogdalucianaoliveira.com.br\/blog\/wp-json\/wp\/v2\/posts\/22470","targetHints":{"allow":["GET"]}}],"collection":[{"href":"http:\/\/blogdalucianaoliveira.com.br\/blog\/wp-json\/wp\/v2\/posts"}],"about":[{"href":"http:\/\/blogdalucianaoliveira.com.br\/blog\/wp-json\/wp\/v2\/types\/post"}],"author":[{"embeddable":true,"href":"http:\/\/blogdalucianaoliveira.com.br\/blog\/wp-json\/wp\/v2\/users\/1"}],"replies":[{"embeddable":true,"href":"http:\/\/blogdalucianaoliveira.com.br\/blog\/wp-json\/wp\/v2\/comments?post=22470"}],"version-history":[{"count":1,"href":"http:\/\/blogdalucianaoliveira.com.br\/blog\/wp-json\/wp\/v2\/posts\/22470\/revisions"}],"predecessor-version":[{"id":22472,"href":"http:\/\/blogdalucianaoliveira.com.br\/blog\/wp-json\/wp\/v2\/posts\/22470\/revisions\/22472"}],"wp:attachment":[{"href":"http:\/\/blogdalucianaoliveira.com.br\/blog\/wp-json\/wp\/v2\/media?parent=22470"}],"wp:term":[{"taxonomy":"category","embeddable":true,"href":"http:\/\/blogdalucianaoliveira.com.br\/blog\/wp-json\/wp\/v2\/categories?post=22470"},{"taxonomy":"post_tag","embeddable":true,"href":"http:\/\/blogdalucianaoliveira.com.br\/blog\/wp-json\/wp\/v2\/tags?post=22470"}],"curies":[{"name":"wp","href":"https:\/\/api.w.org\/{rel}","templated":true}]}}