{"id":22474,"date":"2019-06-24T11:33:13","date_gmt":"2019-06-24T15:33:13","guid":{"rendered":"http:\/\/blogdalucianaoliveira.com.br\/blog\/?p=22474"},"modified":"2019-06-24T11:33:13","modified_gmt":"2019-06-24T15:33:13","slug":"ex-senadora-fatima-cleide-volta-ao-congresso-nacional-defende-luta-em-prol-dos-lgbti-e-grita-lula-livre","status":"publish","type":"post","link":"http:\/\/blogdalucianaoliveira.com.br\/blog\/2019\/06\/24\/ex-senadora-fatima-cleide-volta-ao-congresso-nacional-defende-luta-em-prol-dos-lgbti-e-grita-lula-livre\/","title":{"rendered":"Ex-senadora F\u00e1tima Cleide volta ao Congresso Nacional, defende luta em prol dos LGBTI+ e grita: \u201cLula livre!\u201d"},"content":{"rendered":"<p><img data-recalc-dims=\"1\" loading=\"lazy\" decoding=\"async\" data-attachment-id=\"22475\" data-permalink=\"http:\/\/blogdalucianaoliveira.com.br\/blog\/2019\/06\/24\/ex-senadora-fatima-cleide-volta-ao-congresso-nacional-defende-luta-em-prol-dos-lgbti-e-grita-lula-livre\/fat\/\" data-orig-file=\"https:\/\/i0.wp.com\/blogdalucianaoliveira.com.br\/blog\/wp-content\/uploads\/2019\/06\/fat.jpg?fit=960%2C640\" data-orig-size=\"960,640\" data-comments-opened=\"0\" data-image-meta=\"{&quot;aperture&quot;:&quot;0&quot;,&quot;credit&quot;:&quot;&quot;,&quot;camera&quot;:&quot;&quot;,&quot;caption&quot;:&quot;&quot;,&quot;created_timestamp&quot;:&quot;0&quot;,&quot;copyright&quot;:&quot;&quot;,&quot;focal_length&quot;:&quot;0&quot;,&quot;iso&quot;:&quot;0&quot;,&quot;shutter_speed&quot;:&quot;0&quot;,&quot;title&quot;:&quot;&quot;,&quot;orientation&quot;:&quot;1&quot;}\" data-image-title=\"fat\" data-image-description=\"\" data-image-caption=\"\" data-medium-file=\"https:\/\/i0.wp.com\/blogdalucianaoliveira.com.br\/blog\/wp-content\/uploads\/2019\/06\/fat.jpg?fit=300%2C200\" data-large-file=\"https:\/\/i0.wp.com\/blogdalucianaoliveira.com.br\/blog\/wp-content\/uploads\/2019\/06\/fat.jpg?fit=600%2C400\" src=\"https:\/\/i0.wp.com\/blogdalucianaoliveira.com.br\/blog\/wp-content\/uploads\/2019\/06\/fat.jpg?resize=600%2C400\" alt=\"fat\" width=\"600\" height=\"400\" class=\"alignnone size-full wp-image-22475\" srcset=\"https:\/\/i0.wp.com\/blogdalucianaoliveira.com.br\/blog\/wp-content\/uploads\/2019\/06\/fat.jpg?w=960 960w, https:\/\/i0.wp.com\/blogdalucianaoliveira.com.br\/blog\/wp-content\/uploads\/2019\/06\/fat.jpg?resize=300%2C200 300w, https:\/\/i0.wp.com\/blogdalucianaoliveira.com.br\/blog\/wp-content\/uploads\/2019\/06\/fat.jpg?resize=768%2C512 768w, https:\/\/i0.wp.com\/blogdalucianaoliveira.com.br\/blog\/wp-content\/uploads\/2019\/06\/fat.jpg?resize=450%2C300 450w\" sizes=\"auto, (max-width: 600px) 100vw, 600px\" \/><\/p>\n<p>A petista usou a tribuna na C\u00e2mara Federal durante a sess\u00e3o em \u201chomenagem ao cinquenten\u00e1rio do Levante do Stonewall\u201d<!--more--><\/p>\n<p>Por Rondoniadinamica<\/p>\n<p>Porto Velho, RO \u2013 Na manh\u00e3 desta segunda-feira (24), a ex-senadora F\u00e1tima Cleide, do PT, usou a tribuna da C\u00e2mara Federal ao lado da colega de legenda Iara Bernard, de S\u00e3o Paulo, autora do pol\u00eamico Projeto de Lei Complementar que visou a criminaliza\u00e7\u00e3o da homofobia, o PLC 122. Atualmente Iara \u00e9 vereadora do Munic\u00edpio de Sorocaba, pois eleita em 2016.<\/p>\n<p>A sess\u00e3o na C\u00e2mara foi realizada a fim de homenagear o \u201ccinquenten\u00e1rio do Levante de Stonewall\u201d.<\/p>\n<p>F\u00e1tima Cleide pediu liberdade aos LGBTQI+,  mas n\u00e3o deixou de solicitar tamb\u00e9m a liberta\u00e7\u00e3o do l\u00edder-mor do PT, o ex-presidente Lula:<\/p>\n<p>\u201cE liberdade tamb\u00e9m \u00e0quele homem que teve a coragem e a ousadia de construir a confer\u00eancia LGBT no Brasil: Lula livre!\u201d, entoou.<\/p>\n<p>CONFIRA O V\u00cdDEO ABAIXO<\/p>\n<div class=\"jetpack-video-wrapper\"><iframe loading=\"lazy\" title=\"Homenagem ao Cinquenten\u00e1rio do Levante de Stonewall - 24\/06\/2019 - 11:21\" width=\"600\" height=\"338\" src=\"https:\/\/www.youtube.com\/embed\/MCLUJPITlPU?feature=oembed\" frameborder=\"0\" allow=\"accelerometer; autoplay; clipboard-write; encrypted-media; gyroscope; picture-in-picture; web-share\" referrerpolicy=\"strict-origin-when-cross-origin\" allowfullscreen><\/iframe><\/div>\n","protected":false},"excerpt":{"rendered":"<p>A petista usou a tribuna na C\u00e2mara Federal durante a sess\u00e3o em \u201chomenagem ao cinquenten\u00e1rio do Levante do Stonewall\u201d<\/p>\n","protected":false},"author":1,"featured_media":0,"comment_status":"closed","ping_status":"open","sticky":false,"template":"","format":"standard","meta":{"_exactmetrics_skip_tracking":false,"_exactmetrics_sitenote_active":false,"_exactmetrics_sitenote_note":"","_exactmetrics_sitenote_category":0,"jetpack_post_was_ever_published":false,"_jetpack_newsletter_access":"","_jetpack_dont_email_post_to_subs":false,"_jetpack_newsletter_tier_id":0,"_jetpack_memberships_contains_paywalled_content":false,"_jetpack_memberships_contains_paid_content":false,"footnotes":"","jetpack_publicize_message":"","jetpack_publicize_feature_enabled":true,"jetpack_social_post_already_shared":true,"jetpack_social_options":{"image_generator_settings":{"template":"highway","enabled":false},"version":2}},"categories":[1],"tags":[],"class_list":["post-22474","post","type-post","status-publish","format-standard","hentry","category-notas"],"jetpack_publicize_connections":[],"jetpack_sharing_enabled":true,"jetpack_featured_media_url":"","jetpack_shortlink":"https:\/\/wp.me\/p7wKYW-5Qu","jetpack-related-posts":[],"_links":{"self":[{"href":"http:\/\/blogdalucianaoliveira.com.br\/blog\/wp-json\/wp\/v2\/posts\/22474","targetHints":{"allow":["GET"]}}],"collection":[{"href":"http:\/\/blogdalucianaoliveira.com.br\/blog\/wp-json\/wp\/v2\/posts"}],"about":[{"href":"http:\/\/blogdalucianaoliveira.com.br\/blog\/wp-json\/wp\/v2\/types\/post"}],"author":[{"embeddable":true,"href":"http:\/\/blogdalucianaoliveira.com.br\/blog\/wp-json\/wp\/v2\/users\/1"}],"replies":[{"embeddable":true,"href":"http:\/\/blogdalucianaoliveira.com.br\/blog\/wp-json\/wp\/v2\/comments?post=22474"}],"version-history":[{"count":1,"href":"http:\/\/blogdalucianaoliveira.com.br\/blog\/wp-json\/wp\/v2\/posts\/22474\/revisions"}],"predecessor-version":[{"id":22476,"href":"http:\/\/blogdalucianaoliveira.com.br\/blog\/wp-json\/wp\/v2\/posts\/22474\/revisions\/22476"}],"wp:attachment":[{"href":"http:\/\/blogdalucianaoliveira.com.br\/blog\/wp-json\/wp\/v2\/media?parent=22474"}],"wp:term":[{"taxonomy":"category","embeddable":true,"href":"http:\/\/blogdalucianaoliveira.com.br\/blog\/wp-json\/wp\/v2\/categories?post=22474"},{"taxonomy":"post_tag","embeddable":true,"href":"http:\/\/blogdalucianaoliveira.com.br\/blog\/wp-json\/wp\/v2\/tags?post=22474"}],"curies":[{"name":"wp","href":"https:\/\/api.w.org\/{rel}","templated":true}]}}