{"id":22477,"date":"2019-06-24T11:41:37","date_gmt":"2019-06-24T15:41:37","guid":{"rendered":"http:\/\/blogdalucianaoliveira.com.br\/blog\/?p=22477"},"modified":"2019-06-24T11:41:37","modified_gmt":"2019-06-24T15:41:37","slug":"decisao-sobre-demarcacao-de-terras-indigenas-vira-disputa-judicial","status":"publish","type":"post","link":"http:\/\/blogdalucianaoliveira.com.br\/blog\/2019\/06\/24\/decisao-sobre-demarcacao-de-terras-indigenas-vira-disputa-judicial\/","title":{"rendered":"Decis\u00e3o sobre demarca\u00e7\u00e3o de terras ind\u00edgenas vira disputa judicial"},"content":{"rendered":"<p><img data-recalc-dims=\"1\" loading=\"lazy\" decoding=\"async\" data-attachment-id=\"22478\" data-permalink=\"http:\/\/blogdalucianaoliveira.com.br\/blog\/2019\/06\/24\/decisao-sobre-demarcacao-de-terras-indigenas-vira-disputa-judicial\/terri\/\" data-orig-file=\"https:\/\/i0.wp.com\/blogdalucianaoliveira.com.br\/blog\/wp-content\/uploads\/2019\/06\/terri.jpg?fit=1024%2C683\" data-orig-size=\"1024,683\" data-comments-opened=\"0\" data-image-meta=\"{&quot;aperture&quot;:&quot;0&quot;,&quot;credit&quot;:&quot;&quot;,&quot;camera&quot;:&quot;&quot;,&quot;caption&quot;:&quot;&quot;,&quot;created_timestamp&quot;:&quot;0&quot;,&quot;copyright&quot;:&quot;&quot;,&quot;focal_length&quot;:&quot;0&quot;,&quot;iso&quot;:&quot;0&quot;,&quot;shutter_speed&quot;:&quot;0&quot;,&quot;title&quot;:&quot;&quot;,&quot;orientation&quot;:&quot;0&quot;}\" data-image-title=\"terri\" data-image-description=\"\" data-image-caption=\"\" data-medium-file=\"https:\/\/i0.wp.com\/blogdalucianaoliveira.com.br\/blog\/wp-content\/uploads\/2019\/06\/terri.jpg?fit=300%2C200\" data-large-file=\"https:\/\/i0.wp.com\/blogdalucianaoliveira.com.br\/blog\/wp-content\/uploads\/2019\/06\/terri.jpg?fit=600%2C400\" src=\"https:\/\/i0.wp.com\/blogdalucianaoliveira.com.br\/blog\/wp-content\/uploads\/2019\/06\/terri.jpg?resize=600%2C400\" alt=\"terri\" width=\"600\" height=\"400\" class=\"alignnone size-full wp-image-22478\" srcset=\"https:\/\/i0.wp.com\/blogdalucianaoliveira.com.br\/blog\/wp-content\/uploads\/2019\/06\/terri.jpg?w=1024 1024w, https:\/\/i0.wp.com\/blogdalucianaoliveira.com.br\/blog\/wp-content\/uploads\/2019\/06\/terri.jpg?resize=300%2C200 300w, https:\/\/i0.wp.com\/blogdalucianaoliveira.com.br\/blog\/wp-content\/uploads\/2019\/06\/terri.jpg?resize=768%2C512 768w, https:\/\/i0.wp.com\/blogdalucianaoliveira.com.br\/blog\/wp-content\/uploads\/2019\/06\/terri.jpg?resize=450%2C300 450w\" sizes=\"auto, (max-width: 600px) 100vw, 600px\" \/><\/p>\n<p>No UOL, por Tales Farias &#8211; O governo e o Congresso devem travar uma disputa judicial em torno da responsabilidade sobre a demarca\u00e7\u00e3o das terras ind\u00edgenas. O presidente do Senado, Davi Alcolumbre (DEM-AP), est\u00e1 sendo pressionado a anular e devolver ao Planalto a medida provis\u00f3ria 886 que retirou da Funda\u00e7\u00e3o Nacional do \u00cdndio a responsabilidade pelas demarca\u00e7\u00f5es. A MP transferindo para o Minist\u00e9rio da Agricultura as decis\u00f5es foi publicada na quarta-feira (19) pelo Di\u00e1rio Oficial. O Planalto est\u00e1 decidido a disputar na Justi\u00e7a o direito de definir a qual \u00f3rg\u00e3o subordinar as demarca\u00e7\u00f5es. A confus\u00e3o come\u00e7ou no final de maio, quando o Congresso aprovou a medida provis\u00f3ria 870, da reforma administrativa, com a determina\u00e7\u00e3o de que as demarca\u00e7\u00f5es n\u00e3o ficassem sob o a pasta da Agricultura. <!--more--><\/p>\n<p>&#8220;Desfazer essa decis\u00e3o agora foi mais um gesto de desrespeito do presidente da Rep\u00fablica com o Congresso&#8221;, disse ao blog l\u00edder do MDB, senador Eduardo Braga (AM). &#8220;Estou argumentando pessoalmente com o presidente do Senado pela sua anula\u00e7\u00e3o.  N\u00e3o tem outro destino para essa MP. H\u00e1 uma ofensa clara \u00e0 decis\u00e3o do Parlamento&#8221;, disse ao blog o l\u00edder da Rede, senador Randolfe Rodrigues (AP), que foi cabo eleitoral de Alcolumbre para o comando da Casa. A Rede j\u00e1 deu entrada no Supremo Tribunal Federal em duas a\u00e7\u00f5es contra a MP de Bolsonaro: um mandado de seguran\u00e7a e uma Adin (A\u00e7\u00e3o Direta de Inconstitucionalidade). <\/p>\n<p>&#8220;N\u00e3o imagino como essa MP v\u00e1 triunfar&#8221;, diz Randolfe. Os senadores argumentam que o Planalto n\u00e3o pode editar uma medida provis\u00f3ria desfazendo decis\u00e3o do Congresso sobre texto de outra MP. A Constitui\u00e7\u00e3o pro\u00edbe (artigo 62, par\u00e1grafo 10) a reedi\u00e7\u00e3o, numa &#8220;mesma sess\u00e3o legislativa&#8221;, de medida provis\u00f3ria que tenha sido rejeitada ou tenha perdido a efic\u00e1cia.<\/p>\n<p>O Planalto argumenta, no entanto, que, ao citar &#8220;sess\u00e3o legislativa&#8221;, a Constitui\u00e7\u00e3o se refere aos dois per\u00edodos de atividade anual do Congresso, que v\u00e3o do dia 2 de fevereiro at\u00e9 17 de julho e de 1\u00ba de agosto a 22 de dezembro. Portanto, quando Bolsonaro editou a primeira MP, da reforma administrativa, em janeiro, os atuais deputados e senadores ainda n\u00e3o tinham tomado posse e n\u00e3o havia se iniciado a sess\u00e3o legislativa de 2019. Ou seja, inevitavelmente o assunto ter\u00e1 que ser decidido pela Justi\u00e7a.  <\/p>\n","protected":false},"excerpt":{"rendered":"<p>No UOL, por Tales Farias &#8211; O governo e o Congresso devem travar uma disputa judicial em torno da responsabilidade sobre a demarca\u00e7\u00e3o das terras ind\u00edgenas. O presidente do Senado, Davi Alcolumbre (DEM-AP), est\u00e1 sendo pressionado a anular e devolver ao Planalto a medida provis\u00f3ria 886 que retirou da Funda\u00e7\u00e3o Nacional do \u00cdndio a responsabilidade&#8230;<a class=\"more-link\" href=\"http:\/\/blogdalucianaoliveira.com.br\/blog\/2019\/06\/24\/decisao-sobre-demarcacao-de-terras-indigenas-vira-disputa-judicial\/\">Continue a leitura <span class=\"meta-nav\">&raquo;<\/span><\/a><\/p>\n","protected":false},"author":1,"featured_media":0,"comment_status":"closed","ping_status":"open","sticky":false,"template":"","format":"standard","meta":{"_exactmetrics_skip_tracking":false,"_exactmetrics_sitenote_active":false,"_exactmetrics_sitenote_note":"","_exactmetrics_sitenote_category":0,"jetpack_post_was_ever_published":false,"_jetpack_newsletter_access":"","_jetpack_dont_email_post_to_subs":false,"_jetpack_newsletter_tier_id":0,"_jetpack_memberships_contains_paywalled_content":false,"_jetpack_memberships_contains_paid_content":false,"footnotes":"","jetpack_publicize_message":"","jetpack_publicize_feature_enabled":true,"jetpack_social_post_already_shared":true,"jetpack_social_options":{"image_generator_settings":{"template":"highway","enabled":false},"version":2}},"categories":[1],"tags":[],"class_list":["post-22477","post","type-post","status-publish","format-standard","hentry","category-notas"],"jetpack_publicize_connections":[],"jetpack_sharing_enabled":true,"jetpack_featured_media_url":"","jetpack_shortlink":"https:\/\/wp.me\/p7wKYW-5Qx","jetpack-related-posts":[],"_links":{"self":[{"href":"http:\/\/blogdalucianaoliveira.com.br\/blog\/wp-json\/wp\/v2\/posts\/22477","targetHints":{"allow":["GET"]}}],"collection":[{"href":"http:\/\/blogdalucianaoliveira.com.br\/blog\/wp-json\/wp\/v2\/posts"}],"about":[{"href":"http:\/\/blogdalucianaoliveira.com.br\/blog\/wp-json\/wp\/v2\/types\/post"}],"author":[{"embeddable":true,"href":"http:\/\/blogdalucianaoliveira.com.br\/blog\/wp-json\/wp\/v2\/users\/1"}],"replies":[{"embeddable":true,"href":"http:\/\/blogdalucianaoliveira.com.br\/blog\/wp-json\/wp\/v2\/comments?post=22477"}],"version-history":[{"count":1,"href":"http:\/\/blogdalucianaoliveira.com.br\/blog\/wp-json\/wp\/v2\/posts\/22477\/revisions"}],"predecessor-version":[{"id":22479,"href":"http:\/\/blogdalucianaoliveira.com.br\/blog\/wp-json\/wp\/v2\/posts\/22477\/revisions\/22479"}],"wp:attachment":[{"href":"http:\/\/blogdalucianaoliveira.com.br\/blog\/wp-json\/wp\/v2\/media?parent=22477"}],"wp:term":[{"taxonomy":"category","embeddable":true,"href":"http:\/\/blogdalucianaoliveira.com.br\/blog\/wp-json\/wp\/v2\/categories?post=22477"},{"taxonomy":"post_tag","embeddable":true,"href":"http:\/\/blogdalucianaoliveira.com.br\/blog\/wp-json\/wp\/v2\/tags?post=22477"}],"curies":[{"name":"wp","href":"https:\/\/api.w.org\/{rel}","templated":true}]}}