{"id":2248,"date":"2016-07-11T16:14:26","date_gmt":"2016-07-11T20:14:26","guid":{"rendered":"http:\/\/blogdalucianaoliveira.com.br\/blog\/?p=2248"},"modified":"2016-07-11T16:14:26","modified_gmt":"2016-07-11T20:14:26","slug":"advogado-cria-grupo-pra-bloquear-movimentos-sociais-e-de-esquerda","status":"publish","type":"post","link":"http:\/\/blogdalucianaoliveira.com.br\/blog\/2016\/07\/11\/advogado-cria-grupo-pra-bloquear-movimentos-sociais-e-de-esquerda\/","title":{"rendered":"Advogado cria grupo pra &#8216;bloquear&#8217; movimentos sociais e de esquerda"},"content":{"rendered":"<p><img data-recalc-dims=\"1\" loading=\"lazy\" decoding=\"async\" data-attachment-id=\"2249\" data-permalink=\"http:\/\/blogdalucianaoliveira.com.br\/blog\/2016\/07\/11\/advogado-cria-grupo-pra-bloquear-movimentos-sociais-e-de-esquerda\/image-506\/\" data-orig-file=\"https:\/\/i0.wp.com\/blogdalucianaoliveira.com.br\/blog\/wp-content\/uploads\/2016\/07\/image-58.jpeg?fit=708%2C915\" data-orig-size=\"708,915\" data-comments-opened=\"0\" data-image-meta=\"{&quot;aperture&quot;:&quot;0&quot;,&quot;credit&quot;:&quot;&quot;,&quot;camera&quot;:&quot;&quot;,&quot;caption&quot;:&quot;&quot;,&quot;created_timestamp&quot;:&quot;0&quot;,&quot;copyright&quot;:&quot;&quot;,&quot;focal_length&quot;:&quot;0&quot;,&quot;iso&quot;:&quot;0&quot;,&quot;shutter_speed&quot;:&quot;0&quot;,&quot;title&quot;:&quot;&quot;,&quot;orientation&quot;:&quot;0&quot;}\" data-image-title=\"image\" data-image-description=\"\" data-image-caption=\"\" data-medium-file=\"https:\/\/i0.wp.com\/blogdalucianaoliveira.com.br\/blog\/wp-content\/uploads\/2016\/07\/image-58.jpeg?fit=232%2C300\" data-large-file=\"https:\/\/i0.wp.com\/blogdalucianaoliveira.com.br\/blog\/wp-content\/uploads\/2016\/07\/image-58.jpeg?fit=600%2C775\" src=\"https:\/\/i0.wp.com\/blogdalucianaoliveira.com.br\/blog\/wp-content\/uploads\/2016\/07\/image-58.jpeg?resize=600%2C775\" alt=\"image\" width=\"600\" height=\"775\" class=\"alignnone size-full wp-image-2249\" srcset=\"https:\/\/i0.wp.com\/blogdalucianaoliveira.com.br\/blog\/wp-content\/uploads\/2016\/07\/image-58.jpeg?w=708 708w, https:\/\/i0.wp.com\/blogdalucianaoliveira.com.br\/blog\/wp-content\/uploads\/2016\/07\/image-58.jpeg?resize=232%2C300 232w\" sizes=\"auto, (max-width: 600px) 100vw, 600px\" \/><\/p>\n<p>A convoca\u00e7\u00e3o est\u00e1 circulando nas redes sociais e esta foi postada num grupo de WhatsApp de um site jornal\u00edstico de Rond\u00f4nia. <!--more--><\/p>\n<p>Quem convoca \u00e9 um sujeito que se apresenta como advogado, que indica e-mail para contato e telefone com DDD de S\u00e3o Paulo. <\/p>\n<p>O maluco que teve a ideia n\u00e3o importa, mas chama a aten\u00e7\u00e3o que outros advogados a estejam compartilhando. <\/p>\n<p>Neste grupo, quem transmitiu a convoca\u00e7\u00e3o foi o advogado Carlos Troncoso, que n\u00e3o deixou clara sua inten\u00e7\u00e3o em divulgar o chamamento. <\/p>\n<p>Outro advogado condenou imediatamente a convoca\u00e7\u00e3o a uma frente de juristas pra &#8216;bloquear&#8217; movimentos sociais e ideologias pol\u00edticas: <\/p>\n<p>&#8220;Interessante a inten\u00e7\u00e3o censora do William Navarro. Pelo que entendi, quer ressuscitar a censura: &#8220;desenvolvermos uma frente de bloqueio&#8230;&#8221;. Tal proposta, a meu ver, \u00e9 um inconceb\u00edvel num estado democr\u00e1tico de direito. O tolhimento da  liberdade de express\u00e3o \u00e9 um dos pilares do totalitarismo. Lament\u00e1vel que essa iniciativa parta de um operador do direito.&#8221;<\/p>\n<p>O que Sobral Pinto, \u00edcone da advocacia brasileira diria ao ler uma mensagem facista como essa? <\/p>\n<p>Ele, que declarou abertamente sua avers\u00e3o ao comunismo, mas defendeu bravamente colunistas perseguidos pela ditadura militar. <\/p>\n","protected":false},"excerpt":{"rendered":"<p>A convoca\u00e7\u00e3o est\u00e1 circulando nas redes sociais e esta foi postada num grupo de WhatsApp de um site jornal\u00edstico de Rond\u00f4nia.<\/p>\n","protected":false},"author":1,"featured_media":0,"comment_status":"closed","ping_status":"open","sticky":false,"template":"","format":"standard","meta":{"_exactmetrics_skip_tracking":false,"_exactmetrics_sitenote_active":false,"_exactmetrics_sitenote_note":"","_exactmetrics_sitenote_category":0,"jetpack_post_was_ever_published":false,"_jetpack_newsletter_access":"","_jetpack_dont_email_post_to_subs":false,"_jetpack_newsletter_tier_id":0,"_jetpack_memberships_contains_paywalled_content":false,"_jetpack_memberships_contains_paid_content":false,"footnotes":"","jetpack_publicize_message":"","jetpack_publicize_feature_enabled":true,"jetpack_social_post_already_shared":true,"jetpack_social_options":{"image_generator_settings":{"template":"highway","enabled":false},"version":2}},"categories":[1],"tags":[],"class_list":["post-2248","post","type-post","status-publish","format-standard","hentry","category-notas"],"jetpack_publicize_connections":[],"jetpack_sharing_enabled":true,"jetpack_featured_media_url":"","jetpack_shortlink":"https:\/\/wp.me\/p7wKYW-Ag","jetpack-related-posts":[],"_links":{"self":[{"href":"http:\/\/blogdalucianaoliveira.com.br\/blog\/wp-json\/wp\/v2\/posts\/2248","targetHints":{"allow":["GET"]}}],"collection":[{"href":"http:\/\/blogdalucianaoliveira.com.br\/blog\/wp-json\/wp\/v2\/posts"}],"about":[{"href":"http:\/\/blogdalucianaoliveira.com.br\/blog\/wp-json\/wp\/v2\/types\/post"}],"author":[{"embeddable":true,"href":"http:\/\/blogdalucianaoliveira.com.br\/blog\/wp-json\/wp\/v2\/users\/1"}],"replies":[{"embeddable":true,"href":"http:\/\/blogdalucianaoliveira.com.br\/blog\/wp-json\/wp\/v2\/comments?post=2248"}],"version-history":[{"count":1,"href":"http:\/\/blogdalucianaoliveira.com.br\/blog\/wp-json\/wp\/v2\/posts\/2248\/revisions"}],"predecessor-version":[{"id":2250,"href":"http:\/\/blogdalucianaoliveira.com.br\/blog\/wp-json\/wp\/v2\/posts\/2248\/revisions\/2250"}],"wp:attachment":[{"href":"http:\/\/blogdalucianaoliveira.com.br\/blog\/wp-json\/wp\/v2\/media?parent=2248"}],"wp:term":[{"taxonomy":"category","embeddable":true,"href":"http:\/\/blogdalucianaoliveira.com.br\/blog\/wp-json\/wp\/v2\/categories?post=2248"},{"taxonomy":"post_tag","embeddable":true,"href":"http:\/\/blogdalucianaoliveira.com.br\/blog\/wp-json\/wp\/v2\/tags?post=2248"}],"curies":[{"name":"wp","href":"https:\/\/api.w.org\/{rel}","templated":true}]}}