{"id":22480,"date":"2019-06-24T11:51:36","date_gmt":"2019-06-24T15:51:36","guid":{"rendered":"http:\/\/blogdalucianaoliveira.com.br\/blog\/?p=22480"},"modified":"2019-06-24T11:51:36","modified_gmt":"2019-06-24T15:51:36","slug":"filme-de-petra-costa-faz-a-autopsia-de-um-pais-chamado-brasil","status":"publish","type":"post","link":"http:\/\/blogdalucianaoliveira.com.br\/blog\/2019\/06\/24\/filme-de-petra-costa-faz-a-autopsia-de-um-pais-chamado-brasil\/","title":{"rendered":"Filme de Petra Costa faz a aut\u00f3psia de um pa\u00eds chamado Brasil"},"content":{"rendered":"<p><img data-recalc-dims=\"1\" loading=\"lazy\" decoding=\"async\" data-attachment-id=\"22481\" data-permalink=\"http:\/\/blogdalucianaoliveira.com.br\/blog\/2019\/06\/24\/filme-de-petra-costa-faz-a-autopsia-de-um-pais-chamado-brasil\/democracia-em-vertigem-netflix_01\/\" data-orig-file=\"https:\/\/i0.wp.com\/blogdalucianaoliveira.com.br\/blog\/wp-content\/uploads\/2019\/06\/Democracia-Em-Vertigem-Netflix_01.jpg?fit=1000%2C667\" data-orig-size=\"1000,667\" data-comments-opened=\"0\" data-image-meta=\"{&quot;aperture&quot;:&quot;11&quot;,&quot;credit&quot;:&quot;Francisco Van Steen Proner Ramos&quot;,&quot;camera&quot;:&quot;Canon EOS 6D&quot;,&quot;caption&quot;:&quot;&quot;,&quot;created_timestamp&quot;:&quot;0&quot;,&quot;copyright&quot;:&quot;\\u00a9Francisco Van Steen Proner Ramos&quot;,&quot;focal_length&quot;:&quot;35&quot;,&quot;iso&quot;:&quot;500&quot;,&quot;shutter_speed&quot;:&quot;0.008&quot;,&quot;title&quot;:&quot;&quot;,&quot;orientation&quot;:&quot;0&quot;}\" data-image-title=\"Democracia-Em-Vertigem-Netflix_01\" data-image-description=\"\" data-image-caption=\"\" data-medium-file=\"https:\/\/i0.wp.com\/blogdalucianaoliveira.com.br\/blog\/wp-content\/uploads\/2019\/06\/Democracia-Em-Vertigem-Netflix_01.jpg?fit=300%2C200\" data-large-file=\"https:\/\/i0.wp.com\/blogdalucianaoliveira.com.br\/blog\/wp-content\/uploads\/2019\/06\/Democracia-Em-Vertigem-Netflix_01.jpg?fit=600%2C400\" src=\"https:\/\/i0.wp.com\/blogdalucianaoliveira.com.br\/blog\/wp-content\/uploads\/2019\/06\/Democracia-Em-Vertigem-Netflix_01.jpg?resize=600%2C400\" alt=\"Democracia-Em-Vertigem-Netflix_01\" width=\"600\" height=\"400\" class=\"alignnone size-full wp-image-22481\" srcset=\"https:\/\/i0.wp.com\/blogdalucianaoliveira.com.br\/blog\/wp-content\/uploads\/2019\/06\/Democracia-Em-Vertigem-Netflix_01.jpg?w=1000 1000w, https:\/\/i0.wp.com\/blogdalucianaoliveira.com.br\/blog\/wp-content\/uploads\/2019\/06\/Democracia-Em-Vertigem-Netflix_01.jpg?resize=300%2C200 300w, https:\/\/i0.wp.com\/blogdalucianaoliveira.com.br\/blog\/wp-content\/uploads\/2019\/06\/Democracia-Em-Vertigem-Netflix_01.jpg?resize=768%2C512 768w, https:\/\/i0.wp.com\/blogdalucianaoliveira.com.br\/blog\/wp-content\/uploads\/2019\/06\/Democracia-Em-Vertigem-Netflix_01.jpg?resize=450%2C300 450w\" sizes=\"auto, (max-width: 600px) 100vw, 600px\" \/><\/p>\n<p>Por Ricardo Kotscho, do Balaio do Kotscho e do Jornalistas pela Democracia &#8211; Ao final das duas horas e um minuto de exibi\u00e7\u00e3o, me senti zonzo como se tivesse tomado uma porrada na cara.<\/p>\n<p>\u201cDemocracia em Vertigem\u201d \u00e9 o document\u00e1rio brasileiro mais importante do per\u00edodo p\u00f3s-ditadura militar, um libelo pol\u00edtico e profundamente humano sobre a grande trag\u00e9dia que assola o pa\u00eds.<!--more--><\/p>\n<p>Diretora, produtora, roteirista e narradora, a jovem cineasta mineira Petra Costa, 35 anos, formada na Universidade de Columbia, conta a hist\u00f3ria recente do Brasil, tendo como pano de fundo a sua trajet\u00f3ria pessoal e a da sua fam\u00edlia.<\/p>\n<p>Parece fic\u00e7\u00e3o, mas \u00e9 tudo dramaticamente real neste filme produzido com imagens e di\u00e1logos captados no calor dos acontecimentos que levaram ao golpe de 2016.<\/p>\n<p>Neste filme, que estreou na \u00faltima quarta-feira na Netflix, a narrativa vai se encadeando de tal forma, cena ap\u00f3s cena, que s\u00f3 podia dar no que deu.<\/p>\n<p>Tudo que foi omitido dos brasileiros ao longo dos \u00faltimos poucos anos, em que o pa\u00eds foi virado de pernas para o ar, \u00e9 apresentado ali como uma velha e boa reportagem, sem censura, sem firulas e sem tomar partido.<\/p>\n<p>Assisti ao filme s\u00e1bado no tel\u00e3o do audit\u00f3rio de um convento, em Interlagos, junto com mais de 100 amigos, que celebravam ali os 40 anos dos nossos grupos de ora\u00e7\u00e3o.<\/p>\n<p>Foi o nosso retir\u00e3o espiritual para recarregar as energias do corpo e da alma, como fazemos uma vez por ano, com os grupos de S\u00e3o Paulo, Rio e Minas, reunindo gente de todos as idades, profiss\u00f5es, classes sociais, credos religiosos, prefer\u00eancias sexuais, esportivas e partid\u00e1rias.<\/p>\n<p>Tem at\u00e9 ateus e abst\u00eamios nestes grupos _ a mais completa salada da nossa diversidade social e cultural.<\/p>\n<p>Como todos assistiram ao filme no mais absoluto sil\u00eancio, sem ningu\u00e9m ter combinado, pensei que, ao final, em torno de uma farta mesa de comes e bebes, sa\u00edsse um grande debate sobre o que, afinal, cada um tinha achado.<\/p>\n<p>Que nada. Acho que n\u00e3o fui s\u00f3 eu que fiquei absolutamente perplexo com o final do filme em que Moro foi nomeado ministro de Bolsonaro e Lula continuava preso.<\/p>\n<p>Disso todos j\u00e1 sab\u00edamos, mas como chegamos a este desfecho?<\/p>\n<p>\u00c9 isso que Petra e seu filme procuraram fazer o tempo todo: revelar, de forma bem did\u00e1tica, todas as tr\u00e1gicas farsas jur\u00eddicas e midi\u00e1ticas, desde as jornadas de junho de 2013; depois, da Lava Jato para combater a corrup\u00e7\u00e3o, com o \u00fanico objetivo de derrubar Dilma e prender Lula, com Supremo e com tudo, para devolver o pa\u00eds aos antigos donos do poder; acabar com a soberania nacional e os direitos trabalhistas, entregar a Amaz\u00f4nia e o pr\u00e9 sal, armar as mil\u00edcias da nova ordem e instaurar um regime de terror.<\/p>\n<p>Sem saber o que dizer depois da porrada que todos levamos no meio da testa, os orantes-retirantes falaram de tudo, menos do filme.<\/p>\n<p>Fiquei com a impress\u00e3o de que sobre a mesa estava, com as entranhas abertas, um morto autopsiado pelo filme, e era melhor mudar de assunto, j\u00e1 que nada mais havia a fazer.<\/p>\n<p>Ningu\u00e9m chorou, nem falou bem ou mal do defunto, era apenas uma t\u00e1cita constata\u00e7\u00e3o.<\/p>\n<p>S\u00f3 me lembro de ter ouvido um coment\u00e1rio: \u201cEssa trag\u00e9dia est\u00e1 s\u00f3 come\u00e7ando, n\u00e3o vimos nada ainda\u201d.<\/p>\n<p>E o que pode acontecer depois da morte?<\/p>\n<p>Eu, que n\u00e3o acreditava em ressurrei\u00e7\u00e3o, passei a botar f\u00e9, por absoluta necessidade de sobreviv\u00eancia, sem ter a menor ideia de como isso poderia se dar.<\/p>\n<p>Chega uma hora no filme em que tudo parece inveros\u00edmel, um del\u00edrio da diretora.<\/p>\n<p>Demorei a pegar no sono, com medo de ter pesadelos.<\/p>\n<p>Mas acordei mais animado, e pensei: aquele Brasil pode ter morrido, mas n\u00f3s continuamos vivos, apesar de tudo.<\/p>\n<p>E enquanto sobrevivermos, animados por um cara chamado Frei Betto, o nosso Posto Ipiranga, que inspirou a cria\u00e7\u00e3o destes grupos, 40 anos atr\u00e1s, nos estertores da ditadura militar, h\u00e1 esperan\u00e7as.<\/p>\n<p>S\u00f3 n\u00e3o podemos perder a esperan\u00e7a e o bom humor.<\/p>\n<p>Vida que segue.<\/p>\n","protected":false},"excerpt":{"rendered":"<p>Por Ricardo Kotscho, do Balaio do Kotscho e do Jornalistas pela Democracia &#8211; Ao final das duas horas e um minuto de exibi\u00e7\u00e3o, me senti zonzo como se tivesse tomado uma porrada na cara. \u201cDemocracia em Vertigem\u201d \u00e9 o document\u00e1rio brasileiro mais importante do per\u00edodo p\u00f3s-ditadura militar, um libelo pol\u00edtico e profundamente humano sobre a&#8230;<a class=\"more-link\" href=\"http:\/\/blogdalucianaoliveira.com.br\/blog\/2019\/06\/24\/filme-de-petra-costa-faz-a-autopsia-de-um-pais-chamado-brasil\/\">Continue a leitura <span class=\"meta-nav\">&raquo;<\/span><\/a><\/p>\n","protected":false},"author":1,"featured_media":0,"comment_status":"closed","ping_status":"open","sticky":false,"template":"","format":"standard","meta":{"_exactmetrics_skip_tracking":false,"_exactmetrics_sitenote_active":false,"_exactmetrics_sitenote_note":"","_exactmetrics_sitenote_category":0,"jetpack_post_was_ever_published":false,"_jetpack_newsletter_access":"","_jetpack_dont_email_post_to_subs":false,"_jetpack_newsletter_tier_id":0,"_jetpack_memberships_contains_paywalled_content":false,"_jetpack_memberships_contains_paid_content":false,"footnotes":"","jetpack_publicize_message":"","jetpack_publicize_feature_enabled":true,"jetpack_social_post_already_shared":true,"jetpack_social_options":{"image_generator_settings":{"template":"highway","enabled":false},"version":2}},"categories":[1],"tags":[],"class_list":["post-22480","post","type-post","status-publish","format-standard","hentry","category-notas"],"jetpack_publicize_connections":[],"jetpack_sharing_enabled":true,"jetpack_featured_media_url":"","jetpack_shortlink":"https:\/\/wp.me\/p7wKYW-5QA","jetpack-related-posts":[],"_links":{"self":[{"href":"http:\/\/blogdalucianaoliveira.com.br\/blog\/wp-json\/wp\/v2\/posts\/22480","targetHints":{"allow":["GET"]}}],"collection":[{"href":"http:\/\/blogdalucianaoliveira.com.br\/blog\/wp-json\/wp\/v2\/posts"}],"about":[{"href":"http:\/\/blogdalucianaoliveira.com.br\/blog\/wp-json\/wp\/v2\/types\/post"}],"author":[{"embeddable":true,"href":"http:\/\/blogdalucianaoliveira.com.br\/blog\/wp-json\/wp\/v2\/users\/1"}],"replies":[{"embeddable":true,"href":"http:\/\/blogdalucianaoliveira.com.br\/blog\/wp-json\/wp\/v2\/comments?post=22480"}],"version-history":[{"count":1,"href":"http:\/\/blogdalucianaoliveira.com.br\/blog\/wp-json\/wp\/v2\/posts\/22480\/revisions"}],"predecessor-version":[{"id":22482,"href":"http:\/\/blogdalucianaoliveira.com.br\/blog\/wp-json\/wp\/v2\/posts\/22480\/revisions\/22482"}],"wp:attachment":[{"href":"http:\/\/blogdalucianaoliveira.com.br\/blog\/wp-json\/wp\/v2\/media?parent=22480"}],"wp:term":[{"taxonomy":"category","embeddable":true,"href":"http:\/\/blogdalucianaoliveira.com.br\/blog\/wp-json\/wp\/v2\/categories?post=22480"},{"taxonomy":"post_tag","embeddable":true,"href":"http:\/\/blogdalucianaoliveira.com.br\/blog\/wp-json\/wp\/v2\/tags?post=22480"}],"curies":[{"name":"wp","href":"https:\/\/api.w.org\/{rel}","templated":true}]}}