{"id":22486,"date":"2019-06-25T08:42:31","date_gmt":"2019-06-25T12:42:31","guid":{"rendered":"http:\/\/blogdalucianaoliveira.com.br\/blog\/?p=22486"},"modified":"2019-06-25T08:42:31","modified_gmt":"2019-06-25T12:42:31","slug":"ministerio-da-agricultura-libera-o-uso-de-mais-42-agrotoxicos","status":"publish","type":"post","link":"http:\/\/blogdalucianaoliveira.com.br\/blog\/2019\/06\/25\/ministerio-da-agricultura-libera-o-uso-de-mais-42-agrotoxicos\/","title":{"rendered":"Minist\u00e9rio da Agricultura libera o uso de mais 42 agrot\u00f3xicos"},"content":{"rendered":"<p><img data-recalc-dims=\"1\" loading=\"lazy\" decoding=\"async\" data-attachment-id=\"22487\" data-permalink=\"http:\/\/blogdalucianaoliveira.com.br\/blog\/2019\/06\/25\/ministerio-da-agricultura-libera-o-uso-de-mais-42-agrotoxicos\/f2b54cb1-fdfe-4508-9247-356e9e948302\/\" data-orig-file=\"https:\/\/i0.wp.com\/blogdalucianaoliveira.com.br\/blog\/wp-content\/uploads\/2019\/06\/F2B54CB1-FDFE-4508-9247-356E9E948302.png?fit=768%2C462\" data-orig-size=\"768,462\" data-comments-opened=\"0\" data-image-meta=\"{&quot;aperture&quot;:&quot;0&quot;,&quot;credit&quot;:&quot;&quot;,&quot;camera&quot;:&quot;&quot;,&quot;caption&quot;:&quot;&quot;,&quot;created_timestamp&quot;:&quot;0&quot;,&quot;copyright&quot;:&quot;&quot;,&quot;focal_length&quot;:&quot;0&quot;,&quot;iso&quot;:&quot;0&quot;,&quot;shutter_speed&quot;:&quot;0&quot;,&quot;title&quot;:&quot;&quot;,&quot;orientation&quot;:&quot;0&quot;}\" data-image-title=\"F2B54CB1-FDFE-4508-9247-356E9E948302\" data-image-description=\"\" data-image-caption=\"\" data-medium-file=\"https:\/\/i0.wp.com\/blogdalucianaoliveira.com.br\/blog\/wp-content\/uploads\/2019\/06\/F2B54CB1-FDFE-4508-9247-356E9E948302.png?fit=300%2C180\" data-large-file=\"https:\/\/i0.wp.com\/blogdalucianaoliveira.com.br\/blog\/wp-content\/uploads\/2019\/06\/F2B54CB1-FDFE-4508-9247-356E9E948302.png?fit=600%2C361\" src=\"https:\/\/i0.wp.com\/blogdalucianaoliveira.com.br\/blog\/wp-content\/uploads\/2019\/06\/F2B54CB1-FDFE-4508-9247-356E9E948302.png?resize=600%2C361\" alt=\"F2B54CB1-FDFE-4508-9247-356E9E948302\" width=\"600\" height=\"361\" class=\"alignnone size-full wp-image-22487\" srcset=\"https:\/\/i0.wp.com\/blogdalucianaoliveira.com.br\/blog\/wp-content\/uploads\/2019\/06\/F2B54CB1-FDFE-4508-9247-356E9E948302.png?w=768 768w, https:\/\/i0.wp.com\/blogdalucianaoliveira.com.br\/blog\/wp-content\/uploads\/2019\/06\/F2B54CB1-FDFE-4508-9247-356E9E948302.png?resize=300%2C180 300w, https:\/\/i0.wp.com\/blogdalucianaoliveira.com.br\/blog\/wp-content\/uploads\/2019\/06\/F2B54CB1-FDFE-4508-9247-356E9E948302.png?resize=499%2C300 499w\" sizes=\"auto, (max-width: 600px) 100vw, 600px\" \/><\/p>\n<p>Objetivo \u00e9 baratear o pre\u00e7o dos defensivos para diminuir custos de produ\u00e7\u00e3o, diz a pasta<!--more--><\/p>\n<p>Na Carta Capital <\/p>\n<p>O Minist\u00e9rio da Agricultura divulgou a libera\u00e7\u00e3o de 42 agrot\u00f3xicos no Di\u00e1rio Oficial da Uni\u00e3o (DOU), nesta segunda-feira 24. Segundo o Minist\u00e9rio da Agricultura, apenas um produto traz um ingrediente ativo novo. Os demais seriam produtos \u201cgen\u00e9ricos\u201d que j\u00e1 faziam parte da composi\u00e7\u00e3o de defensivos dispon\u00edveis no mercado.<br \/>\nEntre os fabricantes est\u00e3o as empresas Bayer, Dow Agrosciences, Syngenta, Nortox, Rainbow e Proventis Lifescience. O ato \u00e9 de autoria da Coordena\u00e7\u00e3o-Geral de Agrot\u00f3xicos e Afins, do Departamento de Sanidade Vegetal e Insumos Agr\u00edcolas, da Secretaria de Defesa Agropecu\u00e1ria.<\/p>\n<p>A pasta afirma que o objetivo da libera\u00e7\u00e3o de produtos gen\u00e9ricos \u00e9 baratear o pre\u00e7o dos agrot\u00f3xicos, o que faria cair o custo de produ\u00e7\u00e3o e, por consequ\u00eancia, os pre\u00e7os dos alimentos para o consumidor. A autoriza\u00e7\u00e3o do uso de novos compostos serviria para \u201cdisponibilizar novas alternativas de controle mais eficientes e com menor impacto ao meio ambiente e \u00e0 sa\u00fade humana\u201d, alega o Minist\u00e9rio.<\/p>\n<p>Em nota, o \u00f3rg\u00e3o diz que, da lista, 29 s\u00e3o produtos t\u00e9cnicos equivalentes, ou seja, gen\u00e9ricos de princ\u00edpios j\u00e1 legalizados para uso industrial. Outros 12 s\u00e3o produtos gen\u00e9ricos j\u00e1 prontos para serem usados no controle de pragas na agricultura brasileira.<\/p>\n<p>O novo herbicida inclu\u00eddo na mudan\u00e7a \u00e9 o Florpirauxifen-benzil, que teria modo de a\u00e7\u00e3o in\u00e9dito no Pa\u00eds. Segundo a pasta, o ingrediente \u00e9 \u201caltamente eficiente para plantas daninhas de dif\u00edcil controle\u201d. Os produtos registrados estavam na fila para aprova\u00e7\u00e3o h\u00e1 quatro anos, diz o Minist\u00e9rio.<\/p>\n<p>Libera geral<br \/>\nA \u00faltima concess\u00e3o de registros de agrot\u00f3xicos no Brasil ocorreu em 21 de maio. At\u00e9 o momento, eram 169 novas libera\u00e7\u00f5es de utiliza\u00e7\u00e3o de compostos nas lavouras. A cole\u00e7\u00e3o inclui o glifosato, pol\u00eamico ingrediente associado ao c\u00e2ncer, que levou a empresa Bayer \u00e0 condena\u00e7\u00e3o de multa por 80 milh\u00f5es de d\u00f3lares nos Estados Unidos.<\/p>\n<p>A escalada do veneno segue tend\u00eancia no Pa\u00eds. Segundo o Minist\u00e9rio, em 2018, batemos recorde: o Brasil abriu a entrada de 450 agroqu\u00edmicos. Em 2017, foram 405; no ano anterior, 277.<\/p>\n","protected":false},"excerpt":{"rendered":"<p>Objetivo \u00e9 baratear o pre\u00e7o dos defensivos para diminuir custos de produ\u00e7\u00e3o, diz a pasta<\/p>\n","protected":false},"author":1,"featured_media":0,"comment_status":"closed","ping_status":"open","sticky":false,"template":"","format":"standard","meta":{"_exactmetrics_skip_tracking":false,"_exactmetrics_sitenote_active":false,"_exactmetrics_sitenote_note":"","_exactmetrics_sitenote_category":0,"jetpack_post_was_ever_published":false,"_jetpack_newsletter_access":"","_jetpack_dont_email_post_to_subs":false,"_jetpack_newsletter_tier_id":0,"_jetpack_memberships_contains_paywalled_content":false,"_jetpack_memberships_contains_paid_content":false,"footnotes":"","jetpack_publicize_message":"","jetpack_publicize_feature_enabled":true,"jetpack_social_post_already_shared":true,"jetpack_social_options":{"image_generator_settings":{"template":"highway","enabled":false},"version":2}},"categories":[1],"tags":[],"class_list":["post-22486","post","type-post","status-publish","format-standard","hentry","category-notas"],"jetpack_publicize_connections":[],"jetpack_sharing_enabled":true,"jetpack_featured_media_url":"","jetpack_shortlink":"https:\/\/wp.me\/p7wKYW-5QG","jetpack-related-posts":[],"_links":{"self":[{"href":"http:\/\/blogdalucianaoliveira.com.br\/blog\/wp-json\/wp\/v2\/posts\/22486","targetHints":{"allow":["GET"]}}],"collection":[{"href":"http:\/\/blogdalucianaoliveira.com.br\/blog\/wp-json\/wp\/v2\/posts"}],"about":[{"href":"http:\/\/blogdalucianaoliveira.com.br\/blog\/wp-json\/wp\/v2\/types\/post"}],"author":[{"embeddable":true,"href":"http:\/\/blogdalucianaoliveira.com.br\/blog\/wp-json\/wp\/v2\/users\/1"}],"replies":[{"embeddable":true,"href":"http:\/\/blogdalucianaoliveira.com.br\/blog\/wp-json\/wp\/v2\/comments?post=22486"}],"version-history":[{"count":1,"href":"http:\/\/blogdalucianaoliveira.com.br\/blog\/wp-json\/wp\/v2\/posts\/22486\/revisions"}],"predecessor-version":[{"id":22488,"href":"http:\/\/blogdalucianaoliveira.com.br\/blog\/wp-json\/wp\/v2\/posts\/22486\/revisions\/22488"}],"wp:attachment":[{"href":"http:\/\/blogdalucianaoliveira.com.br\/blog\/wp-json\/wp\/v2\/media?parent=22486"}],"wp:term":[{"taxonomy":"category","embeddable":true,"href":"http:\/\/blogdalucianaoliveira.com.br\/blog\/wp-json\/wp\/v2\/categories?post=22486"},{"taxonomy":"post_tag","embeddable":true,"href":"http:\/\/blogdalucianaoliveira.com.br\/blog\/wp-json\/wp\/v2\/tags?post=22486"}],"curies":[{"name":"wp","href":"https:\/\/api.w.org\/{rel}","templated":true}]}}