{"id":22492,"date":"2019-06-25T16:07:17","date_gmt":"2019-06-25T20:07:17","guid":{"rendered":"http:\/\/blogdalucianaoliveira.com.br\/blog\/?p=22492"},"modified":"2019-06-25T16:07:17","modified_gmt":"2019-06-25T20:07:17","slug":"militar-e-preso-com-drogas-em-aviao-da-fab-em-novo-golpe-na-imagem-de-bolsonaro","status":"publish","type":"post","link":"http:\/\/blogdalucianaoliveira.com.br\/blog\/2019\/06\/25\/militar-e-preso-com-drogas-em-aviao-da-fab-em-novo-golpe-na-imagem-de-bolsonaro\/","title":{"rendered":"Militar \u00e9 preso com drogas em avi\u00e3o da FAB em novo golpe na imagem de Bolsonaro"},"content":{"rendered":"<p><img data-recalc-dims=\"1\" loading=\"lazy\" decoding=\"async\" data-attachment-id=\"22493\" data-permalink=\"http:\/\/blogdalucianaoliveira.com.br\/blog\/2019\/06\/25\/militar-e-preso-com-drogas-em-aviao-da-fab-em-novo-golpe-na-imagem-de-bolsonaro\/vi-5\/\" data-orig-file=\"https:\/\/i0.wp.com\/blogdalucianaoliveira.com.br\/blog\/wp-content\/uploads\/2019\/06\/VI.jpeg?fit=1021%2C600\" data-orig-size=\"1021,600\" data-comments-opened=\"0\" data-image-meta=\"{&quot;aperture&quot;:&quot;0&quot;,&quot;credit&quot;:&quot;&quot;,&quot;camera&quot;:&quot;&quot;,&quot;caption&quot;:&quot;&quot;,&quot;created_timestamp&quot;:&quot;0&quot;,&quot;copyright&quot;:&quot;&quot;,&quot;focal_length&quot;:&quot;0&quot;,&quot;iso&quot;:&quot;0&quot;,&quot;shutter_speed&quot;:&quot;0&quot;,&quot;title&quot;:&quot;&quot;,&quot;orientation&quot;:&quot;0&quot;}\" data-image-title=\"VI\" data-image-description=\"\" data-image-caption=\"\" data-medium-file=\"https:\/\/i0.wp.com\/blogdalucianaoliveira.com.br\/blog\/wp-content\/uploads\/2019\/06\/VI.jpeg?fit=300%2C176\" data-large-file=\"https:\/\/i0.wp.com\/blogdalucianaoliveira.com.br\/blog\/wp-content\/uploads\/2019\/06\/VI.jpeg?fit=600%2C353\" src=\"https:\/\/i0.wp.com\/blogdalucianaoliveira.com.br\/blog\/wp-content\/uploads\/2019\/06\/VI.jpeg?resize=600%2C353\" alt=\"VI\" width=\"600\" height=\"353\" class=\"alignnone size-full wp-image-22493\" srcset=\"https:\/\/i0.wp.com\/blogdalucianaoliveira.com.br\/blog\/wp-content\/uploads\/2019\/06\/VI.jpeg?w=1021 1021w, https:\/\/i0.wp.com\/blogdalucianaoliveira.com.br\/blog\/wp-content\/uploads\/2019\/06\/VI.jpeg?resize=300%2C176 300w, https:\/\/i0.wp.com\/blogdalucianaoliveira.com.br\/blog\/wp-content\/uploads\/2019\/06\/VI.jpeg?resize=768%2C451 768w, https:\/\/i0.wp.com\/blogdalucianaoliveira.com.br\/blog\/wp-content\/uploads\/2019\/06\/VI.jpeg?resize=511%2C300 511w\" sizes=\"auto, (max-width: 600px) 100vw, 600px\" \/><\/p>\n<p>247 &#8211; A pris\u00e3o do militar da Aeron\u00e1utica na Espanha, com drogas em um avi\u00e3o da For\u00e7a A\u00e9rea Brasileira (FAB) \u00e9 um duro golpe nos planos do governo de melhorar a imagem de Jair Bolsonaro.<!--more--><\/p>\n<p>O Minist\u00e9rio da Defesa informou nesta ter\u00e7a que um militar da Aeron\u00e1utica foi detido no aeroporto de Sevilha, Espanha, por suspeita de envolvimento no transporte de subst\u00e2ncia entorpecente.<\/p>\n<p>\u201cOs fatos est\u00e3o sendo apurados e foi determinada a instaura\u00e7\u00e3o do Inqu\u00e9rito Policial Militar (IPM)\u201d, diz o minist\u00e9rio. \u201cO Minist\u00e9rio da Defesa e o Comando da Aeron\u00e1utica repudiam atos dessa natureza e dar\u00e3o prioridade para elucida\u00e7\u00e3o do caso, aplica\u00e7\u00e3o dos regulamentos cab\u00edveis, bem como colaboram com as autoridades\u201d, complementa a nota.<\/p>\n<p>Segundo a revista Veja, embora o militar n\u00e3o tenha liga\u00e7\u00e3o com a comitiva de Bolsonaro que vai ao Jap\u00e3o nesta semana, o epis\u00f3dio fornece muni\u00e7\u00e3o para os cr\u00edticos acusarem o governo de coisas ainda piores que as cr\u00edticas j\u00e1 proferidas na \u00e1rea de costumes.<\/p>\n","protected":false},"excerpt":{"rendered":"<p>247 &#8211; A pris\u00e3o do militar da Aeron\u00e1utica na Espanha, com drogas em um avi\u00e3o da For\u00e7a A\u00e9rea Brasileira (FAB) \u00e9 um duro golpe nos planos do governo de melhorar a imagem de Jair Bolsonaro.<\/p>\n","protected":false},"author":1,"featured_media":0,"comment_status":"closed","ping_status":"open","sticky":false,"template":"","format":"standard","meta":{"_exactmetrics_skip_tracking":false,"_exactmetrics_sitenote_active":false,"_exactmetrics_sitenote_note":"","_exactmetrics_sitenote_category":0,"jetpack_post_was_ever_published":false,"_jetpack_newsletter_access":"","_jetpack_dont_email_post_to_subs":false,"_jetpack_newsletter_tier_id":0,"_jetpack_memberships_contains_paywalled_content":false,"_jetpack_memberships_contains_paid_content":false,"footnotes":"","jetpack_publicize_message":"","jetpack_publicize_feature_enabled":true,"jetpack_social_post_already_shared":true,"jetpack_social_options":{"image_generator_settings":{"template":"highway","enabled":false},"version":2}},"categories":[1],"tags":[],"class_list":["post-22492","post","type-post","status-publish","format-standard","hentry","category-notas"],"jetpack_publicize_connections":[],"jetpack_sharing_enabled":true,"jetpack_featured_media_url":"","jetpack_shortlink":"https:\/\/wp.me\/p7wKYW-5QM","jetpack-related-posts":[],"_links":{"self":[{"href":"http:\/\/blogdalucianaoliveira.com.br\/blog\/wp-json\/wp\/v2\/posts\/22492","targetHints":{"allow":["GET"]}}],"collection":[{"href":"http:\/\/blogdalucianaoliveira.com.br\/blog\/wp-json\/wp\/v2\/posts"}],"about":[{"href":"http:\/\/blogdalucianaoliveira.com.br\/blog\/wp-json\/wp\/v2\/types\/post"}],"author":[{"embeddable":true,"href":"http:\/\/blogdalucianaoliveira.com.br\/blog\/wp-json\/wp\/v2\/users\/1"}],"replies":[{"embeddable":true,"href":"http:\/\/blogdalucianaoliveira.com.br\/blog\/wp-json\/wp\/v2\/comments?post=22492"}],"version-history":[{"count":1,"href":"http:\/\/blogdalucianaoliveira.com.br\/blog\/wp-json\/wp\/v2\/posts\/22492\/revisions"}],"predecessor-version":[{"id":22494,"href":"http:\/\/blogdalucianaoliveira.com.br\/blog\/wp-json\/wp\/v2\/posts\/22492\/revisions\/22494"}],"wp:attachment":[{"href":"http:\/\/blogdalucianaoliveira.com.br\/blog\/wp-json\/wp\/v2\/media?parent=22492"}],"wp:term":[{"taxonomy":"category","embeddable":true,"href":"http:\/\/blogdalucianaoliveira.com.br\/blog\/wp-json\/wp\/v2\/categories?post=22492"},{"taxonomy":"post_tag","embeddable":true,"href":"http:\/\/blogdalucianaoliveira.com.br\/blog\/wp-json\/wp\/v2\/tags?post=22492"}],"curies":[{"name":"wp","href":"https:\/\/api.w.org\/{rel}","templated":true}]}}