{"id":22498,"date":"2019-06-26T07:15:38","date_gmt":"2019-06-26T11:15:38","guid":{"rendered":"http:\/\/blogdalucianaoliveira.com.br\/blog\/?p=22498"},"modified":"2019-06-26T07:15:38","modified_gmt":"2019-06-26T11:15:38","slug":"itamaraty-orienta-diplomatas-a-frisar-que-genero-e-apenas-sexo-biologico","status":"publish","type":"post","link":"http:\/\/blogdalucianaoliveira.com.br\/blog\/2019\/06\/26\/itamaraty-orienta-diplomatas-a-frisar-que-genero-e-apenas-sexo-biologico\/","title":{"rendered":"Itamaraty orienta diplomatas a frisar que g\u00eanero \u00e9 apenas sexo biol\u00f3gico"},"content":{"rendered":"<p><img data-recalc-dims=\"1\" loading=\"lazy\" decoding=\"async\" data-attachment-id=\"22499\" data-permalink=\"http:\/\/blogdalucianaoliveira.com.br\/blog\/2019\/06\/26\/itamaraty-orienta-diplomatas-a-frisar-que-genero-e-apenas-sexo-biologico\/ce70e68d-b222-461f-868f-abbc590a346f\/\" data-orig-file=\"https:\/\/i0.wp.com\/blogdalucianaoliveira.com.br\/blog\/wp-content\/uploads\/2019\/06\/CE70E68D-B222-461F-868F-ABBC590A346F.jpeg?fit=768%2C512\" data-orig-size=\"768,512\" data-comments-opened=\"0\" data-image-meta=\"{&quot;aperture&quot;:&quot;0&quot;,&quot;credit&quot;:&quot;&quot;,&quot;camera&quot;:&quot;&quot;,&quot;caption&quot;:&quot;&quot;,&quot;created_timestamp&quot;:&quot;0&quot;,&quot;copyright&quot;:&quot;&quot;,&quot;focal_length&quot;:&quot;0&quot;,&quot;iso&quot;:&quot;0&quot;,&quot;shutter_speed&quot;:&quot;0&quot;,&quot;title&quot;:&quot;&quot;,&quot;orientation&quot;:&quot;0&quot;}\" data-image-title=\"CE70E68D-B222-461F-868F-ABBC590A346F\" data-image-description=\"\" data-image-caption=\"\" data-medium-file=\"https:\/\/i0.wp.com\/blogdalucianaoliveira.com.br\/blog\/wp-content\/uploads\/2019\/06\/CE70E68D-B222-461F-868F-ABBC590A346F.jpeg?fit=300%2C200\" data-large-file=\"https:\/\/i0.wp.com\/blogdalucianaoliveira.com.br\/blog\/wp-content\/uploads\/2019\/06\/CE70E68D-B222-461F-868F-ABBC590A346F.jpeg?fit=600%2C400\" src=\"https:\/\/i0.wp.com\/blogdalucianaoliveira.com.br\/blog\/wp-content\/uploads\/2019\/06\/CE70E68D-B222-461F-868F-ABBC590A346F.jpeg?resize=600%2C400\" alt=\"CE70E68D-B222-461F-868F-ABBC590A346F\" width=\"600\" height=\"400\" class=\"alignnone size-full wp-image-22499\" srcset=\"https:\/\/i0.wp.com\/blogdalucianaoliveira.com.br\/blog\/wp-content\/uploads\/2019\/06\/CE70E68D-B222-461F-868F-ABBC590A346F.jpeg?w=768 768w, https:\/\/i0.wp.com\/blogdalucianaoliveira.com.br\/blog\/wp-content\/uploads\/2019\/06\/CE70E68D-B222-461F-868F-ABBC590A346F.jpeg?resize=300%2C200 300w, https:\/\/i0.wp.com\/blogdalucianaoliveira.com.br\/blog\/wp-content\/uploads\/2019\/06\/CE70E68D-B222-461F-868F-ABBC590A346F.jpeg?resize=450%2C300 450w\" sizes=\"auto, (max-width: 600px) 100vw, 600px\" \/><\/p>\n<p>Guerra do governo a ideologia de g\u00eanero chega \u00e0 pol\u00edtica externa; minist\u00e9rio cita retomada da &#8216;defini\u00e7\u00e3o tradicional&#8217;<!--more--><\/p>\n<p>Patr\u00edcia Campos Mello<br \/>\nNa Folha <\/p>\n<p>O governo Bolsonaro abriu um novo front na guerra contra ideologia de g\u00eanero: a pol\u00edtica externa.<\/p>\n<p>Segundo a Folha apurou, diplomatas receberam nas \u00faltimas semanas instru\u00e7\u00f5es oficiais do comando do Itamaraty para que, em negocia\u00e7\u00f5es em foros multilaterais, reiterem \u201co entendimento do governo brasileiro de que a palavra g\u00eanero significa o sexo biol\u00f3gico: feminino ou masculino\u201d.<\/p>\n<p>A teoria de g\u00eanero estabelece que g\u00eanero e orienta\u00e7\u00e3o sexual s\u00e3o constru\u00e7\u00f5es sociais, e n\u00e3o apenas determina\u00e7\u00f5es biol\u00f3gicas. J\u00e1 para segmentos da direita, a \u201cideologia de g\u00eanero\u201d \u00e9 um ataque ao conceito tradicional de fam\u00edlia.<\/p>\n<p>Em pelo menos duas reuni\u00f5es, na ONU e na Comiss\u00e3o Interamericana de Direitos Humanos da OEA, os diplomatas receberam a instru\u00e7\u00e3o de ressaltar a diplomatas de outros pa\u00edses a vis\u00e3o do governo brasileiro sobre g\u00eanero.<\/p>\n<p>De acordo com fontes do Itamaraty, a instru\u00e7\u00e3o foi formalizada porque o Brasil, ao utilizar essa defini\u00e7\u00e3o, quer evitar ambiguidades. Procurado, o Itamaraty afirmou tratar-se apenas da retomada da defini\u00e7\u00e3o tradicional de g\u00eanero.<\/p>\n<p>Para Camila Asano, coordenadora da Conectas Direitos Humanos, essa medida pode \u201ccomprometer a credibilidade internacional do pa\u00eds\u201d.<\/p>\n<p>\u201cSe tal ordem n\u00e3o for imediatamente revertida, o Brasil se unir\u00e1 a diplomacias que propagam posi\u00e7\u00f5es retr\u00f3gradas em espa\u00e7os internacionais, ignorando avan\u00e7os nacionais e globais na luta contra desigualdades e preconceitos\u201d, afirma.<\/p>\n<p>Ela lembra que Damares Alves, ministra da Mulher, da Fam\u00edlia e dos Direitos Humanos, anunciou no in\u00edcio do ano que o Brasil \u00e9 candidato a um novo mandato no Conselho de Direitos Humanos da ONU. Uma orienta\u00e7\u00e3o como essa, diz Asano, \u201cpode e deve ser questionada judicialmente\u201d.<\/p>\n<p>A nova instru\u00e7\u00e3o do Itamaraty se alinha a in\u00fameras declara\u00e7\u00f5es do chanceler brasileiro, Ernesto Ara\u00fajo, e do presidente Jair Bolsonaro.<\/p>\n<p>Em discurso em semin\u00e1rio promovido pelo Itamaraty e pela Funda\u00e7\u00e3o Alexandre de Gusm\u00e3o (Funag) no dia 10 de junho, Ara\u00fajo criticou o globalismo, afirmando que o conceito promove ideias como a ideologia de g\u00eanero, ao lado do \u201cracialismo\u201d \u2014segundo ele, a concep\u00e7\u00e3o da sociedade dividida em ra\u00e7as\u2014 e do ecologismo, definido pelo ministro das Rela\u00e7\u00f5es Exteriores como a ecologia transformada em ideologia.<\/p>\n<p>Segundo movimentos de direita, o globalismo orientaria institui\u00e7\u00f5es internacionais a interferir na soberania de pa\u00edses e a apagar tradi\u00e7\u00f5es nacionais.<\/p>\n<p>Nesse discurso, Ernesto criticou o globalismo por criar um mundo onde \u201cvoc\u00ea n\u00e3o tem mais na\u00e7\u00e3o, onde voc\u00ea n\u00e3o tem mais fam\u00edlia, onde voc\u00ea n\u00e3o tem mais homem e mulher\u201d.<\/p>\n<p>Antes, em artigo publicado em janeiro na revista conservadora americana The New Criterion, o chanceler atacou a \u201cagenda de esquerda que rapidamente tomou conta da sociedade brasileira\u201d.<\/p>\n<p>Para ele, essa agenda incluiria \u201ca promo\u00e7\u00e3o da ideologia de g\u00eanero, o est\u00edmulo artificial das tens\u00f5es raciais, a troca dos pais pelo governo como provedor de valores para as crian\u00e7as, a humilha\u00e7\u00e3o dos crist\u00e3os\u201d.<\/p>\n<p>Bolsonaro menciona frequentemente o combate \u00e0 ideologia de g\u00eanero. Em entrevista ao lado do presidente americano Donald Trump na Casa Branca, durante visita a Washington, o presidente afirmou: \u201cEUA e Brasil s\u00e3o irmanados na f\u00e9 em Deus, no combate \u00e0 ideologia de g\u00eanero, ao politicamente correto e \u00e0s fake news\u201d.<\/p>\n<p>Asano afirma que a instru\u00e7\u00e3o do Itamaraty pode ter impacto na concess\u00e3o de ref\u00fagios pelo Brasil. \u201cUma das raz\u00f5es para conceder ref\u00fagio \u00e9 a persegui\u00e7\u00e3o, incluindo por quest\u00f5es de orienta\u00e7\u00e3o sexual e identidade de g\u00eanero.\u201d<\/p>\n<p>\u201cSe o Itamaraty orienta seus diplomatas dessa forma, o Brasil pode se distanciar de pa\u00edses que acolhem refugiados perseguidos justamente por essas raz\u00f5es. Isso mancha a reputa\u00e7\u00e3o do pa\u00eds como refer\u00eancia na agenda de prote\u00e7\u00e3o a refugiados\u201d, afirma.<\/p>\n<p>O Itamaraty afirma que o Brasil mant\u00e9m pol\u00edticas de prote\u00e7\u00e3o a minorias, incluindo LGBTI+, e que tamb\u00e9m atua em diversas iniciativas de defesa das pessoas LGBTI+ em foros internacionais.<\/p>\n","protected":false},"excerpt":{"rendered":"<p>Guerra do governo a ideologia de g\u00eanero chega \u00e0 pol\u00edtica externa; minist\u00e9rio cita retomada da &#8216;defini\u00e7\u00e3o tradicional&#8217;<\/p>\n","protected":false},"author":1,"featured_media":0,"comment_status":"closed","ping_status":"open","sticky":false,"template":"","format":"standard","meta":{"_exactmetrics_skip_tracking":false,"_exactmetrics_sitenote_active":false,"_exactmetrics_sitenote_note":"","_exactmetrics_sitenote_category":0,"jetpack_post_was_ever_published":false,"_jetpack_newsletter_access":"","_jetpack_dont_email_post_to_subs":false,"_jetpack_newsletter_tier_id":0,"_jetpack_memberships_contains_paywalled_content":false,"_jetpack_memberships_contains_paid_content":false,"footnotes":"","jetpack_publicize_message":"","jetpack_publicize_feature_enabled":true,"jetpack_social_post_already_shared":true,"jetpack_social_options":{"image_generator_settings":{"template":"highway","enabled":false},"version":2}},"categories":[1],"tags":[],"class_list":["post-22498","post","type-post","status-publish","format-standard","hentry","category-notas"],"jetpack_publicize_connections":[],"jetpack_sharing_enabled":true,"jetpack_featured_media_url":"","jetpack_shortlink":"https:\/\/wp.me\/p7wKYW-5QS","jetpack-related-posts":[],"_links":{"self":[{"href":"http:\/\/blogdalucianaoliveira.com.br\/blog\/wp-json\/wp\/v2\/posts\/22498","targetHints":{"allow":["GET"]}}],"collection":[{"href":"http:\/\/blogdalucianaoliveira.com.br\/blog\/wp-json\/wp\/v2\/posts"}],"about":[{"href":"http:\/\/blogdalucianaoliveira.com.br\/blog\/wp-json\/wp\/v2\/types\/post"}],"author":[{"embeddable":true,"href":"http:\/\/blogdalucianaoliveira.com.br\/blog\/wp-json\/wp\/v2\/users\/1"}],"replies":[{"embeddable":true,"href":"http:\/\/blogdalucianaoliveira.com.br\/blog\/wp-json\/wp\/v2\/comments?post=22498"}],"version-history":[{"count":1,"href":"http:\/\/blogdalucianaoliveira.com.br\/blog\/wp-json\/wp\/v2\/posts\/22498\/revisions"}],"predecessor-version":[{"id":22500,"href":"http:\/\/blogdalucianaoliveira.com.br\/blog\/wp-json\/wp\/v2\/posts\/22498\/revisions\/22500"}],"wp:attachment":[{"href":"http:\/\/blogdalucianaoliveira.com.br\/blog\/wp-json\/wp\/v2\/media?parent=22498"}],"wp:term":[{"taxonomy":"category","embeddable":true,"href":"http:\/\/blogdalucianaoliveira.com.br\/blog\/wp-json\/wp\/v2\/categories?post=22498"},{"taxonomy":"post_tag","embeddable":true,"href":"http:\/\/blogdalucianaoliveira.com.br\/blog\/wp-json\/wp\/v2\/tags?post=22498"}],"curies":[{"name":"wp","href":"https:\/\/api.w.org\/{rel}","templated":true}]}}