{"id":22505,"date":"2019-06-26T11:09:19","date_gmt":"2019-06-26T15:09:19","guid":{"rendered":"http:\/\/blogdalucianaoliveira.com.br\/blog\/?p=22505"},"modified":"2019-06-26T11:09:19","modified_gmt":"2019-06-26T15:09:19","slug":"prisao-de-membro-da-comitiva-de-bolsonaro-com-39-quilos-de-cocaina-repercute-no-mundo","status":"publish","type":"post","link":"http:\/\/blogdalucianaoliveira.com.br\/blog\/2019\/06\/26\/prisao-de-membro-da-comitiva-de-bolsonaro-com-39-quilos-de-cocaina-repercute-no-mundo\/","title":{"rendered":"Pris\u00e3o de membro da comitiva de Bolsonaro com 39 quilos de coca\u00edna repercute no mundo"},"content":{"rendered":"<p><img data-recalc-dims=\"1\" loading=\"lazy\" decoding=\"async\" data-attachment-id=\"22507\" data-permalink=\"http:\/\/blogdalucianaoliveira.com.br\/blog\/2019\/06\/26\/prisao-de-membro-da-comitiva-de-bolsonaro-com-39-quilos-de-cocaina-repercute-no-mundo\/14bee40d-695d-45b1-a05c-53bde236a889\/\" data-orig-file=\"https:\/\/i0.wp.com\/blogdalucianaoliveira.com.br\/blog\/wp-content\/uploads\/2019\/06\/14BEE40D-695D-45B1-A05C-53BDE236A889.jpeg?fit=652%2C408\" data-orig-size=\"652,408\" data-comments-opened=\"0\" data-image-meta=\"{&quot;aperture&quot;:&quot;0&quot;,&quot;credit&quot;:&quot;&quot;,&quot;camera&quot;:&quot;&quot;,&quot;caption&quot;:&quot;&quot;,&quot;created_timestamp&quot;:&quot;0&quot;,&quot;copyright&quot;:&quot;&quot;,&quot;focal_length&quot;:&quot;0&quot;,&quot;iso&quot;:&quot;0&quot;,&quot;shutter_speed&quot;:&quot;0&quot;,&quot;title&quot;:&quot;&quot;,&quot;orientation&quot;:&quot;0&quot;}\" data-image-title=\"14BEE40D-695D-45B1-A05C-53BDE236A889\" data-image-description=\"\" data-image-caption=\"\" data-medium-file=\"https:\/\/i0.wp.com\/blogdalucianaoliveira.com.br\/blog\/wp-content\/uploads\/2019\/06\/14BEE40D-695D-45B1-A05C-53BDE236A889.jpeg?fit=300%2C188\" data-large-file=\"https:\/\/i0.wp.com\/blogdalucianaoliveira.com.br\/blog\/wp-content\/uploads\/2019\/06\/14BEE40D-695D-45B1-A05C-53BDE236A889.jpeg?fit=600%2C375\" src=\"https:\/\/i0.wp.com\/blogdalucianaoliveira.com.br\/blog\/wp-content\/uploads\/2019\/06\/14BEE40D-695D-45B1-A05C-53BDE236A889.jpeg?resize=600%2C375\" alt=\"14BEE40D-695D-45B1-A05C-53BDE236A889\" width=\"600\" height=\"375\" class=\"alignnone size-full wp-image-22507\" srcset=\"https:\/\/i0.wp.com\/blogdalucianaoliveira.com.br\/blog\/wp-content\/uploads\/2019\/06\/14BEE40D-695D-45B1-A05C-53BDE236A889.jpeg?w=652 652w, https:\/\/i0.wp.com\/blogdalucianaoliveira.com.br\/blog\/wp-content\/uploads\/2019\/06\/14BEE40D-695D-45B1-A05C-53BDE236A889.jpeg?resize=300%2C188 300w, https:\/\/i0.wp.com\/blogdalucianaoliveira.com.br\/blog\/wp-content\/uploads\/2019\/06\/14BEE40D-695D-45B1-A05C-53BDE236A889.jpeg?resize=479%2C300 479w\" sizes=\"auto, (max-width: 600px) 100vw, 600px\" \/><\/p>\n<p>247 &#8211; A edi\u00e7\u00e3o global do jornal El Pa\u00eds destacou nesta quarta-feira (26) a pris\u00e3o do membro da comitiva de Bolsonaro com 39 quilos de coca\u00edna. <!--more--><\/p>\n<p>A edi\u00e7\u00e3o explicou que &#8220;a pris\u00e3o ocorreu quando a aeronave parou no aeroporto da capital da Andaluzia com destino a T\u00f3quio para servir de avi\u00e3o de reserva para o presidente brasileiro, que viaja em outro avi\u00e3o para participar do G-20 realizada na capital japonesa. O Minist\u00e9rio da Defesa do Brasil emitiu uma nota confirmando a pris\u00e3o dos militares por tr\u00e1fico de drogas. Bolsonaro tamb\u00e9m lan\u00e7ou um tweet confirmando o evento&#8221;.<\/p>\n<p>Fontes da Guarda Civil detalham que a detec\u00e7\u00e3o da droga e a subsequente deten\u00e7\u00e3o do militar ocorreram quando os tripulantes e suas bagagens passaram o controle alfandeg\u00e1rio obrigat\u00f3rio na chegada ao aeroporto de Sevilha. Ap\u00f3s a sua deten\u00e7\u00e3o, o militar foi transferido para a sede do Comando da capital da Andaluzia, de onde passar\u00e1 na pr\u00f3xima quinta-feira uma acusa\u00e7\u00e3o judicial acusada de um crime contra a sa\u00fade p\u00fablica. <\/p>\n<p>A pris\u00e3o causou uma mudan\u00e7a nos planos de viagem de Bolsonaro. O avi\u00e3o presidencial, que deveria fazer escala em Sevilha para seguir caminho a T\u00f3quio, teve sua rota alterada sem explica\u00e7\u00e3o oficial e o pouco ser\u00e1 em Lisboa. <\/p>\n<p>N\u00e3o \u00e9 a primeira vez que membros da FAB usam sua condi\u00e7\u00e3o de militares para traficar drogas. Em abril, o Tribunal Superior Militar decretou a expuls\u00e3o da corpora\u00e7\u00e3o de um comandante pelo transporte de 33 quilos de coca\u00edna numa aeronave militar que se dirigia \u00e0 Fran\u00e7a com escala nas ilhas Can\u00e1rias. Outros dois colegas do comandante j\u00e1 tinham perdido o posto por sua participa\u00e7\u00e3o no caso, ocorrido em 1999. O comandante foi condenado a 16 anos da pris\u00e3o por integrar \u201cuma rede especializada no tr\u00e1fico internacional de coca\u00edna&#8221; com a ajuda de avi\u00f5es da FAB.<\/p>\n","protected":false},"excerpt":{"rendered":"<p>247 &#8211; A edi\u00e7\u00e3o global do jornal El Pa\u00eds destacou nesta quarta-feira (26) a pris\u00e3o do membro da comitiva de Bolsonaro com 39 quilos de coca\u00edna.<\/p>\n","protected":false},"author":1,"featured_media":0,"comment_status":"closed","ping_status":"open","sticky":false,"template":"","format":"standard","meta":{"_exactmetrics_skip_tracking":false,"_exactmetrics_sitenote_active":false,"_exactmetrics_sitenote_note":"","_exactmetrics_sitenote_category":0,"jetpack_post_was_ever_published":false,"_jetpack_newsletter_access":"","_jetpack_dont_email_post_to_subs":false,"_jetpack_newsletter_tier_id":0,"_jetpack_memberships_contains_paywalled_content":false,"_jetpack_memberships_contains_paid_content":false,"footnotes":"","jetpack_publicize_message":"","jetpack_publicize_feature_enabled":true,"jetpack_social_post_already_shared":true,"jetpack_social_options":{"image_generator_settings":{"template":"highway","enabled":false},"version":2}},"categories":[1],"tags":[],"class_list":["post-22505","post","type-post","status-publish","format-standard","hentry","category-notas"],"jetpack_publicize_connections":[],"jetpack_sharing_enabled":true,"jetpack_featured_media_url":"","jetpack_shortlink":"https:\/\/wp.me\/p7wKYW-5QZ","jetpack-related-posts":[],"_links":{"self":[{"href":"http:\/\/blogdalucianaoliveira.com.br\/blog\/wp-json\/wp\/v2\/posts\/22505","targetHints":{"allow":["GET"]}}],"collection":[{"href":"http:\/\/blogdalucianaoliveira.com.br\/blog\/wp-json\/wp\/v2\/posts"}],"about":[{"href":"http:\/\/blogdalucianaoliveira.com.br\/blog\/wp-json\/wp\/v2\/types\/post"}],"author":[{"embeddable":true,"href":"http:\/\/blogdalucianaoliveira.com.br\/blog\/wp-json\/wp\/v2\/users\/1"}],"replies":[{"embeddable":true,"href":"http:\/\/blogdalucianaoliveira.com.br\/blog\/wp-json\/wp\/v2\/comments?post=22505"}],"version-history":[{"count":1,"href":"http:\/\/blogdalucianaoliveira.com.br\/blog\/wp-json\/wp\/v2\/posts\/22505\/revisions"}],"predecessor-version":[{"id":22508,"href":"http:\/\/blogdalucianaoliveira.com.br\/blog\/wp-json\/wp\/v2\/posts\/22505\/revisions\/22508"}],"wp:attachment":[{"href":"http:\/\/blogdalucianaoliveira.com.br\/blog\/wp-json\/wp\/v2\/media?parent=22505"}],"wp:term":[{"taxonomy":"category","embeddable":true,"href":"http:\/\/blogdalucianaoliveira.com.br\/blog\/wp-json\/wp\/v2\/categories?post=22505"},{"taxonomy":"post_tag","embeddable":true,"href":"http:\/\/blogdalucianaoliveira.com.br\/blog\/wp-json\/wp\/v2\/tags?post=22505"}],"curies":[{"name":"wp","href":"https:\/\/api.w.org\/{rel}","templated":true}]}}