{"id":22515,"date":"2019-06-27T12:05:34","date_gmt":"2019-06-27T16:05:34","guid":{"rendered":"http:\/\/blogdalucianaoliveira.com.br\/blog\/?p=22515"},"modified":"2019-06-27T12:12:10","modified_gmt":"2019-06-27T16:12:10","slug":"distrito-de-nazare-convida-para-mais-um-festival-folclorico","status":"publish","type":"post","link":"http:\/\/blogdalucianaoliveira.com.br\/blog\/2019\/06\/27\/distrito-de-nazare-convida-para-mais-um-festival-folclorico\/","title":{"rendered":"DISTRITO DE NAZAR\u00c9 CONVIDA PARA MAIS UM FESTIVAL FOLCL\u00d3RICO"},"content":{"rendered":"<p><img data-recalc-dims=\"1\" loading=\"lazy\" decoding=\"async\" data-attachment-id=\"22516\" data-permalink=\"http:\/\/blogdalucianaoliveira.com.br\/blog\/2019\/06\/27\/distrito-de-nazare-convida-para-mais-um-festival-folclorico\/fes-3\/\" data-orig-file=\"https:\/\/i0.wp.com\/blogdalucianaoliveira.com.br\/blog\/wp-content\/uploads\/2019\/06\/fes.png?fit=850%2C315\" data-orig-size=\"850,315\" data-comments-opened=\"0\" data-image-meta=\"{&quot;aperture&quot;:&quot;0&quot;,&quot;credit&quot;:&quot;&quot;,&quot;camera&quot;:&quot;&quot;,&quot;caption&quot;:&quot;&quot;,&quot;created_timestamp&quot;:&quot;0&quot;,&quot;copyright&quot;:&quot;&quot;,&quot;focal_length&quot;:&quot;0&quot;,&quot;iso&quot;:&quot;0&quot;,&quot;shutter_speed&quot;:&quot;0&quot;,&quot;title&quot;:&quot;&quot;,&quot;orientation&quot;:&quot;0&quot;}\" data-image-title=\"fes\" data-image-description=\"\" data-image-caption=\"\" data-medium-file=\"https:\/\/i0.wp.com\/blogdalucianaoliveira.com.br\/blog\/wp-content\/uploads\/2019\/06\/fes.png?fit=300%2C111\" data-large-file=\"https:\/\/i0.wp.com\/blogdalucianaoliveira.com.br\/blog\/wp-content\/uploads\/2019\/06\/fes.png?fit=600%2C222\" src=\"https:\/\/i0.wp.com\/blogdalucianaoliveira.com.br\/blog\/wp-content\/uploads\/2019\/06\/fes.png?resize=600%2C222\" alt=\"fes\" width=\"600\" height=\"222\" class=\"alignnone size-full wp-image-22516\" srcset=\"https:\/\/i0.wp.com\/blogdalucianaoliveira.com.br\/blog\/wp-content\/uploads\/2019\/06\/fes.png?w=850 850w, https:\/\/i0.wp.com\/blogdalucianaoliveira.com.br\/blog\/wp-content\/uploads\/2019\/06\/fes.png?resize=300%2C111 300w, https:\/\/i0.wp.com\/blogdalucianaoliveira.com.br\/blog\/wp-content\/uploads\/2019\/06\/fes.png?resize=768%2C285 768w, https:\/\/i0.wp.com\/blogdalucianaoliveira.com.br\/blog\/wp-content\/uploads\/2019\/06\/fes.png?resize=800%2C296 800w\" sizes=\"auto, (max-width: 600px) 100vw, 600px\" \/><\/p>\n<p>A tradi\u00e7\u00e3o do evento que mistura f\u00e9, cultura e consci\u00eancia ambiental tem mais de meio s\u00e9culo. Foi um professor chamado Manoel Maciel Nunes quem come\u00e7ou a inserir moradores, sobretudo crian\u00e7as, num projeto com teatro, m\u00fasica e dan\u00e7a no distrito ribeirinho de Nazar\u00e9, distante 100 quil\u00f4metros da capital.<!--more--><\/p>\n<p>Ele plantou a ideia de proteger a cultura ribeirinha e seus familiares honram o legado com o festival folcl\u00f3rico realizado todo m\u00eas de julho.<\/p>\n<p>Vai gente do baixo Madeira, de Porto Velho, de munic\u00edpios do interior do estado e tamb\u00e9m estrangeiros. <\/p>\n<p>Este ano acontece nos dias 19 e 20 e a procura tem sido grande pelos pacotes tur\u00edsticos. O b\u00e1sico inclui a viagem de ida e volta em barco, com alimenta\u00e7\u00e3o inclu\u00edda, seguro de viagem e dormida no barco ancorado na comunidade. Tamb\u00e9m \u00e9 poss\u00edvel incluir hospedagem em pousadas locais.<\/p>\n<p>A realiza\u00e7\u00e3o do evento \u00e9 do Instituto Minhas Ra\u00edzes, comprometido em preservar, valorizar e propagar as tradi\u00e7\u00f5es culturais da Amaz\u00f4nia. <\/p>\n<p>A programa\u00e7\u00e3o \u00e9 variada e envolve os moradores e convidados. Vai ter a dan\u00e7a do Seringand\u00f4, heran\u00e7a cultural centen\u00e1ria que veio l\u00e1 do Uruapiara, Boi Curumim, Grupo Minhas Ra\u00edzes, Carimb\u00f3, Velha guarda de Nazar\u00e9 e a quadrilha tradicional.<\/p>\n<p>Para informa\u00e7\u00f5es e reservas sobre pacotes de viagem para o Festival Cultural de Nazar\u00e9 2019, os contatos s\u00e3o: (69) 9-9242-6262 e 9-8447-9641.<\/p>\n<p><iframe loading=\"lazy\" src=\"https:\/\/www.facebook.com\/plugins\/video.php?href=https%3A%2F%2Fwww.facebook.com%2Finstitutominhasraizes%2Fvideos%2F855173491511855%2F&#038;show_text=0&#038;width=560\" width=\"560\" height=\"315\" style=\"border:none;overflow:hidden\" scrolling=\"no\" frameborder=\"0\" allowTransparency=\"true\" allowFullScreen=\"true\"><\/iframe><\/p>\n","protected":false},"excerpt":{"rendered":"<p>A tradi\u00e7\u00e3o do evento que mistura f\u00e9, cultura e consci\u00eancia ambiental tem mais de meio s\u00e9culo. Foi um professor chamado Manoel Maciel Nunes quem come\u00e7ou a inserir moradores, sobretudo crian\u00e7as, num projeto com teatro, m\u00fasica e dan\u00e7a no distrito ribeirinho de Nazar\u00e9, distante 100 quil\u00f4metros da capital.<\/p>\n","protected":false},"author":1,"featured_media":22516,"comment_status":"closed","ping_status":"open","sticky":false,"template":"","format":"standard","meta":{"_exactmetrics_skip_tracking":false,"_exactmetrics_sitenote_active":false,"_exactmetrics_sitenote_note":"","_exactmetrics_sitenote_category":0,"jetpack_post_was_ever_published":false,"_jetpack_newsletter_access":"","_jetpack_dont_email_post_to_subs":false,"_jetpack_newsletter_tier_id":0,"_jetpack_memberships_contains_paywalled_content":false,"_jetpack_memberships_contains_paid_content":false,"footnotes":"","jetpack_publicize_message":"","jetpack_publicize_feature_enabled":true,"jetpack_social_post_already_shared":true,"jetpack_social_options":{"image_generator_settings":{"template":"highway","enabled":false},"version":2}},"categories":[1],"tags":[],"class_list":["post-22515","post","type-post","status-publish","format-standard","has-post-thumbnail","hentry","category-notas"],"jetpack_publicize_connections":[],"jetpack_sharing_enabled":true,"jetpack_featured_media_url":"https:\/\/i0.wp.com\/blogdalucianaoliveira.com.br\/blog\/wp-content\/uploads\/2019\/06\/fes.png?fit=850%2C315","jetpack_shortlink":"https:\/\/wp.me\/p7wKYW-5R9","jetpack-related-posts":[],"_links":{"self":[{"href":"http:\/\/blogdalucianaoliveira.com.br\/blog\/wp-json\/wp\/v2\/posts\/22515","targetHints":{"allow":["GET"]}}],"collection":[{"href":"http:\/\/blogdalucianaoliveira.com.br\/blog\/wp-json\/wp\/v2\/posts"}],"about":[{"href":"http:\/\/blogdalucianaoliveira.com.br\/blog\/wp-json\/wp\/v2\/types\/post"}],"author":[{"embeddable":true,"href":"http:\/\/blogdalucianaoliveira.com.br\/blog\/wp-json\/wp\/v2\/users\/1"}],"replies":[{"embeddable":true,"href":"http:\/\/blogdalucianaoliveira.com.br\/blog\/wp-json\/wp\/v2\/comments?post=22515"}],"version-history":[{"count":3,"href":"http:\/\/blogdalucianaoliveira.com.br\/blog\/wp-json\/wp\/v2\/posts\/22515\/revisions"}],"predecessor-version":[{"id":22519,"href":"http:\/\/blogdalucianaoliveira.com.br\/blog\/wp-json\/wp\/v2\/posts\/22515\/revisions\/22519"}],"wp:featuredmedia":[{"embeddable":true,"href":"http:\/\/blogdalucianaoliveira.com.br\/blog\/wp-json\/wp\/v2\/media\/22516"}],"wp:attachment":[{"href":"http:\/\/blogdalucianaoliveira.com.br\/blog\/wp-json\/wp\/v2\/media?parent=22515"}],"wp:term":[{"taxonomy":"category","embeddable":true,"href":"http:\/\/blogdalucianaoliveira.com.br\/blog\/wp-json\/wp\/v2\/categories?post=22515"},{"taxonomy":"post_tag","embeddable":true,"href":"http:\/\/blogdalucianaoliveira.com.br\/blog\/wp-json\/wp\/v2\/tags?post=22515"}],"curies":[{"name":"wp","href":"https:\/\/api.w.org\/{rel}","templated":true}]}}