{"id":22520,"date":"2019-06-27T12:48:48","date_gmt":"2019-06-27T16:48:48","guid":{"rendered":"http:\/\/blogdalucianaoliveira.com.br\/blog\/?p=22520"},"modified":"2019-06-27T12:48:48","modified_gmt":"2019-06-27T16:48:48","slug":"a-cafajestada-de-weintraub-no-caso-que-sela-para-sempre-a-visao-de-miliciano-que-o-mundo-tem-de-bolsonaro","status":"publish","type":"post","link":"http:\/\/blogdalucianaoliveira.com.br\/blog\/2019\/06\/27\/a-cafajestada-de-weintraub-no-caso-que-sela-para-sempre-a-visao-de-miliciano-que-o-mundo-tem-de-bolsonaro\/","title":{"rendered":"A cafajestada de Weintraub no caso que sela para sempre a vis\u00e3o de miliciano que o mundo tem de Bolsonaro"},"content":{"rendered":"<p><img data-recalc-dims=\"1\" loading=\"lazy\" decoding=\"async\" data-attachment-id=\"22521\" data-permalink=\"http:\/\/blogdalucianaoliveira.com.br\/blog\/2019\/06\/27\/a-cafajestada-de-weintraub-no-caso-que-sela-para-sempre-a-visao-de-miliciano-que-o-mundo-tem-de-bolsonaro\/cafa\/\" data-orig-file=\"https:\/\/i0.wp.com\/blogdalucianaoliveira.com.br\/blog\/wp-content\/uploads\/2019\/06\/cafa.jpg?fit=600%2C400\" data-orig-size=\"600,400\" data-comments-opened=\"0\" data-image-meta=\"{&quot;aperture&quot;:&quot;0&quot;,&quot;credit&quot;:&quot;&quot;,&quot;camera&quot;:&quot;&quot;,&quot;caption&quot;:&quot;&quot;,&quot;created_timestamp&quot;:&quot;0&quot;,&quot;copyright&quot;:&quot;&quot;,&quot;focal_length&quot;:&quot;0&quot;,&quot;iso&quot;:&quot;0&quot;,&quot;shutter_speed&quot;:&quot;0&quot;,&quot;title&quot;:&quot;&quot;,&quot;orientation&quot;:&quot;0&quot;}\" data-image-title=\"cafa\" data-image-description=\"\" data-image-caption=\"\" data-medium-file=\"https:\/\/i0.wp.com\/blogdalucianaoliveira.com.br\/blog\/wp-content\/uploads\/2019\/06\/cafa.jpg?fit=300%2C200\" data-large-file=\"https:\/\/i0.wp.com\/blogdalucianaoliveira.com.br\/blog\/wp-content\/uploads\/2019\/06\/cafa.jpg?fit=600%2C400\" class=\"alignnone size-full wp-image-22521\" src=\"https:\/\/i0.wp.com\/blogdalucianaoliveira.com.br\/blog\/wp-content\/uploads\/2019\/06\/cafa.jpg?resize=600%2C400\" alt=\"cafa\" width=\"600\" height=\"400\" srcset=\"https:\/\/i0.wp.com\/blogdalucianaoliveira.com.br\/blog\/wp-content\/uploads\/2019\/06\/cafa.jpg?w=600 600w, https:\/\/i0.wp.com\/blogdalucianaoliveira.com.br\/blog\/wp-content\/uploads\/2019\/06\/cafa.jpg?resize=300%2C200 300w, https:\/\/i0.wp.com\/blogdalucianaoliveira.com.br\/blog\/wp-content\/uploads\/2019\/06\/cafa.jpg?resize=450%2C300 450w\" sizes=\"auto, (max-width: 600px) 100vw, 600px\" \/><\/p>\n<p>No DCM, por Jos\u00e9 C\u00e1ssio &#8211; Sergio Moro saiu pela tangente com a conversa de que o fato constitui uma exce\u00e7\u00e3o \u00ednfima e que o governo vai continuar empenhado no combate ao crime.<\/p>\n<p>Mais inocente, t\u00edpico de algu\u00e9m que n\u00e3o teve tempo de tirar o pijama para assinar o termo de posse, General Augusto Heleno, Ministro-chefe do GSI, que em \u00faltima inst\u00e2ncia \u00e9 o respons\u00e1vel pelo incidente, comentou candidamente sobre a falta de sorte do Brasil ao ser flagrado com 39 quilos de coca\u00edna no avi\u00e3o da Rep\u00fablica justo a caminho de um encontro de l\u00edderes mundiais como o G-20.<!--more--><\/p>\n<p>Atrapalhado, Bolsonaro abandonou uma coletiva quando foi perguntado sobre o assunto.<\/p>\n<p>No epis\u00f3dio envolvendo o militar brasileiro Manoel Silva Rodrigues, de 38 anos, preso nesta semana na Espanha, ningu\u00e9m, no entanto, desceu tanto na baixeza como o ministro da Educa\u00e7\u00e3o, Abraham Weintraub.<\/p>\n<p>Teve a coragem de vir a p\u00fablico e fazer piada com um fato que joga na lata do lixo a claudicante credibilidade do Brasil em n\u00edvel internacional e provavelmente sela irremediavelmente a imagem de Bolsonaro como um mandat\u00e1rio que se apresenta como \u2018Tigr\u00e3o\u2019 para criminosos p\u00e9 de chinelo e \u2018Tchutchuca\u2019 para milicianos de alto periculosidade, para usar uma express\u00e3o do deputado Zeca Dirceu quando tra\u00e7ou o perfil do ministro de Economia, Paulo Guedes, durante uma sess\u00e3o na C\u00e2mara dos Deputados.<\/p>\n<p>Pois n\u00e3o \u00e9 que Abraham Weintraub relacionou a pacoteira de coca\u00edna no avi\u00e3o da Rep\u00fablica aos ex-presidente Lula e Dilma?<\/p>\n<p>\u201cNo passado o avi\u00e3o presidencial j\u00e1 transportou drogas em maior quantidade. Algu\u00e9m sabe o peso do Lula ou da Dilma?\u201d, escreveu no Twitter.<\/p>\n<div class=\"SandboxRoot env-bp-350\" data-twitter-event-id=\"0\">\n<div id=\"twitter-widget-0\" class=\"EmbeddedTweet EmbeddedTweet--cta js-clickToOpenTarget tweet-InformationCircle-widgetParent\" lang=\"pt\" data-click-to-open-target=\"https:\/\/twitter.com\/AbrahamWeint\/status\/1144181701536550912\" data-iframe-title=\"Tweet do Twitter\" data-scribe=\"page:tweet\" data-twitter-event-id=\"1\">\n<div class=\"EmbeddedTweet-tweetContainer\">\n<div class=\"EmbeddedTweet-tweet\">\n<blockquote class=\"Tweet h-entry js-tweetIdInfo subject expanded\" cite=\"https:\/\/twitter.com\/AbrahamWeint\/status\/1144181701536550912\" data-tweet-id=\"1144181701536550912\" data-scribe=\"section:subject\">\n<div class=\"Tweet-header\"><a class=\"TweetAuthor-avatar  Identity-avatar u-linkBlend\" href=\"https:\/\/twitter.com\/AbrahamWeint\" data-scribe=\"element:user_link\"><img data-recalc-dims=\"1\" decoding=\"async\" class=\"Avatar\" src=\"https:\/\/i0.wp.com\/pbs.twimg.com\/profile_images\/1120405585223135233\/8UIeI-jU_normal.png?w=600&#038;ssl=1\" alt=\"\" data-scribe=\"element:avatar\" data-src-2x=\"https:\/\/pbs.twimg.com\/profile_images\/1120405585223135233\/8UIeI-jU_bigger.png\" data-src-1x=\"https:\/\/pbs.twimg.com\/profile_images\/1120405585223135233\/8UIeI-jU_normal.png\" \/><\/a><\/p>\n<div class=\"TweetAuthor js-inViewportScribingTarget\" data-scribe=\"component:author\">\n<div class=\"TweetAuthor-nameScreenNameContainer\"><span class=\"TweetAuthor-decoratedName\"><span class=\"TweetAuthor-name Identity-name customisable-highlight\" title=\"Abraham Weintraub\" data-scribe=\"element:name\">Abraham Weintraub<\/span><\/span><\/p>\n<div class=\"Icon Icon--verified \" title=\"Conta Verificada\"><\/div>\n<p><span class=\"TweetAuthor-decoratedName\"><span class=\"TweetAuthor-verifiedBadge\" data-scribe=\"element:verified_badge\"><b class=\"u-hiddenVisually\">\u2714<\/b><\/span><\/span><span class=\"TweetAuthor-screenName Identity-screenName\" dir=\"ltr\" title=\"@AbrahamWeint\" data-scribe=\"element:screen_name\">@AbrahamWeint<\/span><\/div>\n<\/div>\n<div class=\"Tweet-brand\"><\/div>\n<\/div>\n<div class=\"Tweet-body e-entry-content\" data-scribe=\"component:tweet\">\n<div class=\"Tweet-target js-inViewportScribingTarget\"><\/div>\n<p class=\"Tweet-text e-entry-title\" dir=\"ltr\" lang=\"pt\">No passado o avi\u00e3o presidencial j\u00e1 transportou drogas em maior quantidade. Algu\u00e9m sabe o peso do Lula ou da Dilma?<\/p>\n<div class=\"TweetInfo\">\n<div class=\"TweetInfo-like\">\n<div data-scribe=\"element:heart\"><\/div>\n<\/div>\n<\/div>\n<\/div>\n<\/blockquote>\n<\/div>\n<\/div>\n<\/div>\n<div class=\"resize-sensor\">A cafajestada obviamente ganhou as redes sociais e o termo \u201cministro da educa\u00e7\u00e3o\u201d se tornou o mais comentado. Palavras \u201cmilitares\u201d e \u201c39 kg\u201d ficaram praticamente o dia inteiro na lista de assuntos do momento do Twitter.<\/div>\n<\/div>\n<p>Weintraub, desde que assumiu o minist\u00e9rio da Educa\u00e7\u00e3o, est\u00e1 abusando dos despaut\u00e9rios, sempre em nome de um certo \u00f3dio da popula\u00e7\u00e3o \u00e0s esquerdas e ao PT.<\/p>\n<p>Como se ele e seus colegas de desgoverno fossem uma esp\u00e9cie de mal menor, ou mal necess\u00e1rio, para ocupar um espa\u00e7o na esfera administrativa do pa\u00eds enquanto o comunismo n\u00e3o se reorganiza e o PT padece da persegui\u00e7\u00e3o a Lula e seus pares.<\/p>\n<p>A UNE foi r\u00e1pida em responder.<\/p>\n<p>\u201cN\u00e3o \u00e9 no corredor de uma Universidade. \u00c9 no avi\u00e3o presidencial do Brasil. Balb\u00fardia \u00e9 esse Governo\u201d.<\/p>\n<p>Algu\u00e9m tem d\u00favida?<\/p>\n<p><strong>\u00a0<\/strong><\/p>\n","protected":false},"excerpt":{"rendered":"<p>No DCM, por Jos\u00e9 C\u00e1ssio &#8211; Sergio Moro saiu pela tangente com a conversa de que o fato constitui uma exce\u00e7\u00e3o \u00ednfima e que o governo vai continuar empenhado no combate ao crime. Mais inocente, t\u00edpico de algu\u00e9m que n\u00e3o teve tempo de tirar o pijama para assinar o termo de posse, General Augusto Heleno,&#8230;<a class=\"more-link\" href=\"http:\/\/blogdalucianaoliveira.com.br\/blog\/2019\/06\/27\/a-cafajestada-de-weintraub-no-caso-que-sela-para-sempre-a-visao-de-miliciano-que-o-mundo-tem-de-bolsonaro\/\">Continue a leitura <span class=\"meta-nav\">&raquo;<\/span><\/a><\/p>\n","protected":false},"author":1,"featured_media":0,"comment_status":"closed","ping_status":"open","sticky":false,"template":"","format":"standard","meta":{"_exactmetrics_skip_tracking":false,"_exactmetrics_sitenote_active":false,"_exactmetrics_sitenote_note":"","_exactmetrics_sitenote_category":0,"jetpack_post_was_ever_published":false,"_jetpack_newsletter_access":"","_jetpack_dont_email_post_to_subs":false,"_jetpack_newsletter_tier_id":0,"_jetpack_memberships_contains_paywalled_content":false,"_jetpack_memberships_contains_paid_content":false,"footnotes":"","jetpack_publicize_message":"","jetpack_publicize_feature_enabled":true,"jetpack_social_post_already_shared":true,"jetpack_social_options":{"image_generator_settings":{"template":"highway","enabled":false},"version":2}},"categories":[1],"tags":[],"class_list":["post-22520","post","type-post","status-publish","format-standard","hentry","category-notas"],"jetpack_publicize_connections":[],"jetpack_sharing_enabled":true,"jetpack_featured_media_url":"","jetpack_shortlink":"https:\/\/wp.me\/p7wKYW-5Re","jetpack-related-posts":[],"_links":{"self":[{"href":"http:\/\/blogdalucianaoliveira.com.br\/blog\/wp-json\/wp\/v2\/posts\/22520","targetHints":{"allow":["GET"]}}],"collection":[{"href":"http:\/\/blogdalucianaoliveira.com.br\/blog\/wp-json\/wp\/v2\/posts"}],"about":[{"href":"http:\/\/blogdalucianaoliveira.com.br\/blog\/wp-json\/wp\/v2\/types\/post"}],"author":[{"embeddable":true,"href":"http:\/\/blogdalucianaoliveira.com.br\/blog\/wp-json\/wp\/v2\/users\/1"}],"replies":[{"embeddable":true,"href":"http:\/\/blogdalucianaoliveira.com.br\/blog\/wp-json\/wp\/v2\/comments?post=22520"}],"version-history":[{"count":1,"href":"http:\/\/blogdalucianaoliveira.com.br\/blog\/wp-json\/wp\/v2\/posts\/22520\/revisions"}],"predecessor-version":[{"id":22522,"href":"http:\/\/blogdalucianaoliveira.com.br\/blog\/wp-json\/wp\/v2\/posts\/22520\/revisions\/22522"}],"wp:attachment":[{"href":"http:\/\/blogdalucianaoliveira.com.br\/blog\/wp-json\/wp\/v2\/media?parent=22520"}],"wp:term":[{"taxonomy":"category","embeddable":true,"href":"http:\/\/blogdalucianaoliveira.com.br\/blog\/wp-json\/wp\/v2\/categories?post=22520"},{"taxonomy":"post_tag","embeddable":true,"href":"http:\/\/blogdalucianaoliveira.com.br\/blog\/wp-json\/wp\/v2\/tags?post=22520"}],"curies":[{"name":"wp","href":"https:\/\/api.w.org\/{rel}","templated":true}]}}