{"id":22523,"date":"2019-06-27T12:57:50","date_gmt":"2019-06-27T16:57:50","guid":{"rendered":"http:\/\/blogdalucianaoliveira.com.br\/blog\/?p=22523"},"modified":"2019-06-27T12:57:50","modified_gmt":"2019-06-27T16:57:50","slug":"general-heleno-peca-para-sair-ou-seja-exonerado","status":"publish","type":"post","link":"http:\/\/blogdalucianaoliveira.com.br\/blog\/2019\/06\/27\/general-heleno-peca-para-sair-ou-seja-exonerado\/","title":{"rendered":"General Heleno, pe\u00e7a para sair ou seja exonerado!"},"content":{"rendered":"<figure><img data-recalc-dims=\"1\" decoding=\"async\" class=\" lazyloaded\" title=\" (Foto: PR)\" src=\"https:\/\/i0.wp.com\/publisher-publish.s3.eu-central-1.amazonaws.com\/pb-brasil247\/swp\/jtjeq9\/media\/20190627090652_d5a0ef47-5360-4ff9-8661-10269a634ad0.jpeg?w=600&#038;ssl=1\" sizes=\"(max-width: 680px) 500px,\n                        1250px\" srcset=\"https:\/\/publisher-publish.s3.eu-central-1.amazonaws.com\/pb-brasil247\/swp\/jtjeq9\/media\/20190627090652_87f7993d-b1cb-4326-a992-acae848536f2.jpeg 500w,\n                         https:\/\/publisher-publish.s3.eu-central-1.amazonaws.com\/pb-brasil247\/swp\/jtjeq9\/media\/20190627090652_d5a0ef47-5360-4ff9-8661-10269a634ad0.jpeg 1250w\" alt=\"\" data-srcset=\"https:\/\/publisher-publish.s3.eu-central-1.amazonaws.com\/pb-brasil247\/swp\/jtjeq9\/media\/20190627090652_87f7993d-b1cb-4326-a992-acae848536f2.jpeg 500w,\n                         https:\/\/publisher-publish.s3.eu-central-1.amazonaws.com\/pb-brasil247\/swp\/jtjeq9\/media\/20190627090652_d5a0ef47-5360-4ff9-8661-10269a634ad0.jpeg 1250w\" data-sizes=\"(max-width: 680px) 500px,\n                        1250px\" data-src=\"https:\/\/publisher-publish.s3.eu-central-1.amazonaws.com\/pb-brasil247\/swp\/jtjeq9\/media\/20190627090652_d5a0ef47-5360-4ff9-8661-10269a634ad0.jpeg\" \/><\/figure>\n<div class=\"article__text marginTop30\"><\/div>\n<p>&#8220;O embarque no avi\u00e3o da comitiva presidencial se deu na Base A\u00e9rea de Bras\u00edlia, em pleno territ\u00f3rio militar, com n\u00famero limitad\u00edssimo de acessos \u00e0 esta\u00e7\u00e3o de passageiros. Tudo perfeitamente control\u00e1vel e escrutiniz\u00e1vel. Menos para o General Heleno&#8221;, diz o jurista Eug\u00eanio Arag\u00e3o sobre os 39 kg de coca\u00edna em um avi\u00e3o da FAB; Heleno &#8220;\u00e9 um fracasso&#8221;, afirma.<!--more--><\/p>\n<p>No 247<\/p>\n<p>Eug\u00eanio Arag\u00e3o<\/p>\n<p>Errar \u00e9 humano. Quem erra deve tentar de novo, de novo e de novo, at\u00e9 acertar. Se o erro causou dano a outrem, precisa o errante tirar as consequ\u00eancias de seu ato &#8211; isso se chama responsabilidade. Erramos, mas n\u00e3o podemos fugir de nossas responsabilidades, por vivermos todos na coletividade. O coletivo nos imp\u00f5e a solidariedade inerente \u00e0 comunidade de destino.<\/p>\n<p>O Gabinete de Seguran\u00e7a Institucional (GSI) \u00e9 respons\u00e1vel pela incolumidade do Presidente da Rep\u00fablica e do pr\u00f3prio Estado, quando se trata de amea\u00e7as pol\u00edticas a sua exist\u00eancia ou a sua funcionalidade. Para cumprir com essa grave tarefa, compete ao GSI organizar e manter os servi\u00e7os de intelig\u00eancia \u00e9 contraintelig\u00eancia do governo, articulando-se com \u00f3rg\u00e3os setoriais da mesma natureza, sejam da pol\u00edcia ou das For\u00e7as Armadas.<\/p>\n<p>Intelig\u00eancia \u00e9 essencialmente uma atividade de coleta (\u00e9 n\u00e3o \u201ccolheita\u201d, ouviu, Moro?) de dados capazes de produzirem informa\u00e7\u00f5es. Essas informa\u00e7\u00f5es s\u00e3o fonte de relat\u00f3rios de risco e instruem a\u00e7\u00f5es preventivas ou repressivas. Diferentemente da investiga\u00e7\u00e3o que mira para o passado, para atos e fatos consumados, a intelig\u00eancia enxerga para o futuro, tentando compor cen\u00e1rios poss\u00edveis a partir da evolu\u00e7\u00e3o do contexto atual.<\/p>\n<p>Quem coleta dados s\u00e3o agentes que normalmente trabalham encobertos e, por vezes, at\u00e9 conspirativamente, para evitar que, constatado o interesse governamental por esses dados, atores de risco venham a elimin\u00e1-los. A elimina\u00e7\u00e3o de dados que podem compor informa\u00e7\u00f5es de intelig\u00eancia ou as a\u00e7\u00f5es que dificultam o acesso a esses dados chama-se contra-intelig\u00eancia. \u00c9 importante que os atores de risco n\u00e3o saibam a extens\u00e3o do conhecimento inteligente do governo, para n\u00e3o impedirem a\u00e7\u00f5es preventivas ou repressivas.<\/p>\n<p>Basicamente, isso tudo est\u00e1 hoje sob o comando do General Augusto Heleno Ribeiro Pereira, aka General Heleno, o Ministro-Chefe do Gabinete de Seguran\u00e7a Institucional. Notabilizou-se por arroubos pol\u00edticos grosseiros, como o ataque ao Presidente Lula numa reuni\u00e3o de trabalho em que, visivelmente fora de si, esmurrou a mesa a exigir que seu suposto desafeto tomasse pris\u00e3o perp\u00e9tua.<\/p>\n<p>O mesmo Heleno foi comandante do pilar militar da MINUSTAH, a miss\u00e3o das Na\u00e7\u00f5es Unidas para estabiliza\u00e7\u00e3o do Haiti. Nessa condi\u00e7\u00e3o, conduziu suas tropas ao ataque \u00e0 Cit\u00e9 du Soleil, bairro de extrema pobreza em Porto Pr\u00edncipe, promovendo verdadeiro massacre contra a popula\u00e7\u00e3o civil. Nunca foi oficialmente cobrado por isso. N\u00e3o, voltou ao Brasil e tornou-se Comandante da Amaz\u00f4nia, quando fez uma s\u00e9rie de declara\u00e7\u00f5es politicamente motivadas, voltando-se contra a prote\u00e7\u00e3o das popula\u00e7\u00f5es ind\u00edgenas.<\/p>\n<p>Mas, isso n\u00e3o foi tudo. Foi para a reserva e esteve \u00e0 frente, como adjunto do Sr. Nuzman, do Comit\u00ea Ol\u00edmpico Brasileiro, o que dispensa coment\u00e1rios sobre as lamban\u00e7as na gest\u00e3o de recursos p\u00fablicos ali constatadas.<\/p>\n<p>O General Heleno est\u00e1 longe de sobressair em compet\u00eancia de governa\u00e7\u00e3o. \u00c9 um fracasso profissional, ainda que n\u00e3o veja assim as coisas. Ignora seus erros e n\u00e3o assume responsabilidade por nada. Assim \u00e9 dif\u00edcil ele se corrigir.<\/p>\n<p>Agora, como chefe do GSI, falhou na seguran\u00e7a da comitiva presidencial, permitindo &#8211; espera-se que desavisadamente &#8211; que um taifeiro carregasse consigo, no avi\u00e3o da Presid\u00eancia, 39 quilos de coca\u00edna. A muamba foi descoberta por simples raio-x pelas autoridades espanholas, quando de uma escala t\u00e9cnica em Sevilha. Vexame maior para a imagem do pa\u00eds no mundo \u00e9 dif\u00edcil. Doravante avi\u00f5es presidenciais brasileiros talvez tenham que passar por humilhante rotina de controle no exterior, pouco adiantando os salamaleques da diplomacia terraplanista.<\/p>\n<p>Vejamos bem: n\u00e3o se trata do tr\u00e1fico promovido num avi\u00e3o de carreira, que partisse de um aeroporto frequentado por milhares de passageiros controlados por m\u00e9todo de amostragem. N\u00e3o, o embarque no avi\u00e3o da comitiva presidencial se deu na Base A\u00e9rea de Bras\u00edlia, em pleno territ\u00f3rio militar, com n\u00famero limitad\u00edssimo de acessos \u00e0 esta\u00e7\u00e3o de passageiros. Tudo perfeitamente control\u00e1vel e escrutiniz\u00e1vel. Menos para o General Heleno.<\/p>\n<p>Indagado sobre as rotinas preventivas sob sua responsabilidade, saiu-se com essa: \u201cn\u00e3o tenho bola de cristal\u201d! Isso \u00e9 tudo que nossa intelig\u00eancia tem a dizer? Seguran\u00e7a presidencial passou a ser exerc\u00edcio de adivinha\u00e7\u00e3o?<\/p>\n<p>N\u00e3o compartilho opini\u00e3o com aqueles que apontam uma conspira\u00e7\u00e3o no tr\u00e1fico de coca\u00edna por meio do avi\u00e3o oficial da mais alta autoridade do pa\u00eds. Ainda que Jair Bolsonaro seja um grosseiro incontido, truculento e autorit\u00e1rio at\u00e9 a medula, isso n\u00e3o o transforma num narcotraficante. Mas, tanto n\u00e3o significa que n\u00e3o tenha nada a ver com isso. Exigir puni\u00e7\u00e3o para o taifeiro apenas n\u00e3o resolve o imbr\u00f3glio.<\/p>\n<p>Bolsonaro n\u00e3o pode lavar as m\u00e3os diante desse esc\u00e2ndalo internacional provocado pelo desgoverno de seu governo. A si s\u00e3o constitucionalmente atribu\u00eddas a pol\u00edtica externa e as rela\u00e7\u00f5es com estados estrangeiros. A imagem de incompetente, ou pior, de conivente com o crime praticado no seio de sua comitiva a um encontro estrat\u00e9gico do G-20, carimbada no Brasil foi provocada por in\u00e9pcia de ministro seu, de sua livre escolha. H\u00e1, no m\u00ednimo, culpa in eligendo do Presidente da Rep\u00fablica. \u00c9 o total descalabro.<\/p>\n<p>Errar \u00e9 humano, mas assumir responsabilidade pelo erro \u00e9 sinal de car\u00e1ter. Alguns t\u00eam, outros n\u00e3o t\u00eam. Pescam em \u00e1rea de prote\u00e7\u00e3o ambiental e p\u00f5em a culpa no fiscal do Ibama. S\u00f3 que desta vez as consequ\u00eancias s\u00e3o desastrosas para o Brasil e sua posi\u00e7\u00e3o no concerto das Na\u00e7\u00f5es. S\u00f3 h\u00e1 uma sa\u00edda: General Heleno pe\u00e7a para sair ou seja exonerado por aquele que tem culpa por sua indica\u00e7\u00e3o ao cargo, para o qual demonstrou n\u00e3o ter qualquer voca\u00e7\u00e3o!<\/p>\n","protected":false},"excerpt":{"rendered":"<p>&#8220;O embarque no avi\u00e3o da comitiva presidencial se deu na Base A\u00e9rea de Bras\u00edlia, em pleno territ\u00f3rio militar, com n\u00famero limitad\u00edssimo de acessos \u00e0 esta\u00e7\u00e3o de passageiros. Tudo perfeitamente control\u00e1vel e escrutiniz\u00e1vel. Menos para o General Heleno&#8221;, diz o jurista Eug\u00eanio Arag\u00e3o sobre os 39 kg de coca\u00edna em um avi\u00e3o da FAB; Heleno &#8220;\u00e9&#8230;<a class=\"more-link\" href=\"http:\/\/blogdalucianaoliveira.com.br\/blog\/2019\/06\/27\/general-heleno-peca-para-sair-ou-seja-exonerado\/\">Continue a leitura <span class=\"meta-nav\">&raquo;<\/span><\/a><\/p>\n","protected":false},"author":1,"featured_media":0,"comment_status":"closed","ping_status":"open","sticky":false,"template":"","format":"standard","meta":{"_exactmetrics_skip_tracking":false,"_exactmetrics_sitenote_active":false,"_exactmetrics_sitenote_note":"","_exactmetrics_sitenote_category":0,"jetpack_post_was_ever_published":false,"_jetpack_newsletter_access":"","_jetpack_dont_email_post_to_subs":false,"_jetpack_newsletter_tier_id":0,"_jetpack_memberships_contains_paywalled_content":false,"_jetpack_memberships_contains_paid_content":false,"footnotes":"","jetpack_publicize_message":"","jetpack_publicize_feature_enabled":true,"jetpack_social_post_already_shared":true,"jetpack_social_options":{"image_generator_settings":{"template":"highway","enabled":false},"version":2}},"categories":[1],"tags":[],"class_list":["post-22523","post","type-post","status-publish","format-standard","hentry","category-notas"],"jetpack_publicize_connections":[],"jetpack_sharing_enabled":true,"jetpack_featured_media_url":"","jetpack_shortlink":"https:\/\/wp.me\/p7wKYW-5Rh","jetpack-related-posts":[],"_links":{"self":[{"href":"http:\/\/blogdalucianaoliveira.com.br\/blog\/wp-json\/wp\/v2\/posts\/22523","targetHints":{"allow":["GET"]}}],"collection":[{"href":"http:\/\/blogdalucianaoliveira.com.br\/blog\/wp-json\/wp\/v2\/posts"}],"about":[{"href":"http:\/\/blogdalucianaoliveira.com.br\/blog\/wp-json\/wp\/v2\/types\/post"}],"author":[{"embeddable":true,"href":"http:\/\/blogdalucianaoliveira.com.br\/blog\/wp-json\/wp\/v2\/users\/1"}],"replies":[{"embeddable":true,"href":"http:\/\/blogdalucianaoliveira.com.br\/blog\/wp-json\/wp\/v2\/comments?post=22523"}],"version-history":[{"count":1,"href":"http:\/\/blogdalucianaoliveira.com.br\/blog\/wp-json\/wp\/v2\/posts\/22523\/revisions"}],"predecessor-version":[{"id":22524,"href":"http:\/\/blogdalucianaoliveira.com.br\/blog\/wp-json\/wp\/v2\/posts\/22523\/revisions\/22524"}],"wp:attachment":[{"href":"http:\/\/blogdalucianaoliveira.com.br\/blog\/wp-json\/wp\/v2\/media?parent=22523"}],"wp:term":[{"taxonomy":"category","embeddable":true,"href":"http:\/\/blogdalucianaoliveira.com.br\/blog\/wp-json\/wp\/v2\/categories?post=22523"},{"taxonomy":"post_tag","embeddable":true,"href":"http:\/\/blogdalucianaoliveira.com.br\/blog\/wp-json\/wp\/v2\/tags?post=22523"}],"curies":[{"name":"wp","href":"https:\/\/api.w.org\/{rel}","templated":true}]}}