{"id":22525,"date":"2019-06-27T16:29:40","date_gmt":"2019-06-27T20:29:40","guid":{"rendered":"http:\/\/blogdalucianaoliveira.com.br\/blog\/?p=22525"},"modified":"2019-06-27T16:29:40","modified_gmt":"2019-06-27T20:29:40","slug":"maioria-do-pais-ja-nao-confia-em-bolsonaro-51","status":"publish","type":"post","link":"http:\/\/blogdalucianaoliveira.com.br\/blog\/2019\/06\/27\/maioria-do-pais-ja-nao-confia-em-bolsonaro-51\/","title":{"rendered":"Maioria do pa\u00eds j\u00e1 n\u00e3o confia em Bolsonaro: 51%"},"content":{"rendered":"<p><img data-recalc-dims=\"1\" loading=\"lazy\" decoding=\"async\" data-attachment-id=\"22526\" data-permalink=\"http:\/\/blogdalucianaoliveira.com.br\/blog\/2019\/06\/27\/maioria-do-pais-ja-nao-confia-em-bolsonaro-51\/2f6e1b04-1847-4947-86e6-14ab58684408\/\" data-orig-file=\"https:\/\/i0.wp.com\/blogdalucianaoliveira.com.br\/blog\/wp-content\/uploads\/2019\/06\/2F6E1B04-1847-4947-86E6-14AB58684408.jpeg?fit=1250%2C600\" data-orig-size=\"1250,600\" data-comments-opened=\"0\" data-image-meta=\"{&quot;aperture&quot;:&quot;0&quot;,&quot;credit&quot;:&quot;&quot;,&quot;camera&quot;:&quot;&quot;,&quot;caption&quot;:&quot;&quot;,&quot;created_timestamp&quot;:&quot;0&quot;,&quot;copyright&quot;:&quot;&quot;,&quot;focal_length&quot;:&quot;0&quot;,&quot;iso&quot;:&quot;0&quot;,&quot;shutter_speed&quot;:&quot;0&quot;,&quot;title&quot;:&quot;&quot;,&quot;orientation&quot;:&quot;0&quot;}\" data-image-title=\"2F6E1B04-1847-4947-86E6-14AB58684408\" data-image-description=\"\" data-image-caption=\"\" data-medium-file=\"https:\/\/i0.wp.com\/blogdalucianaoliveira.com.br\/blog\/wp-content\/uploads\/2019\/06\/2F6E1B04-1847-4947-86E6-14AB58684408.jpeg?fit=300%2C144\" data-large-file=\"https:\/\/i0.wp.com\/blogdalucianaoliveira.com.br\/blog\/wp-content\/uploads\/2019\/06\/2F6E1B04-1847-4947-86E6-14AB58684408.jpeg?fit=600%2C288\" src=\"https:\/\/i0.wp.com\/blogdalucianaoliveira.com.br\/blog\/wp-content\/uploads\/2019\/06\/2F6E1B04-1847-4947-86E6-14AB58684408.jpeg?resize=600%2C288\" alt=\"2F6E1B04-1847-4947-86E6-14AB58684408\" width=\"600\" height=\"288\" class=\"alignnone size-full wp-image-22526\" srcset=\"https:\/\/i0.wp.com\/blogdalucianaoliveira.com.br\/blog\/wp-content\/uploads\/2019\/06\/2F6E1B04-1847-4947-86E6-14AB58684408.jpeg?w=1250 1250w, https:\/\/i0.wp.com\/blogdalucianaoliveira.com.br\/blog\/wp-content\/uploads\/2019\/06\/2F6E1B04-1847-4947-86E6-14AB58684408.jpeg?resize=300%2C144 300w, https:\/\/i0.wp.com\/blogdalucianaoliveira.com.br\/blog\/wp-content\/uploads\/2019\/06\/2F6E1B04-1847-4947-86E6-14AB58684408.jpeg?resize=768%2C369 768w, https:\/\/i0.wp.com\/blogdalucianaoliveira.com.br\/blog\/wp-content\/uploads\/2019\/06\/2F6E1B04-1847-4947-86E6-14AB58684408.jpeg?resize=1024%2C492 1024w, https:\/\/i0.wp.com\/blogdalucianaoliveira.com.br\/blog\/wp-content\/uploads\/2019\/06\/2F6E1B04-1847-4947-86E6-14AB58684408.jpeg?resize=625%2C300 625w, https:\/\/i0.wp.com\/blogdalucianaoliveira.com.br\/blog\/wp-content\/uploads\/2019\/06\/2F6E1B04-1847-4947-86E6-14AB58684408.jpeg?w=1200 1200w\" sizes=\"auto, (max-width: 600px) 100vw, 600px\" \/><\/p>\n<p>247 &#8211; Pesquisa Ibope encomendada pela CNI (Confedera\u00e7\u00e3o Nacional da Ind\u00fastria) feita entre os dias 20 e 23 de junho, antes, portanto, do esc\u00e2ndalo do avi\u00e3o presidencial flagrado com 39 kg de coca\u00edna, aponta que a avalia\u00e7\u00e3o positiva do governo Jair Bolsonaro sofreu queda, enquanto a negativa cresceu, e ainda que a maioria da popula\u00e7\u00e3o n\u00e3o confia no presidente. <!--more--><\/p>\n<p>Os dados apontam aprova\u00e7\u00e3o de 32% ao governo (ante 35% em abril) e reprova\u00e7\u00e3o de 32% (31% na pesquisa anterior). De acordo com os n\u00fameros, 48% da popula\u00e7\u00e3o desaprova a maneira de governar do presidente, contra 46% que aprovam.<\/p>\n<p>Sobre a confian\u00e7a, a pesquisa revela que a maioria da popula\u00e7\u00e3o j\u00e1 n\u00e3o confia no presidente: 51%. Enquanto 46% responderam confiar e 3% n\u00e3o sabem ou n\u00e3o responderam. <\/p>\n<p>O Ibope ouviu 2 mil pessoas em 126 munic\u00edpios.<\/p>\n","protected":false},"excerpt":{"rendered":"<p>247 &#8211; Pesquisa Ibope encomendada pela CNI (Confedera\u00e7\u00e3o Nacional da Ind\u00fastria) feita entre os dias 20 e 23 de junho, antes, portanto, do esc\u00e2ndalo do avi\u00e3o presidencial flagrado com 39 kg de coca\u00edna, aponta que a avalia\u00e7\u00e3o positiva do governo Jair Bolsonaro sofreu queda, enquanto a negativa cresceu, e ainda que a maioria da popula\u00e7\u00e3o&#8230;<a class=\"more-link\" href=\"http:\/\/blogdalucianaoliveira.com.br\/blog\/2019\/06\/27\/maioria-do-pais-ja-nao-confia-em-bolsonaro-51\/\">Continue a leitura <span class=\"meta-nav\">&raquo;<\/span><\/a><\/p>\n","protected":false},"author":1,"featured_media":0,"comment_status":"closed","ping_status":"open","sticky":false,"template":"","format":"standard","meta":{"_exactmetrics_skip_tracking":false,"_exactmetrics_sitenote_active":false,"_exactmetrics_sitenote_note":"","_exactmetrics_sitenote_category":0,"jetpack_post_was_ever_published":false,"_jetpack_newsletter_access":"","_jetpack_dont_email_post_to_subs":false,"_jetpack_newsletter_tier_id":0,"_jetpack_memberships_contains_paywalled_content":false,"_jetpack_memberships_contains_paid_content":false,"footnotes":"","jetpack_publicize_message":"","jetpack_publicize_feature_enabled":true,"jetpack_social_post_already_shared":true,"jetpack_social_options":{"image_generator_settings":{"template":"highway","enabled":false},"version":2}},"categories":[1],"tags":[],"class_list":["post-22525","post","type-post","status-publish","format-standard","hentry","category-notas"],"jetpack_publicize_connections":[],"jetpack_sharing_enabled":true,"jetpack_featured_media_url":"","jetpack_shortlink":"https:\/\/wp.me\/p7wKYW-5Rj","jetpack-related-posts":[],"_links":{"self":[{"href":"http:\/\/blogdalucianaoliveira.com.br\/blog\/wp-json\/wp\/v2\/posts\/22525","targetHints":{"allow":["GET"]}}],"collection":[{"href":"http:\/\/blogdalucianaoliveira.com.br\/blog\/wp-json\/wp\/v2\/posts"}],"about":[{"href":"http:\/\/blogdalucianaoliveira.com.br\/blog\/wp-json\/wp\/v2\/types\/post"}],"author":[{"embeddable":true,"href":"http:\/\/blogdalucianaoliveira.com.br\/blog\/wp-json\/wp\/v2\/users\/1"}],"replies":[{"embeddable":true,"href":"http:\/\/blogdalucianaoliveira.com.br\/blog\/wp-json\/wp\/v2\/comments?post=22525"}],"version-history":[{"count":1,"href":"http:\/\/blogdalucianaoliveira.com.br\/blog\/wp-json\/wp\/v2\/posts\/22525\/revisions"}],"predecessor-version":[{"id":22527,"href":"http:\/\/blogdalucianaoliveira.com.br\/blog\/wp-json\/wp\/v2\/posts\/22525\/revisions\/22527"}],"wp:attachment":[{"href":"http:\/\/blogdalucianaoliveira.com.br\/blog\/wp-json\/wp\/v2\/media?parent=22525"}],"wp:term":[{"taxonomy":"category","embeddable":true,"href":"http:\/\/blogdalucianaoliveira.com.br\/blog\/wp-json\/wp\/v2\/categories?post=22525"},{"taxonomy":"post_tag","embeddable":true,"href":"http:\/\/blogdalucianaoliveira.com.br\/blog\/wp-json\/wp\/v2\/tags?post=22525"}],"curies":[{"name":"wp","href":"https:\/\/api.w.org\/{rel}","templated":true}]}}