{"id":22531,"date":"2019-06-27T17:27:33","date_gmt":"2019-06-27T21:27:33","guid":{"rendered":"http:\/\/blogdalucianaoliveira.com.br\/blog\/?p=22531"},"modified":"2019-06-27T17:27:33","modified_gmt":"2019-06-27T21:27:33","slug":"dez-anos-depois-de-lula-o-cara-g20-recebe-bolsonaro-lider-do-ranking-do-fracasso","status":"publish","type":"post","link":"http:\/\/blogdalucianaoliveira.com.br\/blog\/2019\/06\/27\/dez-anos-depois-de-lula-o-cara-g20-recebe-bolsonaro-lider-do-ranking-do-fracasso\/","title":{"rendered":"Dez anos depois de Lula, \u2018o cara\u2019, G20 recebe Bolsonaro, l\u00edder do ranking do \u201cfracasso\u201d"},"content":{"rendered":"<p><img data-recalc-dims=\"1\" loading=\"lazy\" decoding=\"async\" data-attachment-id=\"22532\" data-permalink=\"http:\/\/blogdalucianaoliveira.com.br\/blog\/2019\/06\/27\/dez-anos-depois-de-lula-o-cara-g20-recebe-bolsonaro-lider-do-ranking-do-fracasso\/250eb036-53a9-4186-b9ed-b3e90a2054a7\/\" data-orig-file=\"https:\/\/i0.wp.com\/blogdalucianaoliveira.com.br\/blog\/wp-content\/uploads\/2019\/06\/250EB036-53A9-4186-B9ED-B3E90A2054A7.jpeg?fit=780%2C490\" data-orig-size=\"780,490\" data-comments-opened=\"0\" data-image-meta=\"{&quot;aperture&quot;:&quot;0&quot;,&quot;credit&quot;:&quot;&quot;,&quot;camera&quot;:&quot;&quot;,&quot;caption&quot;:&quot;&quot;,&quot;created_timestamp&quot;:&quot;0&quot;,&quot;copyright&quot;:&quot;&quot;,&quot;focal_length&quot;:&quot;0&quot;,&quot;iso&quot;:&quot;0&quot;,&quot;shutter_speed&quot;:&quot;0&quot;,&quot;title&quot;:&quot;&quot;,&quot;orientation&quot;:&quot;0&quot;}\" data-image-title=\"250EB036-53A9-4186-B9ED-B3E90A2054A7\" data-image-description=\"\" data-image-caption=\"\" data-medium-file=\"https:\/\/i0.wp.com\/blogdalucianaoliveira.com.br\/blog\/wp-content\/uploads\/2019\/06\/250EB036-53A9-4186-B9ED-B3E90A2054A7.jpeg?fit=300%2C188\" data-large-file=\"https:\/\/i0.wp.com\/blogdalucianaoliveira.com.br\/blog\/wp-content\/uploads\/2019\/06\/250EB036-53A9-4186-B9ED-B3E90A2054A7.jpeg?fit=600%2C377\" class=\"alignnone size-full wp-image-22532\" src=\"https:\/\/i0.wp.com\/blogdalucianaoliveira.com.br\/blog\/wp-content\/uploads\/2019\/06\/250EB036-53A9-4186-B9ED-B3E90A2054A7.jpeg?resize=600%2C377\" alt=\"250EB036-53A9-4186-B9ED-B3E90A2054A7\" width=\"600\" height=\"377\" srcset=\"https:\/\/i0.wp.com\/blogdalucianaoliveira.com.br\/blog\/wp-content\/uploads\/2019\/06\/250EB036-53A9-4186-B9ED-B3E90A2054A7.jpeg?w=780 780w, https:\/\/i0.wp.com\/blogdalucianaoliveira.com.br\/blog\/wp-content\/uploads\/2019\/06\/250EB036-53A9-4186-B9ED-B3E90A2054A7.jpeg?resize=300%2C188 300w, https:\/\/i0.wp.com\/blogdalucianaoliveira.com.br\/blog\/wp-content\/uploads\/2019\/06\/250EB036-53A9-4186-B9ED-B3E90A2054A7.jpeg?resize=768%2C482 768w, https:\/\/i0.wp.com\/blogdalucianaoliveira.com.br\/blog\/wp-content\/uploads\/2019\/06\/250EB036-53A9-4186-B9ED-B3E90A2054A7.jpeg?resize=478%2C300 478w\" sizes=\"auto, (max-width: 600px) 100vw, 600px\" \/><\/p>\n<p>Dias antes do G20, documento da ONU classifica presidente Bolsonaro como primeiro em lista de fracassados; Merkel v\u00ea situa\u00e7\u00e3o &#8220;dram\u00e1tica&#8221; no Brasil<!--more--><\/p>\n<p>Na Rede Brasil Atual<\/p>\n<p>S\u00e3o Paulo \u2013 A cena em que o ent\u00e3o presidente Luiz In\u00e1cio Lula da Silva \u00e9 saudado como \u201co cara\u201d por Barack Obama, presidente americano \u00e0 \u00e9poca, virou lenda. Mas \u00e9 real. Foi durante o encontro das 20 maiores economias do mundo, o G20, em abril de 2009.\u00a0\u201cEsse \u00e9 o cara, eu adoro esse cara\u201d, afirmou Obama. \u201cEle \u00e9 o pol\u00edtico mais popular da Terra.\u201d<\/p>\n<p>Dez anos depois, a situa\u00e7\u00e3o do Brasil frente aos pa\u00edses do G20 mudou. E muito. O presidente Jair Bolsonaro participar\u00e1 pela primeira vez do\u00a0encontro que este ano ocorre em Osaka (Jap\u00e3o), na sexta-feira (28) e s\u00e1bado (29). A viagem de Bolsonaro ao Jap\u00e3o teve alterada a escala para Lisboa, em n\u00e3o a prevista, em Sevilha \u2013 onde o chamado \u201cavi\u00e3o reserva\u201d da For\u00e7a A\u00e9rea Brasileira levava um militar preso em flagrante com 39 quilos de coca\u00edna. A decis\u00e3o por uma escala diferente n\u00e3o foi explicada.<\/p>\n<p>O brasileiro tem <a href=\"https:\/\/www.redebrasilatual.com.br\/economia\/2019\/05\/no-primeiro-pib-de-bolsonaro-economia-brasileira-andou-para-tras\/\" target=\"_blank\" rel=\"noopener\">poucos resultados<\/a> a apresentar. Falar\u00e1 sobre a perspectiva de aprova\u00e7\u00e3o da \u201creforma\u201d da <a href=\"https:\/\/www.redebrasilatual.com.br\/destaques\/2019\/05\/reforma-da-previdencia-ameaca-a-economia-de-88-dos-municipios-brasileiros\/\" target=\"_blank\" rel=\"noopener\">Previd\u00eancia<\/a>, livre mercado e combate \u00e0 corrup\u00e7\u00e3o, diante de uma economia cada vez mais fraca. A estimativa de crescimento de 2% para o Produto Interno Bruto (PIB) do pa\u00eds, quando tomou posse, j\u00e1 caiu para menos de 1%, e n\u00e3o para de descer. Em 2009, abatido pela crise global de 2008, o PIB brasileiro teve queda de 0,2% \u2013 depois de crescer em m\u00e9dia 4,7% nos tr\u00eas anos anteriores e alcan\u00e7ar alta de 7,5% <a href=\"https:\/\/www.redebrasilatual.com.br\/politica\/2010\/11\/dilma-nao-recebera-heranca-maldita-como-eu-e-obama-diz-lula-no-g20\/\" target=\"_blank\" rel=\"noopener\">no ano seguinte<\/a>.<\/p>\n<h3><strong>Situa\u00e7\u00e3o dram\u00e1tica<\/strong><\/h3>\n<p>Um documento publicado pela Organiza\u00e7\u00e3o das Na\u00e7\u00f5es Unidas (ONU) na ter\u00e7a-feira (25), com an\u00e1lises sobre o impacto das mudan\u00e7as clim\u00e1ticas na faixa mais pobre da popula\u00e7\u00e3o mundial, traz duras cr\u00edticas ao presidente brasileiro. O texto lista uma s\u00e9rie de l\u00edderes mundiais que s\u00e3o, nas palavras do relator especial sobre pobreza extrema e <strong>direitos humanos da ONU<\/strong>, Philip Alston, \u201cum fracasso\u201d. Bolsonaro \u00e9 o primeiro entre os fracassados.<strong>\u00a0<\/strong><\/p>\n<p>A pol\u00edtica do governo Bolsonaro para o ambiente \u00e9 alvo de cr\u00edticas constantes entre os pa\u00edses europeus. Em carta publicada na revista Science, em abril, mais de 600 cientistas da Europa e 300 ind\u00edgenas reivindicam que a Uni\u00e3o Europeia vincule importa\u00e7\u00f5es do Brasil \u00e0 prote\u00e7\u00e3o do meio ambiente e dos direitos humanos.<\/p>\n<p>O eurodeputado alem\u00e3o Martin H\u00e4usling, do Partido Verde, disse em entrevista ao jornal <a href=\"https:\/\/www.dw.com\/pt-br\/not%C3%ADcias\/s-7111\" target=\"_blank\" rel=\"noopener\"><em>Deutsche Welle<\/em><\/a> que o presidente brasileiro n\u00e3o compartilha os mesmos valores democr\u00e1ticos da Uni\u00e3o Europeia e que por isso n\u00e3o haveria base para negociar um acordo com o Mercosul daquele bloco com o Mercosul.<\/p>\n<div id=\"attachment_365026\" class=\"wp-caption aligncenter\"><img data-recalc-dims=\"1\" loading=\"lazy\" decoding=\"async\" class=\"wp-image-365026 size-full\" src=\"https:\/\/i0.wp.com\/www.redebrasilatual.com.br\/wp-content\/uploads\/2019\/06\/merkel.jpg?resize=600%2C383&#038;ssl=1\" sizes=\"auto, (max-width: 800px) 100vw, 800px\" srcset=\"https:\/\/www.redebrasilatual.com.br\/wp-content\/uploads\/2019\/06\/merkel.jpg 800w, https:\/\/www.redebrasilatual.com.br\/wp-content\/uploads\/2019\/06\/merkel-300x191.jpg 300w, https:\/\/www.redebrasilatual.com.br\/wp-content\/uploads\/2019\/06\/merkel-768x490.jpg 768w, https:\/\/www.redebrasilatual.com.br\/wp-content\/uploads\/2019\/06\/merkel-585x373.jpg 585w\" alt=\"\" width=\"600\" height=\"383\" \/><\/p>\n<p class=\"wp-caption-text\">Chanceler Angela Merkel citou o desempenho e a situa\u00e7\u00e3o do Brasil no parlamento alem\u00e3o<\/p>\n<\/div>\n<p>Em sess\u00e3o no Parlamento alem\u00e3o, em Berlim, nesta quarta, a chanceler Angela Merkel descreveu como dram\u00e1tica a situa\u00e7\u00e3o do Brasil sob o governo Jair Bolsonaro. Merkel foi questionada pela deputada do Partido Verde Anja Hajduk, sobre se o governo alem\u00e3o deveria seguir investindo nas negocia\u00e7\u00f5es de livre-com\u00e9rcio entre Uni\u00e3o Europeia e Mercosul, no momento em que ambientalistas, cientistas e defensores dos direitos humanos denunciam o desrespeito a essas frentes no Brasil.<\/p>\n<p>\u201cVejo com grande preocupa\u00e7\u00e3o a quest\u00e3o da atua\u00e7\u00e3o do novo governo brasileiro\u201d, disse Merkel, afirmando que a reuni\u00e3o do G20 ser\u00e1 uma oportunidade para tratar do assunto. \u201cPorque eu vejo como dram\u00e1tico o que est\u00e1 acontecendo no Brasil.\u201d<\/p>\n<p>A comandante da maior economia da Europa, no entanto, diz que a hip\u00f3tese de a Uni\u00e3o Europeia n\u00e3o levar adiante um acordo com o Mercosul \u2013 lembrando que outros pa\u00edses est\u00e3o envolvidos \u2013 n\u00e3o far\u00e1 com que um hectare a menos de floresta seja derrubado no Brasil. \u201cEu vou fazer o que for poss\u00edvel, dentro das minhas for\u00e7as, para o que acontece no Brasil n\u00e3o aconte\u00e7a mais.\u201d<\/p>\n<p>Merkel mencionou o Brasil\u00a0em resposta ao questionamento da deputada do Partido Verde Anja Hajduk.\u00a0A parlamentar tamb\u00e9m colocou em quest\u00e3o se o governo alem\u00e3o deveria seguir investindo nas negocia\u00e7\u00f5es entre os blocos europeu e sul-americano.<\/p>\n<p>O notici\u00e1rio alem\u00e3o sobre o Brasil tem uma ampla cobertura negativa, <a href=\"https:\/\/www.dw.com\/pt-br\/o-brasil-na-imprensa-alem%C3%A3-26-06\/a-49360080\" target=\"_blank\" rel=\"noopener\">como se pode ver aqui.<\/a><\/p>\n<div class=\"fluid-width-video-wrapper\"><iframe loading=\"lazy\" src=\"https:\/\/www.youtube.com\/embed\/iOPDgMUnEfk\" name=\"fitvid0\" width=\"300\" height=\"150\" frameborder=\"0\" allowfullscreen=\"allowfullscreen\" data-mce-fragment=\"1\"><\/iframe><\/div>\n<div class=\"penci-single-link-pages\"><\/div>\n<div class=\"post-tags\"><\/div>\n","protected":false},"excerpt":{"rendered":"<p>Dias antes do G20, documento da ONU classifica presidente Bolsonaro como primeiro em lista de fracassados; Merkel v\u00ea situa\u00e7\u00e3o &#8220;dram\u00e1tica&#8221; no Brasil<\/p>\n","protected":false},"author":1,"featured_media":0,"comment_status":"closed","ping_status":"open","sticky":false,"template":"","format":"standard","meta":{"_exactmetrics_skip_tracking":false,"_exactmetrics_sitenote_active":false,"_exactmetrics_sitenote_note":"","_exactmetrics_sitenote_category":0,"jetpack_post_was_ever_published":false,"_jetpack_newsletter_access":"","_jetpack_dont_email_post_to_subs":false,"_jetpack_newsletter_tier_id":0,"_jetpack_memberships_contains_paywalled_content":false,"_jetpack_memberships_contains_paid_content":false,"footnotes":"","jetpack_publicize_message":"","jetpack_publicize_feature_enabled":true,"jetpack_social_post_already_shared":true,"jetpack_social_options":{"image_generator_settings":{"template":"highway","enabled":false},"version":2}},"categories":[1],"tags":[],"class_list":["post-22531","post","type-post","status-publish","format-standard","hentry","category-notas"],"jetpack_publicize_connections":[],"jetpack_sharing_enabled":true,"jetpack_featured_media_url":"","jetpack_shortlink":"https:\/\/wp.me\/p7wKYW-5Rp","jetpack-related-posts":[],"_links":{"self":[{"href":"http:\/\/blogdalucianaoliveira.com.br\/blog\/wp-json\/wp\/v2\/posts\/22531","targetHints":{"allow":["GET"]}}],"collection":[{"href":"http:\/\/blogdalucianaoliveira.com.br\/blog\/wp-json\/wp\/v2\/posts"}],"about":[{"href":"http:\/\/blogdalucianaoliveira.com.br\/blog\/wp-json\/wp\/v2\/types\/post"}],"author":[{"embeddable":true,"href":"http:\/\/blogdalucianaoliveira.com.br\/blog\/wp-json\/wp\/v2\/users\/1"}],"replies":[{"embeddable":true,"href":"http:\/\/blogdalucianaoliveira.com.br\/blog\/wp-json\/wp\/v2\/comments?post=22531"}],"version-history":[{"count":1,"href":"http:\/\/blogdalucianaoliveira.com.br\/blog\/wp-json\/wp\/v2\/posts\/22531\/revisions"}],"predecessor-version":[{"id":22533,"href":"http:\/\/blogdalucianaoliveira.com.br\/blog\/wp-json\/wp\/v2\/posts\/22531\/revisions\/22533"}],"wp:attachment":[{"href":"http:\/\/blogdalucianaoliveira.com.br\/blog\/wp-json\/wp\/v2\/media?parent=22531"}],"wp:term":[{"taxonomy":"category","embeddable":true,"href":"http:\/\/blogdalucianaoliveira.com.br\/blog\/wp-json\/wp\/v2\/categories?post=22531"},{"taxonomy":"post_tag","embeddable":true,"href":"http:\/\/blogdalucianaoliveira.com.br\/blog\/wp-json\/wp\/v2\/tags?post=22531"}],"curies":[{"name":"wp","href":"https:\/\/api.w.org\/{rel}","templated":true}]}}