{"id":22534,"date":"2019-06-28T13:06:54","date_gmt":"2019-06-28T17:06:54","guid":{"rendered":"http:\/\/blogdalucianaoliveira.com.br\/blog\/?p=22534"},"modified":"2019-06-28T13:06:54","modified_gmt":"2019-06-28T17:06:54","slug":"enquanto-bolsonaro-e-excluido-no-g20-lula-e-homenageado-na-onu","status":"publish","type":"post","link":"http:\/\/blogdalucianaoliveira.com.br\/blog\/2019\/06\/28\/enquanto-bolsonaro-e-excluido-no-g20-lula-e-homenageado-na-onu\/","title":{"rendered":"Enquanto Bolsonaro \u00e9 exclu\u00eddo no G20, Lula \u00e9 homenageado na ONU"},"content":{"rendered":"<p><img data-recalc-dims=\"1\" loading=\"lazy\" decoding=\"async\" data-attachment-id=\"22535\" data-permalink=\"http:\/\/blogdalucianaoliveira.com.br\/blog\/2019\/06\/28\/enquanto-bolsonaro-e-excluido-no-g20-lula-e-homenageado-na-onu\/a5a5819a-43b8-4fd8-948d-2f77210fc374\/\" data-orig-file=\"https:\/\/i0.wp.com\/blogdalucianaoliveira.com.br\/blog\/wp-content\/uploads\/2019\/06\/A5A5819A-43B8-4FD8-948D-2F77210FC374.jpeg?fit=1250%2C600\" data-orig-size=\"1250,600\" data-comments-opened=\"0\" data-image-meta=\"{&quot;aperture&quot;:&quot;0&quot;,&quot;credit&quot;:&quot;&quot;,&quot;camera&quot;:&quot;&quot;,&quot;caption&quot;:&quot;&quot;,&quot;created_timestamp&quot;:&quot;0&quot;,&quot;copyright&quot;:&quot;&quot;,&quot;focal_length&quot;:&quot;0&quot;,&quot;iso&quot;:&quot;0&quot;,&quot;shutter_speed&quot;:&quot;0&quot;,&quot;title&quot;:&quot;&quot;,&quot;orientation&quot;:&quot;0&quot;}\" data-image-title=\"A5A5819A-43B8-4FD8-948D-2F77210FC374\" data-image-description=\"\" data-image-caption=\"\" data-medium-file=\"https:\/\/i0.wp.com\/blogdalucianaoliveira.com.br\/blog\/wp-content\/uploads\/2019\/06\/A5A5819A-43B8-4FD8-948D-2F77210FC374.jpeg?fit=300%2C144\" data-large-file=\"https:\/\/i0.wp.com\/blogdalucianaoliveira.com.br\/blog\/wp-content\/uploads\/2019\/06\/A5A5819A-43B8-4FD8-948D-2F77210FC374.jpeg?fit=600%2C288\" class=\"alignnone size-full wp-image-22535\" src=\"https:\/\/i0.wp.com\/blogdalucianaoliveira.com.br\/blog\/wp-content\/uploads\/2019\/06\/A5A5819A-43B8-4FD8-948D-2F77210FC374.jpeg?resize=600%2C288\" alt=\"A5A5819A-43B8-4FD8-948D-2F77210FC374\" width=\"600\" height=\"288\" srcset=\"https:\/\/i0.wp.com\/blogdalucianaoliveira.com.br\/blog\/wp-content\/uploads\/2019\/06\/A5A5819A-43B8-4FD8-948D-2F77210FC374.jpeg?w=1250 1250w, https:\/\/i0.wp.com\/blogdalucianaoliveira.com.br\/blog\/wp-content\/uploads\/2019\/06\/A5A5819A-43B8-4FD8-948D-2F77210FC374.jpeg?resize=300%2C144 300w, https:\/\/i0.wp.com\/blogdalucianaoliveira.com.br\/blog\/wp-content\/uploads\/2019\/06\/A5A5819A-43B8-4FD8-948D-2F77210FC374.jpeg?resize=768%2C369 768w, https:\/\/i0.wp.com\/blogdalucianaoliveira.com.br\/blog\/wp-content\/uploads\/2019\/06\/A5A5819A-43B8-4FD8-948D-2F77210FC374.jpeg?resize=1024%2C492 1024w, https:\/\/i0.wp.com\/blogdalucianaoliveira.com.br\/blog\/wp-content\/uploads\/2019\/06\/A5A5819A-43B8-4FD8-948D-2F77210FC374.jpeg?resize=625%2C300 625w, https:\/\/i0.wp.com\/blogdalucianaoliveira.com.br\/blog\/wp-content\/uploads\/2019\/06\/A5A5819A-43B8-4FD8-948D-2F77210FC374.jpeg?w=1200 1200w\" sizes=\"auto, (max-width: 600px) 100vw, 600px\" \/><\/p>\n<p>247 Enquanto Bolsonaro segue sua agenda t\u00edmida no G20, com sua total subservi\u00eancia aos EUA e propondo at\u00e9 vender bijuterias de ni\u00f3bio, Lula \u00e9 prestigiado por autoridades internacionais. Nesta sexta-feira (28), Jos\u00e9 Graziano da Silva, diretor geral da FAO, entidade ligada \u00e0 ONU, homenageou o ex-presidente em discurso que encerra sua gest\u00e3o na pasta.<!--more--><\/p>\n<p>&#8220;Ele [Lula] mostrou ao mundo compromisso e lideran\u00e7a, s\u00e3o estrat\u00e9gias claras para que na\u00e7\u00f5es possam rapidamente reduzir suas incid\u00eancias de fome&#8221;, defendeu.<\/p>\n<p>Veja:<\/p>\n<div class=\"embed-block\">\n<div>\n<div><iframe loading=\"lazy\" src=\"https:\/\/cdn.iframe.ly\/api\/iframe?url=https%3A%2F%2Fwww.facebook.com%2Fwatch%2F%3Fv%3D1213310315508832&amp;key=87ca3314a9fa775b5c3a7726100694b0&amp;app=1\" width=\"300\" height=\"150\" allowfullscreen=\"allowfullscreen\" data-mce-fragment=\"1\"><\/iframe><\/div>\n<\/div>\n<\/div>\n<p>&nbsp;<\/p>\n<div class=\"teads-inread xs-screen\"><\/div>\n","protected":false},"excerpt":{"rendered":"<p>247 Enquanto Bolsonaro segue sua agenda t\u00edmida no G20, com sua total subservi\u00eancia aos EUA e propondo at\u00e9 vender bijuterias de ni\u00f3bio, Lula \u00e9 prestigiado por autoridades internacionais. Nesta sexta-feira (28), Jos\u00e9 Graziano da Silva, diretor geral da FAO, entidade ligada \u00e0 ONU, homenageou o ex-presidente em discurso que encerra sua gest\u00e3o na pasta.<\/p>\n","protected":false},"author":1,"featured_media":0,"comment_status":"closed","ping_status":"open","sticky":false,"template":"","format":"standard","meta":{"_exactmetrics_skip_tracking":false,"_exactmetrics_sitenote_active":false,"_exactmetrics_sitenote_note":"","_exactmetrics_sitenote_category":0,"jetpack_post_was_ever_published":false,"_jetpack_newsletter_access":"","_jetpack_dont_email_post_to_subs":false,"_jetpack_newsletter_tier_id":0,"_jetpack_memberships_contains_paywalled_content":false,"_jetpack_memberships_contains_paid_content":false,"footnotes":"","jetpack_publicize_message":"","jetpack_publicize_feature_enabled":true,"jetpack_social_post_already_shared":true,"jetpack_social_options":{"image_generator_settings":{"template":"highway","enabled":false},"version":2}},"categories":[1],"tags":[],"class_list":["post-22534","post","type-post","status-publish","format-standard","hentry","category-notas"],"jetpack_publicize_connections":[],"jetpack_sharing_enabled":true,"jetpack_featured_media_url":"","jetpack_shortlink":"https:\/\/wp.me\/p7wKYW-5Rs","jetpack-related-posts":[],"_links":{"self":[{"href":"http:\/\/blogdalucianaoliveira.com.br\/blog\/wp-json\/wp\/v2\/posts\/22534","targetHints":{"allow":["GET"]}}],"collection":[{"href":"http:\/\/blogdalucianaoliveira.com.br\/blog\/wp-json\/wp\/v2\/posts"}],"about":[{"href":"http:\/\/blogdalucianaoliveira.com.br\/blog\/wp-json\/wp\/v2\/types\/post"}],"author":[{"embeddable":true,"href":"http:\/\/blogdalucianaoliveira.com.br\/blog\/wp-json\/wp\/v2\/users\/1"}],"replies":[{"embeddable":true,"href":"http:\/\/blogdalucianaoliveira.com.br\/blog\/wp-json\/wp\/v2\/comments?post=22534"}],"version-history":[{"count":1,"href":"http:\/\/blogdalucianaoliveira.com.br\/blog\/wp-json\/wp\/v2\/posts\/22534\/revisions"}],"predecessor-version":[{"id":22536,"href":"http:\/\/blogdalucianaoliveira.com.br\/blog\/wp-json\/wp\/v2\/posts\/22534\/revisions\/22536"}],"wp:attachment":[{"href":"http:\/\/blogdalucianaoliveira.com.br\/blog\/wp-json\/wp\/v2\/media?parent=22534"}],"wp:term":[{"taxonomy":"category","embeddable":true,"href":"http:\/\/blogdalucianaoliveira.com.br\/blog\/wp-json\/wp\/v2\/categories?post=22534"},{"taxonomy":"post_tag","embeddable":true,"href":"http:\/\/blogdalucianaoliveira.com.br\/blog\/wp-json\/wp\/v2\/tags?post=22534"}],"curies":[{"name":"wp","href":"https:\/\/api.w.org\/{rel}","templated":true}]}}