{"id":22547,"date":"2019-06-29T07:59:29","date_gmt":"2019-06-29T11:59:29","guid":{"rendered":"http:\/\/blogdalucianaoliveira.com.br\/blog\/?p=22547"},"modified":"2019-06-29T08:05:05","modified_gmt":"2019-06-29T12:05:05","slug":"22547","status":"publish","type":"post","link":"http:\/\/blogdalucianaoliveira.com.br\/blog\/2019\/06\/29\/22547\/","title":{"rendered":""},"content":{"rendered":"<p><img data-recalc-dims=\"1\" loading=\"lazy\" decoding=\"async\" data-attachment-id=\"22548\" data-permalink=\"http:\/\/blogdalucianaoliveira.com.br\/blog\/2019\/06\/29\/22547\/445adaba-1e1f-441e-b677-c2d3d4385c07\/\" data-orig-file=\"https:\/\/i0.wp.com\/blogdalucianaoliveira.com.br\/blog\/wp-content\/uploads\/2019\/06\/445ADABA-1E1F-441E-B677-C2D3D4385C07.jpeg?fit=750%2C604\" data-orig-size=\"750,604\" data-comments-opened=\"0\" data-image-meta=\"{&quot;aperture&quot;:&quot;0&quot;,&quot;credit&quot;:&quot;&quot;,&quot;camera&quot;:&quot;&quot;,&quot;caption&quot;:&quot;&quot;,&quot;created_timestamp&quot;:&quot;0&quot;,&quot;copyright&quot;:&quot;&quot;,&quot;focal_length&quot;:&quot;0&quot;,&quot;iso&quot;:&quot;0&quot;,&quot;shutter_speed&quot;:&quot;0&quot;,&quot;title&quot;:&quot;&quot;,&quot;orientation&quot;:&quot;0&quot;}\" data-image-title=\"445ADABA-1E1F-441E-B677-C2D3D4385C07\" data-image-description=\"\" data-image-caption=\"\" data-medium-file=\"https:\/\/i0.wp.com\/blogdalucianaoliveira.com.br\/blog\/wp-content\/uploads\/2019\/06\/445ADABA-1E1F-441E-B677-C2D3D4385C07.jpeg?fit=300%2C242\" data-large-file=\"https:\/\/i0.wp.com\/blogdalucianaoliveira.com.br\/blog\/wp-content\/uploads\/2019\/06\/445ADABA-1E1F-441E-B677-C2D3D4385C07.jpeg?fit=600%2C483\" class=\"alignnone size-full wp-image-22548\" src=\"https:\/\/i0.wp.com\/blogdalucianaoliveira.com.br\/blog\/wp-content\/uploads\/2019\/06\/445ADABA-1E1F-441E-B677-C2D3D4385C07.jpeg?resize=600%2C483\" alt=\"445ADABA-1E1F-441E-B677-C2D3D4385C07\" width=\"600\" height=\"483\" srcset=\"https:\/\/i0.wp.com\/blogdalucianaoliveira.com.br\/blog\/wp-content\/uploads\/2019\/06\/445ADABA-1E1F-441E-B677-C2D3D4385C07.jpeg?w=750 750w, https:\/\/i0.wp.com\/blogdalucianaoliveira.com.br\/blog\/wp-content\/uploads\/2019\/06\/445ADABA-1E1F-441E-B677-C2D3D4385C07.jpeg?resize=300%2C242 300w, https:\/\/i0.wp.com\/blogdalucianaoliveira.com.br\/blog\/wp-content\/uploads\/2019\/06\/445ADABA-1E1F-441E-B677-C2D3D4385C07.jpeg?resize=373%2C300 373w\" sizes=\"auto, (max-width: 600px) 100vw, 600px\" \/><\/p>\n<p>Procuradores do Minist\u00e9rio P\u00fablico Federal, em mensagens privadas trocadas em grupos com integrantes da Lava Jato, criticaram Sergio Moro duramente pelo que consideraram uma agenda pessoal e pol\u00edtica do juiz. Eles foram al\u00e9m no decorrer e logo depois da campanha eleitoral de 2018: para os procuradores, Moro infringia sistematicamente os limites da magistratura para alcan\u00e7ar o que queria.<!--more--><\/p>\n<p>\u201cMoro viola sempre o sistema acusat\u00f3rio e \u00e9 tolerado por seus resultados\u201d, disse a procuradora Monique Cheker em 1\u00ba de novembro, uma hora antes de o ex-juiz anunciar ter aceito o convite de Jair Bolsonaro para se tornar ministro da Justi\u00e7a. Integrantes da for\u00e7a-tarefa da Lava Jato lamentavam que, ao aceitar o cargo (algo que ele havia prometido jamais fazer), Moro colocou em eterna d\u00favida a legitimidade e o legado da opera\u00e7\u00e3o. Os \u00f3bvios questionamentos \u00e9ticos envolvidos na ida do juiz ao minist\u00e9rio poderiam, afinal, dar maior credibilidade \u00e0s alega\u00e7\u00f5es de que a Lava Jato teria motiva\u00e7\u00f5es pol\u00edticas.<\/p>\n<div data-reactid=\"235\">\n<p>Uma vez que o alinhamento de Moro com o bolsonarismo <a href=\"https:\/\/theintercept.com\/2018\/11\/03\/sergio-moro-voce-tambem-comprou-essa-narrativa-enlatada\/\">se tornou claro<\/a>, at\u00e9 os maiores apoiadores do ex-juiz dentro da Lava Jato passaram a expressar um descontentamento antigo com as transgress\u00f5es dele. Mesmo o coordenador da for\u00e7a-tarefa, Deltan Dallagnol (que sempre defendeu Moro), e o decano do grupo, Carlos Fernando dos Santos Lima, \u00edntimo do ent\u00e3o juiz, confessaram preferir que ele n\u00e3o aderisse ao governo Bolsonaro.<\/p>\n<div class=\"img-wrap align-bleed full-bleed width-auto\">\n<p><a href=\"https:\/\/i0.wp.com\/theintercept.imgix.net\/wp-uploads\/sites\/1\/2019\/06\/img_9176df-1561749471.jpg?ssl=1\"><img data-recalc-dims=\"1\" height=\"150\" width=\"150\" decoding=\"async\" class=\"aligncenter size-thumbnail wp-image-256911\" src=\"https:\/\/i0.wp.com\/theintercept.imgix.net\/wp-uploads\/sites\/1\/2019\/06\/img_9176df-1561749471.jpg?resize=150%2C150&#038;ssl=1\" alt=\"O ministro da Justi\u00e7a e Seguran\u00e7a P\u00fablica, S\u00e9rgio Moro, participa da cerim\u00f4nia de entrega do Selo Nacional de Responsabilidade Social pelo Trabalho no Sistema Prisional.\" \/><\/a><\/p>\n<p class=\"caption overlayed\">O ministro da Justi\u00e7a e Seguran\u00e7a P\u00fablica, S\u00e9rgio Moro, participa da cerim\u00f4nia de entrega do Selo Nacional de Responsabilidade Social pelo Trabalho no Sistema Prisional.<\/p>\n<p class=\"caption source pullright\">Foto: Marcelo Camargo\/Ag\u00eancia Brasil<\/p>\n<\/div>\n<p>Um dia antes do an\u00fancio de Moro, em 31 de outubro, <a href=\"https:\/\/noticias.uol.com.br\/politica\/ultimas-noticias\/2018\/10\/31\/ciro-sergio-moro-ministerio-da-justica-bolsonaro.htm\">quando circulavam fortes boatos de que Moro participaria do governo Bolsonaro<\/a>, a procuradora Jerusa Viecili, integrante da for\u00e7a-tarefa em Curitiba, escreveu no grupo <strong>Filhos do Januario 3<\/strong>: \u201cAcho p\u00e9ssimo. S\u00f3 d\u00e1 \u00eanfase \u00e0s alega\u00e7\u00f5es de parcialidade e partidarismo.\u201d<\/p>\n<p>A procuradora Laura Tessler, tamb\u00e9m da for\u00e7a-tarefa, concordou com a avalia\u00e7\u00e3o: \u201c<a data-tooltip=\"Optamos por manter os textos originais das mensagens, sem qualquer tipo de corre\u00e7\u00e3o ou altera\u00e7\u00e3o\">Tb acho p\u00e9ssimo.<\/a> <a data-tooltip=\"Minist\u00e9rio da Justi\u00e7a\">MJ<\/a> nem pensar\u2026 al\u00e9m de ele n\u00e3o ter poder para fazer mudan\u00e7as positivas, vai queimar a <a data-tooltip=\"Lava Jato\">LJ<\/a>. J\u00e1 tem gente falando que isso mostraria a parcialidade dele ao julgar o PT. E o discurso vai pegar. P\u00e9ssimo. E Bozo \u00e9 muito mal visto\u2026 se juntar a ele vai queimar o Moro.\u201d Viecili completou: \u201cE queimando o moro queima a LJ\u201d. Outro procurador da opera\u00e7\u00e3o, Ant\u00f4nio Carlos Welter, enfatizou que a postura de Moro era \u201cincompat\u00edvel com a de Juiz\u201d:<\/p>\n<\/div>\n<section class=\"section section--with-background\" data-reactid=\"236\">\n<div data-reactid=\"237\">\n<div class=\"img-wrap align-center width-fixed\">\n<h6><strong>31 de outubro de 2018 \u2013 Filhos do Januario 3<\/strong><\/h6>\n<p>&nbsp;<\/p>\n<\/div>\n<h6><strong><a data-tooltip=\"Procuradora da for\u00e7a-tarefa em Curitiba\">Isabel Groba<\/a> \u2013 09:24:41 \u2013<\/strong> \u00c9 o fim ir se encontrar com Bolsonaro e semana que vem ir interrogar o Lula.<\/h6>\n<h6><strong>Jerusa Viecili \u2013 09:25:20 \u2013<\/strong>Concordo com tudo, Isabel!<\/h6>\n<h6><strong>Laura Tessler \u2013 09:25:27 \u2013<\/strong> Tb!<\/h6>\n<h6><strong>Laura Tessler \u2013 09:26:01 \u2013<\/strong> Pelo amor de Deus!!!! Algu\u00e9m fala pro Moro n\u00e3o ir encontrar Bolsonaro!!!<\/h6>\n<h6><strong>Ant\u00f4nio Carlos Welter \u2013 09:44:35 \u2013<\/strong> Deltan Min do STF \u00e9 um cargo no judici\u00e1rio, que seria o reconhecimento m\u00e1ximo na carreira. Como ministro da justi\u00e7a vai ter que explicar todos os arroubos do presidente, vai ter que engolir muito sapo e ainda vai ser profundamente criticado por isso. Veja que um dos fundamentos do pedido feito ao comit\u00ea da Onu para anular o processo do Lula \u00e9 justamente o de falta de parcialidade do juiz. E logo ap\u00f3s as elei\u00e7\u00f5es ele \u00e9 convidado para ser Ministro. Se aceitar vai confirmar para muitos a teoria da conspira\u00e7\u00e3o. Vai ser um prato cheio. As vezes, o convite, ainda que possa representar reconhecimento (merecido), vai significar para muita gente boa e imparcial, que nos apoia, sem falar da imprensa e o PT, uma virada de mesa, de postura, incompat\u00edvel com a de Juiz.<\/h6>\n<\/div>\n<section class=\"section section--with-background\" data-reactid=\"236\">\n<div data-reactid=\"237\">\n<div class=\"img-wrap align-center width-fixed\">\n<h6><strong>31 de outubro de 2018 \u2013 Filhos do Januario 3<\/strong><\/h6>\n<\/div>\n<h6><strong><a data-tooltip=\"Procuradora da for\u00e7a-tarefa em Curitiba\">Isabel Groba<\/a> \u2013 09:24:41 \u2013<\/strong> \u00c9 o fim ir se encontrar com Bolsonaro e semana que vem ir interrogar o Lula.<\/h6>\n<h6><strong>Jerusa Viecili \u2013 09:25:20 \u2013<\/strong>Concordo com tudo, Isabel!<\/h6>\n<h6><strong>Laura Tessler \u2013 09:25:27 \u2013<\/strong> Tb!<\/h6>\n<h6><strong>Laura Tessler \u2013 09:26:01 \u2013<\/strong> Pelo amor de Deus!!!! Algu\u00e9m fala pro Moro n\u00e3o ir encontrar Bolsonaro!!!<\/h6>\n<h6><strong>Ant\u00f4nio Carlos Welter \u2013 09:44:35 \u2013<\/strong> Deltan Min do STF \u00e9 um cargo no judici\u00e1rio, que seria o reconhecimento m\u00e1ximo na carreira. Como ministro da justi\u00e7a vai ter que explicar todos os arroubos do presidente, vai ter que engolir muito sapo e ainda vai ser profundamente criticado por isso. Veja que um dos fundamentos do pedido feito ao comit\u00ea da Onu para anular o processo do Lula \u00e9 justamente o de falta de parcialidade do juiz. E logo ap\u00f3s as elei\u00e7\u00f5es ele \u00e9 convidado para ser Ministro. Se aceitar vai confirmar para muitos a teoria da conspira\u00e7\u00e3o. Vai ser um prato cheio. As vezes, o convite, ainda que possa representar reconhecimento (merecido), vai significar para muita gente boa e imparcial, que nos apoia, sem falar da imprensa e o PT, uma virada de mesa, de postura, incompat\u00edvel com a de Juiz.<\/h6>\n<\/div>\n<\/section>\n<div data-reactid=\"238\">\n<p>No dia seguinte, 1\u00ba de novembro, quando ficou claro que <a href=\"https:\/\/cultura.estadao.com.br\/blogs\/direto-da-fonte\/moro-deve-aceitar-o-ministerio-da-justica-ampliado\/\">Moro seria anunciado<\/a> como ministro da Justi\u00e7a, outros procuradores do MPF n\u00e3o envolvidos com a Lava Jato aderiram ao coro. Conversando no grupo <strong>BD<\/strong>, do qual faziam parte procuradores de v\u00e1rios estados, eles dispararam duras cr\u00edticas ao ex-juiz:<\/p>\n<\/div>\n<section class=\"section section--with-background\" data-reactid=\"239\">\n<div data-reactid=\"240\">\n<div class=\"img-wrap align-center width-fixed\">\n<h6><strong>1\u00ba de novembro de 2018 \u2013 BD<\/strong><\/h6>\n<\/div>\n<h6><strong><a data-tooltip=\"\u00c2ngelo Augusto Costa, procurador do MPF em S\u00e3o Jos\u00e9 dos Campos, SP\">\u00c2ngelo<\/a> \u2013 10:00:07 \u2013<\/strong> Cara, eu n\u00e3o confio no Moro, n\u00e3o. Em breve vamos nos receber cota de delegado mandando acrescentar fatos \u00e0 den\u00fancia. E, se n\u00e3o cumprirmos, o pr\u00f3prio juiz resolve. Rs.<\/h6>\n<h6><strong><a data-tooltip=\"Procuradoria da Rep\u00fablica nos munic\u00edpios de Osasco e Barueri\">Monique<\/a> \u2013 10:00:30 \u2013<\/strong> Olha, penso igual.<\/h6>\n<h6><strong>Monique \u2013 10:01:36 \u2013<\/strong> Moro \u00e9 inquisitivo, s\u00f3 manda para o MP quando quer corroborar suas ideias, decide sem pedido do MP (variasssss vezes) e respeitosamente o MPF do PR sempre tolerou isso pelos \u00f3timos resultados alcan\u00e7ados pela lava jato<\/h6>\n<h6><strong>\u00c2ngelo \u2013 10:02:13 \u2013<\/strong> Ele nos v\u00ea como \u201cmal constitucionalmente necess\u00e1rio\u201d, um desperd\u00edcio de dinheiro.<\/h6>\n<h6><strong>Monique \u2013 10:02:30 \u2013<\/strong> Se depender dele, seremos ignorados.<\/h6>\n<h6><strong>\u00c2ngelo \u2013 10:03:02 \u2013<\/strong> Afinal, se j\u00e1 tem juiz, por que outro sujeito processual com as mesmas garantias e a mesma independ\u00eancia? Duplica\u00e7\u00e3o in\u00fatil. E ainda podendo encher o saco.<\/h6>\n<h6><strong>Monique \u2013 10:03:43 \u2013<\/strong> E essa fama do Moro \u00e9 antiga. Desde que eu estava no Paran\u00e1, em 2008, ele j\u00e1 atuava assim. Alguns colegas do MPF do PR diziam que gostavam da pro atividade dele, que inclusive aprendiam com isso.<\/h6>\n<h6><strong>\u00c2ngelo \u2013 10:04:30 \u2013<\/strong> Fez umas tabelinhas l\u00e1, absolvendo aqui para a gente recorrer ali, mas na investiga\u00e7\u00e3o criminal \u2013 a \u00fanica coisa que interessa -, opa, a dupla pol\u00edcia\/ juiz eh senhora.<\/h6>\n<h6><strong>Monique \u2013 10:04:31 \u2013<\/strong> Moro viola sempre o sistema acusat\u00f3rio e \u00e9 tolerado por seus resultados.<\/h6>\n<\/div>\n<\/section>\n<div data-reactid=\"241\">\u00c9 particularmente significativo que procuradores tenham chamado algumas absolvi\u00e7\u00f5es de Moro de \u201ctabelinhas\u201d \u2013 destinadas a criar uma <a href=\"https:\/\/theintercept.com\/2019\/06\/18\/lava-jato-fingiu-investigar-fhc-apenas-para-criar-percepcao-publica-de-imparcialidade-mas-moro-repreendeu-melindra-alguem-cujo-apoio-e-importante\/\">falsa percep\u00e7\u00e3o de imparcialidade<\/a> \u2013, j\u00e1 que as absolvi\u00e7\u00f5es haviam sido citadas pelo ex-juiz e por Deltan Dallagnol justamente para refutar acusa\u00e7\u00f5es de que Moro era o verdadeiro chefe dos procuradores.Quando Moro foi finalmente confirmado como ministro da Justi\u00e7a, o procurador S\u00e9rgio Luiz Pinel Dias, que atua na Lava Jato no Rio de Janeiro, digitou no grupo <strong>MPF GILMAR MENDES<\/strong> que, daquele momento em diante, seria muito dif\u00edcil \u201cafastar a imagem de que a LJ integrou o governo de Bolsonaro\u201d:<\/div>\n<section class=\"section section--with-background\" data-reactid=\"242\">\n<div data-reactid=\"243\">\n<div class=\"img-wrap align-center width-fixed\">\n<h6><strong>1\u00ba de novembro de 2018 \u2013 Grupo MPF GILMAR MENDES<\/strong><\/h6>\n<p>&nbsp;<\/p>\n<\/div>\n<h6><strong><a data-tooltip=\"Procuradora do Minist\u00e9rio P\u00fablico Federal e membro da for\u00e7a-tarefa da Lava Jato em S\u00e3o Paulo.\">Tham\u00e9a Danelon<\/a> \u2013 10:19:01 \u2013<\/strong>Bom dia pessoal. Qual a opini\u00e3o de vcs sobre Moro no MJ?<\/h6>\n<h6><strong><a data-tooltip=\"Procurador, membro da for\u00e7a-tarefa da Lava Jato no Rio de Janeiro\">Jos\u00e9 Augusto Sim\u00f5es Vagos<\/a> \u2013 10:44:57 \u2013<\/strong> Acho inoportuno<\/h6>\n<h6><strong><a data-tooltip=\"Procurador do Minist\u00e9rio P\u00fablico Federal e membro da for\u00e7a-tarefa da Lava Jato no Rio de Janeiro.\">S\u00e9rgio Luiz Pinel Dias<\/a> \u2013 10:50:51 \u2013<\/strong> Thamea e colegas, pessoalmente acho ruim para o legado da LJ, por melhor que sejam as inten\u00e7\u00f5es dele de tentar influir por dentro. . . . Para mim, LJ, al\u00e9m de ser um s\u00edmbolo, \u00e9 um m\u00e9todo de atua\u00e7\u00e3o das nossas institui\u00e7\u00f5es, que nos permitiu, at\u00e9 aqui, surfar juntos em uma excelente onda. Mas ser\u00e1 dif\u00edcil, muito dif\u00edcil, hoje e provavelmente no futuro, com a assun\u00e7\u00e3o de Moro ao MJ, afastar a imagem de que a LJ integrou o governo de Bolsonaro. Vejo, por esse motivo, com muita preocupa\u00e7\u00e3o esse passo do Moro.<\/h6>\n<h6><strong><a data-tooltip=\"Procuradora regional da Rep\u00fablica que atua no N\u00facleo Criminal de Combate \u00e0 Corrup\u00e7\u00e3o do MPF na 2\u00aa Regi\u00e3o, parte da Lava Jato.\">M\u00f4nica Campos de R\u00e9<\/a> \u2013 10:54:12 \u2013<\/strong> Concordo!<\/h6>\n<\/div>\n<\/section>\n<div data-reactid=\"244\">\n<p>A procuradora Isabel Cristina Groba Vieira, da Lava Jato em Curitiba, opinou no grupo <strong>Filhos do Januario 3<\/strong>: \u201c\u00c9 realmente p\u00e9ssimo. O nome da LJ n\u00e3o pode ser <a data-tooltip=\"Sujado, manchado, corrompido.\">conspurcado<\/a>.\u201d<\/p>\n<p>&nbsp;<\/p>\n<\/div>\n<h3 id=\"one\" class=\"chapter chapter--toc-anchor chapter--without-number\" data-reactid=\"245\"><span class=\"chapter-title\" data-reactid=\"246\">\u2018ERRO CRASSO\u2019<\/span><\/h3>\n<div data-reactid=\"247\">\n<div class=\"img-wrap align-bleed large-bleed width-auto\">\n<p><a href=\"https:\/\/i0.wp.com\/theintercept.imgix.net\/wp-uploads\/sites\/1\/2019\/06\/GettyImages-1149249283-1561743852.jpg?ssl=1\"><img data-recalc-dims=\"1\" height=\"150\" width=\"150\" decoding=\"async\" class=\"aligncenter size-thumbnail wp-image-256882\" src=\"https:\/\/i0.wp.com\/theintercept.imgix.net\/wp-uploads\/sites\/1\/2019\/06\/GettyImages-1149249283-1561743852.jpg?resize=150%2C150&#038;ssl=1\" alt=\"Legenda.\" \/><\/a><\/p>\n<p class=\"caption source pullright\">Foto: Evaristo S\u00e1\/AFP\/Getty Images<\/p>\n<\/div>\n<p><u class=\"no-underline\">AS CR\u00cdTICAS A MORO<\/u> vinham se acumulando desde muito antes do an\u00fancio oficial de que ele seria empregado de um presidente de trajet\u00f3ria marcada por apologia \u00e0 tortura, \u00e0 ditadura e a declara\u00e7\u00f5es mis\u00f3ginas e homof\u00f3bicas. A tr\u00eas dias do segundo turno das elei\u00e7\u00f5es, em 25 de outubro, os procuradores Jerusa Viecili e Paulo Roberto Galv\u00e3o lamentaram que Moro e que a pr\u00f3pria for\u00e7a-tarefa passassem a impress\u00e3o de favorecer a candidatura de Bolsonaro.<\/p>\n<p>Galv\u00e3o se mostrava especialmente preocupado com o sil\u00eancio da for\u00e7a-tarefa em rela\u00e7\u00e3o \u00e0s declara\u00e7\u00f5es do pol\u00edtico contra a liberdade de imprensa e ao seu desprezo pelo devido processo legal. Essas posi\u00e7\u00f5es eram criticadas pela Lava Jato quando verbalizadas por outros pol\u00edticos. Galv\u00e3o se incomodava tamb\u00e9m com o sil\u00eancio dos colegas frente aos ataques dirigidos contra os protestos anti-Bolsonaro que ocorriam em universidades, assim como Jerusa Viecili:<\/p>\n<\/div>\n<section class=\"section section--with-background\" data-reactid=\"248\">\n<div data-reactid=\"249\">\n<div class=\"img-wrap align-center width-fixed\">\n<h6><strong>25 de outubro de 2018 \u2013 grupo Filhos do Janu\u00e1rio 3<\/strong><\/h6>\n<\/div>\n<h6><strong>Jerusa Viecili \u2013 14:45:52 \u2013<\/strong>Pessoal, desculpem voltar ao assunto (sou voto vencido), mas, somente esta semana, v\u00e1rias pessoas, inclusive alguns colegas e servidores, me questionaram a aus\u00eancia de manifesta\u00e7\u00e3o da FT diante de alguns posicionamentos dos candidatos \u00e0 presid\u00eancia. Fato \u00e9 que sempre nos posicionamos diante de v\u00e1rias amea\u00e7as ao nosso trabalho e, nos \u00faltimos dias, temos ficado silentes, mesmo com amea\u00e7as de candidatos \u00e0 independ\u00eancia do Minist\u00e9rio P\u00fablico (nomea\u00e7\u00e3o de PGR fora da lista tr\u00edplice) e \u00e0 liberdade de imprensa. Em outros tempos, por motivos outros, mas igualmente relevantes e perigosos, divulgamos nota, convocamos coletiva e amea\u00e7amos renunciar (!). Agora, jornalistas escrevem no Twitter que a LAVA JATO \u00e9 caso de desaparecido pol\u00edtico, pois j\u00e1 alcan\u00e7ou o que queria. Acho muito grave ficarmos em sil\u00eancio quando um dos candidatos manifesta-se contra a nomea\u00e7\u00e3o do PGR da lista tr\u00edplice, diante de quest\u00f5es ideol\u00f3gicas. Mais grave ainda, assistirmos passivamente, amea\u00e7as \u00e0 liberdade de imprensa quando n\u00f3s somos os primeiros a afirmar a import\u00e2ncia da imprensa para o sucesso da Lava Jato. Igualmente grave, candidatos divulgarem nomes de futuros ministros que s\u00e3o alvos de investiga\u00e7\u00f5es e processos por corrup\u00e7\u00e3o. Nossa omiss\u00e3o tamb\u00e9m tem peso e influ\u00eancia. Eu sinceramente n\u00e3o quero (e isso a penas a hist\u00f3ria dir\u00e1) que a Lava Jato seja vista, no futuro, como persegui\u00e7\u00e3o ao PT e, muito menos, como co-respons\u00e1vel pelos acontecimentos eleitorais de 2018. . . .<\/h6>\n<\/div>\n<\/section>\n<div data-reactid=\"250\">\n<p>Tr\u00eas horas depois, o procurador Paulo Roberto Galv\u00e3o disse no mesmo grupo: \u201cPessoal, n\u00f3s somos procuradores da Rep\u00fablica. Cumprimos a nossa fun\u00e7\u00e3o no combate \u00e0 corrup\u00e7\u00e3o, e n\u00e3o poder\u00edamos ter feito diferente, ainda que soub\u00e9ssemos que da\u00ed poderia advir um eleito antidemocr\u00e1tico (e sab\u00edamos pois estudamos e conhec\u00edamos o risco Berlusconi)\u201d. Para ele, a for\u00e7a-tarefa n\u00e3o poderia ser acusada de ter tentando influenciar as elei\u00e7\u00f5es presidenciais, porque s\u00f3 fez o seu trabalho. \u201cInfelizmente, Moro indiretamente e Carlos Fernando diretamente erraram ao deixar transparecer prefer\u00eancia (o primeiro) ou dizer abertamente de sua prefer\u00eancia (o segundo)\u201d, ponderou.<\/p>\n<p>Um dia depois, Jerusa Viecili insistiu no assunto: \u201cJ\u00e1 desvirtuam o que falamos contra a corrup\u00e7\u00e3o ser a favor do Bolsonaro. <img data-recalc-dims=\"1\" loading=\"lazy\" decoding=\"async\" src=\"https:\/\/i0.wp.com\/theintercept.imgix.net\/wp-uploads\/sites\/1\/2019\/06\/e1-1561753633.png?resize=25%2C25&#038;ssl=1\" alt=\"\" width=\"25\" height=\"25\" \/> mas n\u00e3o vou mais insistir. o fato \u00e9 que a FT sempre comentou tudo (desde busca e apreens\u00e3o em favela, lei de abuso de autoridade, anistia, indulto, panelinha, etc \u2026) e agora n\u00e3o comenta independencia do MP, liberdade de imprensa e <a data-tooltip=\"Mandado de busca e apreens\u00e3o\">BA<\/a> em universidade\u201d.<\/p>\n<\/div>\n<h3 id=\"two\" class=\"chapter chapter--toc-anchor chapter--without-number\" data-reactid=\"251\"><span class=\"chapter-title\" data-reactid=\"252\">MORO ASSUME, AS RECLAMA\u00c7\u00d5ES AUMENTAM<\/span><\/h3>\n<div data-reactid=\"253\">\n<div class=\"img-wrap align-bleed large-bleed width-auto\"><a href=\"https:\/\/i0.wp.com\/theintercept.imgix.net\/wp-uploads\/sites\/1\/2019\/06\/GettyImages-1056020228-1561751285.jpg?ssl=1\"><img data-recalc-dims=\"1\" height=\"150\" width=\"150\" decoding=\"async\" class=\"aligncenter size-thumbnail wp-image-256928\" src=\"https:\/\/i0.wp.com\/theintercept.imgix.net\/wp-uploads\/sites\/1\/2019\/06\/GettyImages-1056020228-1561751285.jpg?resize=150%2C150&#038;ssl=1\" alt=\"Sergio Moro encontra Jair Bolsonaro no dia 1\u00ba de novembro de 2018 na casa do rec\u00e9m-eleito presidente, no Rio de Janeiro.\" \/><\/a><\/div>\n<div><\/div>\n<\/div>\n<div class=\"PhotoGrid PhotoGrid--2-column PhotoGrid--large\" data-reactid=\"254\">\n<div class=\"PhotoGrid-rows\" data-reactid=\"255\">\n<div class=\"PhotoGrid-row PhotoGrid-row--2-of-2\" data-reactid=\"256\">\n<div class=\"PhotoGrid-cell PhotoGrid-cell--1\" data-reactid=\"257\"><img data-recalc-dims=\"1\" height=\"400\" width=\"600\" decoding=\"async\" class=\"PhotoGrid-photo\" src=\"https:\/\/i0.wp.com\/theintercept.com\/wp-uploads\/sites\/1\/2019\/06\/GettyImages-1056020290-1561751288-1000x667.jpg?resize=600%2C400&#038;ssl=1\" alt=\"Legenda.\" data-reactid=\"258\" \/><\/div>\n<div class=\"PhotoGrid-cell PhotoGrid-cell--2\" data-reactid=\"259\"><img data-recalc-dims=\"1\" height=\"400\" width=\"600\" decoding=\"async\" class=\"PhotoGrid-photo\" src=\"https:\/\/i0.wp.com\/theintercept.com\/wp-uploads\/sites\/1\/2019\/06\/GettyImages-1056020294-1561751613-1000x667.jpg?resize=600%2C400&#038;ssl=1\" alt=\"Legenda.\" data-reactid=\"260\" \/><\/div>\n<\/div>\n<\/div>\n<p class=\"PhotoGrid-description\" data-reactid=\"261\"><span class=\"PhotoGrid-description-caption\" data-reactid=\"262\">Sergio Moro sai de encontro com Jair Bolsonaro no dia 1\u00ba de novembro de 2018 na casa do rec\u00e9m-eleito presidente, no Rio de Janeiro.<\/span><span class=\"PhotoGrid-description-credit\" data-reactid=\"263\">Fotos: Mauro Pimentel\/AFP\/Getty Images<\/span><\/p>\n<\/div>\n<div data-reactid=\"264\">\n<p><u class=\"no-underline\">NA NOITE DO SEGUNDO TURNO<\/u>, antes de ser anunciado o resultado, procuradores da Lava Jato e outros membros do MPF se mostraram irritados no grupo <strong>BD<\/strong> com a esposa de Moro. Mesmo depois de o ex-juiz <a href=\"https:\/\/politica.estadao.com.br\/blogs\/fausto-macedo\/moro-sauda-bolsonaro-e-sugere-reformas-para-recuperar-a-integridade-da-administracao-publica\/\">j\u00e1 ter<\/a>\u201ccumpriment[ado] o eleito\u201d, Ros\u00e2ngela <a href=\"https:\/\/theintercept.com\/2018\/10\/30\/sergio-moro-criticas-parcialidade\/\">comemorou explicitamente a vit\u00f3ria de Bolsonaro em suas redes sociais<\/a>:<\/p>\n<\/div>\n<section class=\"section section--with-background\" data-reactid=\"265\">\n<div data-reactid=\"266\">\n<div class=\"img-wrap align-center width-fixed\">\n<h6><strong>28 de outubro de 2018 \u2013 grupo BD<\/strong><\/h6>\n<\/div>\n<h6><strong><a data-tooltip=\"Procurador-chefe do MPF no Par\u00e1.\">Alan Mansur PRPA<\/a> \u2013 20:21:05 \u2013<\/strong>Esposa de Moro comemorando a vit\u00f3ria de Bolso nas redes<\/h6>\n<h6><strong><a data-tooltip=\"Na \u00e9poca, presidente da Associa\u00e7\u00e3o Nacional dos Procuradores da Rep\u00fablica\">Jos\u00e9 Robalinho Cavalcanti<\/a> \u2013 20:21:29 \u2013<\/strong> Erro crasso.<\/h6>\n<h6><strong>Jos\u00e9 Robalinho Cavalcanti \u2013 20:22:09 \u2013<\/strong> Compromete moro. E muito<\/h6>\n<h6><strong><a data-tooltip=\"Procuradora da Rep\u00fablica da 3\u00aa Regi\u00e3o (Mato Grosso do Sul e S\u00e3o Paulo)\">Janice Agostinho Barreto Ascari<\/a>\u2013 20:25:30 \u2013<\/strong> Moro j\u00e1 cumprimentou o eleito. Como perde a chance de ficar de boa, pqp<\/h6>\n<h6><strong><a data-tooltip=\"Procurador da Rep\u00fablica da 2\u00aa Regi\u00e3o (Esp\u00edrito Santo e Rio de Janeiro).\">Luiz Fernando Lessa<\/a> \u2013 20:25:56 \u2013<\/strong> esse povo do interior<\/h6>\n<h6><strong>Luiz Fernando Lessa \u2013 20:26:02 \u2013<\/strong>\u00e9 muito simpl\u00f3rio<\/h6>\n<\/div>\n<\/section>\n<div data-reactid=\"267\">\n<p>Confirmada a vit\u00f3ria de Bolsonaro, o procurador Luiz Fernando Lessa ironizou a \u00e2nsia de Moro em fazer parte do governo. Ainda no grupo <strong>BD<\/strong>, ele se dirigiu ao ent\u00e3o presidente da Associa\u00e7\u00e3o Nacional de Procuradores da Rep\u00fablica, Jos\u00e9 Robalinho Cavalcanti: \u201cRobalinho, j\u00e1 tem lugar na posse, do lado do Mour\u00e3o? Com as tuas medalhas?\u201d<\/p>\n<div data-reactid=\"267\">\n<p>As cr\u00edticas \u00e0 parcialidade e ao partidarismo do juiz foram se intensificando \u00e0 medida que a especula\u00e7\u00e3o acerca de um cargo para Moro no governo Bolsonaro aumentava. Comentando <a href=\"https:\/\/www.oantagonista.com\/brasil\/lava-jato-no-poder\/\">uma postagem do site O Antagonista<\/a>, que tratava de uma suposta inten\u00e7\u00e3o de Bolsonaro de nomear Moro ao STF e integrar a for\u00e7a-tarefa ao governo sob um \u201cconselh\u00e3o\u201d a ser presidido por Deltan Dallagnol, o procurador Paulo Galv\u00e3o reclamou no grupo <strong>Filhos do Januario 3<\/strong>: \u201cimpressionante como toda vez que moro fala fora dos autos fala bobagem.\u201d Quando Laura Tessler respondeu com uma defesa moderada de Moro (\u201cEle quis estancar os boatos, mas sem fechar as portas\u201d), Jerusa Viecili respondeu: \u201co \u2018sem fechar as portas\u2019 \u00e9 que \u00e9 perigoso para um juiz.\u201d<\/p>\n<p>No dia 31 de outubro, v\u00e9spera do an\u00fancio, a preocupa\u00e7\u00e3o dos procuradores deu lugar \u00e0 raiva e at\u00e9 p\u00e2nico quando foi postado no grupo <strong>Winter is Coming<\/strong> um <a href=\"https:\/\/glo.bo\/2JrHJrR\">artigo de O Globo<\/a> com a not\u00edcia que Moro viajaria ao Rio de Janeiro para um encontro com Bolsonaro na casa do presidente rec\u00e9m-eleito. Enquanto o sempre leal Deltan defendia Moro sozinho, os outros procuradores manifestavam sua indigna\u00e7\u00e3o:<\/p>\n<\/div>\n<section class=\"section section--with-background\" data-reactid=\"268\">\n<div data-reactid=\"269\">\n<div class=\"img-wrap align-center width-fixed\">\n<h6><strong>31 de outubro de 2018 \u2013 Winter is Coming<\/strong><\/h6>\n<\/div>\n<h6><strong><a data-tooltip=\"Procuradora da Rep\u00fablica da 3\u00aa Regi\u00e3o (Mato Grosso do Sul e S\u00e3o Paulo)\">Janice Ascari<\/a> \u2013 08:06:11 \u2013<\/strong> Moro se perdeu na vaidade. Que pena.<\/h6>\n<h6><strong><a data-tooltip=\"Procurador da Procuradoria Regional da Rep\u00fablica da 4\u00aa Regi\u00e3o.\">Jo\u00e3o Carlos de Carvalho Rocha<\/a> \u2013 08:10:31 \u2013<\/strong> Ele se perdeu e pode levar a Lava Jato junto. Com essa ades\u00e3o ao governo eleito toda a opera\u00e7\u00e3o fica com cara de \u201cRep\u00fablica do Gale\u00e3o\u201d, uma das primeiras erup\u00e7\u00f5es do moralismo redentorista na pol\u00edtica brasileira e que plantou as sementes para o que veio dez anos depois.<\/h6>\n<\/div>\n<\/section>\n<div data-reactid=\"270\">\u00c0s 9h36, Ascari completaria, no mesmo grupo: \u201cSe Moro topar ser MJ, para mim ser\u00e1 a sinaliza\u00e7\u00e3o de estar de olho na pr\u00f3xima campanha presidencial.\u201dSimultaneamente, o assunto mobilizava o grupo <strong>Filhos do Januario 3<\/strong>.<\/div>\n<section class=\"section section--with-background\" data-reactid=\"271\">\n<div data-reactid=\"272\">\n<div class=\"img-wrap align-center width-fixed\">\n<h6><strong>31 de outubro de 2018 \u2013 Filhos do Januario 3<\/strong><\/h6>\n<\/div>\n<h6><strong>Jerusa Viecili \u2013 08:48:20 \u2013<\/strong> Espero que n\u00e3o seja verdade <img data-recalc-dims=\"1\" loading=\"lazy\" decoding=\"async\" src=\"https:\/\/i0.wp.com\/theintercept.imgix.net\/wp-uploads\/sites\/1\/2019\/06\/emoji3-1560087003.png?resize=25%2C25&#038;ssl=1\" alt=\"\" width=\"25\" height=\"25\" \/><\/h6>\n<h6><strong>Jerusa Viecili \u2013 08:48:20 \u2013<\/strong><a href=\"https:\/\/glo.bo\/2JrHJr\">https:\/\/glo.bo\/2JrHJrR<\/a><\/h6>\n<h6><strong>Deltan Dallagnol \u2013 08:51:47 \u2013<\/strong>\u00d3tima decis\u00e3o pras leni\u00eancias tb<\/h6>\n<h6><strong>Deltan Dallagnol \u2013 08:52:47 \u2013<\/strong> Ele vai checar l\u00e1. Ficou 1 ano sozinho. Acho que pessoal ser\u00e1 sens\u00edvel, mas veremos<\/h6>\n<h6><strong>Deltan Dallagnol \u2013 08:54:16 \u2013<\/strong>Acho que n\u00e3o vai converter nem desconverter ng do que j\u00e1 acha sobre a LJ, nesse ponto<\/h6>\n<h6><strong>Jerusa Viecili \u2013 08:55:38 \u2013<\/strong> N\u00e3o \u00e9 sobre converter as pessoas. \u00c9 sobre preservar a LJ.<\/h6>\n<h6><strong>Laura Tessler \u2013 08:57:25 \u2013<\/strong> Tb acho p\u00e9ssimo. MJ nem pensar\u2026 al\u00e9m de ele n\u00e3o ter poder para fazer mudan\u00e7as positivas, vai queimar a LJ. J\u00e1 tem gente falando que isso mostraria a parcialidade dele ao julgar o PT. E o discurso vai pegar. P\u00e9ssimo. E Bozo \u00e9 muito mal visto\u2026 se juntar a ele vai queimar o Moro<\/h6>\n<h6><strong>Jerusa Viecili \u2013 08:59:58 \u2013<\/strong> E queimando o moro queima a LJ<\/h6>\n<h6><strong>Isabel Groba \u2013 09:18:58 \u2013<\/strong> \u00c9 realmente p\u00e9ssimo. O nome da LJ n\u00e3o pode ser conspurcado.<\/h6>\n<h6><strong><a data-tooltip=\"Procurador da for\u00e7a-tarefa em Curitiba\">Andrey Mendon\u00e7a<\/a> \u2013 09:19:27 \u2013<\/strong>Para ministro do stf, acho otimo. Para ministro da justi\u00e7a acho que vai dar azo \u2013 com raz\u00e3o \u2013 a argumentos de politiza\u00e7\u00e3o da lava jato.<\/h6>\n<h6><strong>Andrey Mendon\u00e7a \u2013 09:20:24 \u2013<\/strong>Lembro de um promotor italiano em um artigo q falava sobre maos limpas. Terminava dizendo: e nunca entrem na pol\u00edtica<\/h6>\n<h6><strong>Isabel Groba \u2013 09:22:30 \u2013<\/strong> Isso! E pra ser Ministro do STF precisa abrir vaga. Ent\u00e3o, ainda que em futuro pr\u00f3ximo, isso ficaria para um momento posterior. E, depois, como Ministro pode recha\u00e7ar medidas reacion\u00e1rias que venham.<\/h6>\n<h6><strong>Isabel Groba \u2013 09:23:17 \u2013<\/strong> Como Ministro do STF<\/h6>\n<\/div>\n<\/section>\n<div data-reactid=\"273\">\u00c0 medida que apareciam na imprensa as not\u00edcias de que Moro estava negociando com Bolsonaro um superminist\u00e9rio com poderes expandidos, o procurador \u00c2ngelo Augusto Costa chamou a aten\u00e7\u00e3o do grupo <strong>BD<\/strong> para o precedente perigoso que estava sendo criado: \u201cN\u00e3o eh muita coisa? Acho que o pr\u00f3prio Bolsonaro vai ficar com medo. Rs. Isso sem falar de quem vem depois. Moro, ok, mas nada eh eterno. Esse super MJ pode virar uma m\u00e1quina de persegui\u00e7\u00e3o pol\u00edtica.\u201dMesmo os poucos defensores que o juiz ainda tinha passaram a admitir o que era antes impens\u00e1vel assim que a not\u00edcia de que ele havia aceitado o minist\u00e9rio se espalhou: as constantes reclama\u00e7\u00f5es do PT \u2013 de persegui\u00e7\u00e3o por parte da Lava Jato e de partidarismo e motiva\u00e7\u00e3o pol\u00edtica por parte de Moro \u2013 ganhariam credibilidade, e que todo o trabalho da Lava Jato seria contaminado pela aventura pol\u00edtica de Moro:<\/div>\n<section class=\"section section--with-background\" data-reactid=\"274\">\n<div data-reactid=\"275\">\n<div class=\"img-wrap align-center width-fixed\">\n<h6><strong>1\u00ba de novembro de 2018 \u2013 grupo BD<\/strong><\/h6>\n<\/div>\n<h6><strong>Monique Cheker \u2013 10:50:46 \u2013<\/strong> Um general da ativa n\u00e3o teria \u201cargumento de autoridade\u201d para atropelar o sistema acusat\u00f3rio. Moro far\u00e1 com diploma em Harvard e com o nome da lava jato.<\/h6>\n<h6><strong>Monique Cheker \u2013 10:51:23 \u2013<\/strong> Mas concordo com a fala de Robalinho de que j\u00e1 passamos coisas piores<\/h6>\n<h6><strong>Janice Ascari \u2013 10:55:15 \u2013<\/strong> Moro aceitou<\/h6>\n<h6><strong>Janice Ascari \u2013 10:55:19 \u2013<\/strong><a href=\"https:\/\/politica.estadao.com.br\/blogs\/fausto-macedo\/moro-aceita-ministerio\/?utm_source=twitter:newsfeed&amp;utm_medium=social-organic&amp;utm_campaign=redes-sociais:112018:e&amp;utm_content=:::&amp;utm_term=\">https:\/\/politica.estadao.com.br\/blogs\/fausto-macedo\/moro-aceita-ministerio\/?utm_source=twitter:newsfeed&amp;utm_medium=social-organic&amp;utm_campaign=redes-sociais:112018:e&amp;utm_content=:::&amp;utm_term=<\/a><\/h6>\n<h6><strong><a data-tooltip=\"Luiza Cristina Fonseca Frischeisen, subprocuradora-geral da Rep\u00fablica\">Luiza<\/a> \u2013 10:56:16 \u2013<\/strong> Moro aceitou<\/h6>\n<h6><strong>Alan Mansur \u2013 10:57:25 \u2013<\/strong>GloboNews diz que Moro aceitou e far\u00e1 uma nota daqui a pouco<\/h6>\n<h6><strong>Monique Cheker \u2013 11:00:03 \u2013<\/strong>Pessoal da AGU surtando\u2026<\/h6>\n<h6><strong>Monique Cheker \u2013 11:00:03 \u2013<\/strong>\u201c@onyxlorenzoni Deputado. A AGU \u00e9 fun\u00e7\u00e3o essencial \u00e0 Justi\u00e7a prevista na CF. N\u00e3o precisa ser vinculada a nenhum minist\u00e9rio. @jairbolsonaro\u201d<\/h6>\n<h6><strong>Monique Cheker \u2013 11:00:03 \u2013<\/strong> TT que est\u00e3o espalhando <img data-recalc-dims=\"1\" loading=\"lazy\" decoding=\"async\" src=\"https:\/\/i0.wp.com\/theintercept.imgix.net\/wp-uploads\/sites\/1\/2019\/06\/e6-1561753640.png?resize=25%2C25&#038;ssl=1\" alt=\"\" width=\"25\" height=\"25\" \/><\/h6>\n<h6><strong>\u00c2ngelo Augusto Costa \u2013 11:00:39 \u2013<\/strong> De alegria, n\u00e9?<\/h6>\n<h6><strong>\u00c2ngelo Augusto Costa \u2013 11:00:51 \u2013<\/strong> Pr\u00f3ximo passo eh lista tr\u00edplice<\/h6>\n<h6><strong>Alan Mansur \u2013 11:00:56 \u2013<\/strong> Tem toda a t\u00e9cnica e conhecimento para ser um excelente ministro da Justi\u00e7a. E tentar colocar em pr\u00e1tica tudo que ele acredita. Por\u00e9m, o fato de ter aceitado, neste momento, entrar na pol\u00edtica e desta forma, \u00e9 muito ruim pra imagem de imparcialidade do sistema de justi\u00e7a e MP em geral.<\/h6>\n<h6><strong>Alan Mansur \u2013 11:01:59 \u2013<\/strong> Ser\u00e1 ainda mais marcado por parcialidade. E sempre ficar\u00e1 o coment\u00e1rio, Moro fez tudo isso para assumir o poder.<\/h6>\n<h6><strong>Alan Mansur \u2013 11:02:46 \u2013<\/strong> Pelo lado da t\u00e9cnica, ele ser\u00e1 um excelente Ministro e acho que vai ajudar em muito a organiza\u00e7\u00e3o do sistema. Mas teremos que lidar com esta cr\u00edtica constante<\/h6>\n<\/div>\n<\/section>\n<div data-reactid=\"276\">\n<p>Minutos depois, os procuradores do grupo <strong>BD<\/strong> come\u00e7aram a se preocupar em como a nomea\u00e7\u00e3o de Moro serviria de muni\u00e7\u00e3o para o PT contra a Lava Jato. \u201cAcho que o PT deve estar em festa agora, para justificar todo o discurso deles\u201d, escreveu Alan Mansur. Peterson de Paula Pereira, procurador da Rep\u00fablica no Distrito Federal, disse que a decis\u00e3o de Moro mostrava como ele atuava contra o ex-presidente Lula: \u201cFica claro que ele tinha Lula como trof\u00e9u\u201d. Para Monique Cheker, o movimento do ex-juiz passava uma imagem de que ele estava fazendo uma \u201cescadinha\u201d pol\u00edtica com a Lava Jato:<\/p>\n<\/div>\n<section class=\"section section--with-background\" data-reactid=\"277\">\n<div data-reactid=\"278\">\n<div class=\"img-wrap align-center width-fixed\">\n<h6><strong>1\u00ba de novembro de 2018 \u2013 grupo BD<\/strong><\/h6>\n<\/div>\n<h6><strong>Monique Cheker \u2013 11:27:01 \u2013<\/strong>Diferente se fosse ao STF direto. Seria perfeito. Pol\u00edticos precisam obedecer prazos de desincompatibilidade. Por que n\u00e3o ju\u00edzes e membros do MP? O distanciamento \u00e9 importante numa rep\u00fablica. N\u00e3o basta ser honesto, tem que parecer honesto. Enfim.<\/h6>\n<h6><strong>Alan Mansur 11:28:04<\/strong> \u2013 [imagem n\u00e3o encontrada]<\/h6>\n<h6><strong>Monique Cheker \u2013 11:28:23 \u2013<\/strong> E a \u201cescadinha\u201d disso tudo foi terr\u00edvel: Moro ajudou a derrubar a esquerda, sua esposa fez propaganda para Bolsonaro e ele agora assume um cargo pol\u00edtico. N\u00e3o podemos olhar isso e achar natural <img data-recalc-dims=\"1\" loading=\"lazy\" decoding=\"async\" src=\"https:\/\/i0.wp.com\/theintercept.imgix.net\/wp-uploads\/sites\/1\/2019\/06\/e2-1561753635.png?resize=25%2C25&#038;ssl=1\" alt=\"\" width=\"25\" height=\"25\" \/><\/h6>\n<\/div>\n<\/section>\n<div data-reactid=\"279\">\n<p>Em 6 de novembro, dias depois de Moro ter aceitado o convite, mesmo Deltan Dallagnol, o procurador mais leal a Moro, confessou estar preocupado com os danos causados \u00e0 reputa\u00e7\u00e3o e \u00e0 credibilidade do trabalho realizado por cinco anos pela opera\u00e7\u00e3o Lava Jato. Ele e a procuradora Janice Ascari concordaram em uma conversa entre os dois que a conduta de Moro gerava \u201cuma preocupa\u00e7\u00e3o sobre alega\u00e7\u00f5es de parcialidade que vir\u00e3o\u201d. Mesmo assim, os dois continuariam a defend\u00ea-lo.<\/p>\n<\/div>\n<section class=\"section section--with-background\" data-reactid=\"280\">\n<div data-reactid=\"281\">\n<div class=\"img-wrap align-center width-fixed\">\n<h6><strong>6 de novembro de 2018 \u2013 chat privado<\/strong><\/h6>\n<\/div>\n<h6><strong>Deltan Dallagnol \u2013 11:50:41 \u2013<\/strong> Jan, n\u00e3o sei qual sua posi\u00e7\u00e3o sobre a sa\u00edda do Moro pro MJ, mas temos uma preocupa\u00e7\u00e3o sobre alega\u00e7\u00f5es de parcialidade que vir\u00e3o. N\u00e3o acredito que tenham fundamento, mas tenho medo do corpo que isso possa tomar na opini\u00e3 p\u00fablica. Na minha perspectiva pessoal, hoje, Moro e LJ est\u00e3o intimamente vinculados no imagin\u00e1rio social, ent\u00e3o defender o Moro \u00e9 defender a LJ e vice-versa. Ainda que eu tenha alguma pondera\u00e7\u00e3o pessoal sobre a sa\u00edda dele, que fiz diretamente a ele, \u00e9 algo que seria importante \u2013 se Vc concordar \u2013 defender\u2026 Quanto \u00e0 dela\u00e7\u00e3o do Palocci, tema em que podem entrar, expliquei essa quest\u00e3o na minha entrevista da Folha de umas semanas atr\u00e1s, n\u00e3o sei se chegou a ver, ent\u00e3o mando aqui\u2026 bjus<\/h6>\n<h6><a href=\"https:\/\/www1.folha.uol.com.br\/poder\/2018\/10\/deltan-dallagnol-critica-discurso-hipocrita-a-favor-da-lava-jato.shtml\">https:\/\/www1.folha.uol.com.br\/poder\/2018\/10\/deltan-dallagnol-critica-discurso-hipocrita-a-favor-da-lava-jato.shtml<\/a><\/h6>\n<h6><strong>Janice Ascari \u2013 12:55:05 \u2013<\/strong> Oi querido, nosso pensamento \u00e9 convergente. Tamb\u00e9m me preocupo com esse aspecto da parcialidade dele, porque p\u00f5e em d\u00favida, tamb\u00e9m, o trabalho do MPF. Pretendo, al\u00e9m de, claro, defender a LJ como sempre fa\u00e7o (at\u00e9 quando n\u00e3o concordo com algumas coisas rsrs), mostrar que o Minist\u00e9rio da Justi\u00e7a tem muita coisa com que se preocupar al\u00e9m da LJ, que continuar\u00e1 com Moro ou sem Moro.<\/h6>\n<\/div>\n<\/section>\n<div data-reactid=\"282\">Num outro grupo integrado por procuradores e assessores de imprensa da for\u00e7a-tarefa no Paran\u00e1, um dos jornalistas revela que Carlos Fernando dos Santos Lima \u201ctorcia\u201d para que Moro recusasse o convite do presidente de extrema-direita: \u201c<a data-tooltip=\"Carlos Fernando dos Santos Lima, ent\u00e3o procurador e integrante da Lava Jato no Paran\u00e1\">CF<\/a> mesmo, disse estar torcendo pra ele n\u00e3o aceitar\u201d. \u201cCreio que o que eu tinha para falar, j\u00e1 est\u00e1 falado. Agora \u00e9 rezar para que ele n\u00e3o aceite\u201d, prosseguiu Santos Lima, de acordo com o relato de seu assessor.Em resposta a nossos contatos, o porta-voz da for\u00e7a-tarefa da Lava Jato enviou o que j\u00e1 se tornou sua resposta padr\u00e3o, evitando qualquer coment\u00e1rio sobre o conte\u00fado da reportagem e preferindo insinuar falsa e levianamente que as conversas podem n\u00e3o ser aut\u00eanticas: \u201cO trecho do material enviado \u00e0 For\u00e7a-Tarefa n\u00e3o permite constatar o contexto e a veracidade do conte\u00fado. Autoridades p\u00fablicas foram alvo de ataque hacker criminoso, o que torna imposs\u00edvel aferir se houve edi\u00e7\u00f5es no material alegadamente obtido. A Lava Jato \u00e9 sustentada com base em provas robustas e em den\u00fancias consistentes, analisadas e validadas por diferentes inst\u00e2ncias do Judici\u00e1rio. Os integrantes da For\u00e7a-Tarefa pautam suas a\u00e7\u00f5es pessoais e profissionais pela \u00e9tica e pela legalidade.\u201dA procuradora Monique Cheker disse que \u201cn\u00e3o tem registro da mensagem enviada e, portanto, n\u00e3o reconhece a suposta manifesta\u00e7\u00e3o\u201d. \u201cA procuradora ainda afirma que s\u00e3o p\u00fablicas e not\u00f3rias as incont\u00e1veis manifesta\u00e7\u00f5es de apoio \u00e0 opera\u00e7\u00e3o Lava Jato e ao ent\u00e3o juiz S\u00e9rgio Moro\u201d, acrescentou sua assessoria. O procurador regional da Rep\u00fablica Luiz Fernando Lessa esclareceu que, desde recentes ataques ao Telegram, n\u00e3o possui mais o aplicativo nem as mensagens trocadas por meio dele, de modo que n\u00e3o reconhece as mensagens. Demais procuradores que n\u00e3o fazem parte da for\u00e7a-tarefa foram procurados e n\u00e3o responderam at\u00e9 a publica\u00e7\u00e3o deste texto. Eventuais coment\u00e1rios ser\u00e3o publicados se forem enviados ao Intercept.<\/p>\n<p>O <strong>Intercept<\/strong> publicou <a href=\"https:\/\/theintercept.com\/2019\/06\/09\/editorial-chats-telegram-lava-jato-moro\/\">a primeira reportagem sobre a #VazaJato<\/a> h\u00e1 menos de tr\u00eas semanas. Desde ent\u00e3o, o trabalho jornal\u00edstico realizado pelo Intercept \u2013 bem como pela <a href=\"https:\/\/www1.folha.uol.com.br\/poder\/2019\/06\/serie-de-reportagens-da-folha-explora-mensagens-obtidas-por-site-the-intercept-brasil.shtml\">Folha de S.Paulo<\/a> e <a href=\"https:\/\/noticias.band.uol.com.br\/noticias\/100000961446\/exclusivo-luiz-fux-disse-para-deltan-dallagnol-da-lava-jato-contar-com-ele.html\">pelo jornalista Reinaldo Azevedo<\/a>, da BandNews \u2013 demonstrou de forma clara que Sergio Moro violou repetidamente as normas \u00e9ticas da magistratura, n\u00e3o exercendo seu poder judicial \u201cpautado pela \u00e9tica e pela legalidade\u201d, mas cometendo diversos desvios \u00e9ticos e atropelando os procedimentos legais.<\/p>\n<p>Ao passo que essas revela\u00e7\u00f5es chocaram boa parte dos brasileiros, a imagem que emerge das conversas \u00e9 que, entre os procuradores, o comportamento anti\u00e9tico e politizado de Moro j\u00e1 era h\u00e1 muito conhecido. Quando ficou claro que os desvios de Moro poderiam causar preju\u00edzos ao trabalho da for\u00e7a-tarefa, os procuradores passar a expressar suas cr\u00edticas \u2013 ao menos quando pensavam estar falando de forma privada \u2013 de forma bastante clara, sincera e raivosa.<\/p>\n<\/div>\n<\/div>\n<\/section>\n","protected":false},"excerpt":{"rendered":"<p>Procuradores do Minist\u00e9rio P\u00fablico Federal, em mensagens privadas trocadas em grupos com integrantes da Lava Jato, criticaram Sergio Moro duramente pelo que consideraram uma agenda pessoal e pol\u00edtica do juiz. Eles foram al\u00e9m no decorrer e logo depois da campanha eleitoral de 2018: para os procuradores, Moro infringia sistematicamente os limites da magistratura para alcan\u00e7ar&#8230;<a class=\"more-link\" href=\"http:\/\/blogdalucianaoliveira.com.br\/blog\/2019\/06\/29\/22547\/\">Continue a leitura <span class=\"meta-nav\">&raquo;<\/span><\/a><\/p>\n","protected":false},"author":1,"featured_media":0,"comment_status":"closed","ping_status":"open","sticky":false,"template":"","format":"standard","meta":{"_exactmetrics_skip_tracking":false,"_exactmetrics_sitenote_active":false,"_exactmetrics_sitenote_note":"","_exactmetrics_sitenote_category":0,"jetpack_post_was_ever_published":false,"_jetpack_newsletter_access":"","_jetpack_dont_email_post_to_subs":false,"_jetpack_newsletter_tier_id":0,"_jetpack_memberships_contains_paywalled_content":false,"_jetpack_memberships_contains_paid_content":false,"footnotes":"","jetpack_publicize_message":"","jetpack_publicize_feature_enabled":true,"jetpack_social_post_already_shared":true,"jetpack_social_options":{"image_generator_settings":{"template":"highway","enabled":false},"version":2}},"categories":[1],"tags":[],"class_list":["post-22547","post","type-post","status-publish","format-standard","hentry","category-notas"],"jetpack_publicize_connections":[],"jetpack_sharing_enabled":true,"jetpack_featured_media_url":"","jetpack_shortlink":"https:\/\/wp.me\/s7wKYW-22547","jetpack-related-posts":[],"_links":{"self":[{"href":"http:\/\/blogdalucianaoliveira.com.br\/blog\/wp-json\/wp\/v2\/posts\/22547","targetHints":{"allow":["GET"]}}],"collection":[{"href":"http:\/\/blogdalucianaoliveira.com.br\/blog\/wp-json\/wp\/v2\/posts"}],"about":[{"href":"http:\/\/blogdalucianaoliveira.com.br\/blog\/wp-json\/wp\/v2\/types\/post"}],"author":[{"embeddable":true,"href":"http:\/\/blogdalucianaoliveira.com.br\/blog\/wp-json\/wp\/v2\/users\/1"}],"replies":[{"embeddable":true,"href":"http:\/\/blogdalucianaoliveira.com.br\/blog\/wp-json\/wp\/v2\/comments?post=22547"}],"version-history":[{"count":3,"href":"http:\/\/blogdalucianaoliveira.com.br\/blog\/wp-json\/wp\/v2\/posts\/22547\/revisions"}],"predecessor-version":[{"id":22551,"href":"http:\/\/blogdalucianaoliveira.com.br\/blog\/wp-json\/wp\/v2\/posts\/22547\/revisions\/22551"}],"wp:attachment":[{"href":"http:\/\/blogdalucianaoliveira.com.br\/blog\/wp-json\/wp\/v2\/media?parent=22547"}],"wp:term":[{"taxonomy":"category","embeddable":true,"href":"http:\/\/blogdalucianaoliveira.com.br\/blog\/wp-json\/wp\/v2\/categories?post=22547"},{"taxonomy":"post_tag","embeddable":true,"href":"http:\/\/blogdalucianaoliveira.com.br\/blog\/wp-json\/wp\/v2\/tags?post=22547"}],"curies":[{"name":"wp","href":"https:\/\/api.w.org\/{rel}","templated":true}]}}