{"id":22552,"date":"2019-06-29T08:22:52","date_gmt":"2019-06-29T12:22:52","guid":{"rendered":"http:\/\/blogdalucianaoliveira.com.br\/blog\/?p=22552"},"modified":"2019-06-29T08:22:52","modified_gmt":"2019-06-29T12:22:52","slug":"deltan-queria-acelerar-acoes-contra-jacques-wagner-em-2018-mostram-mensagens","status":"publish","type":"post","link":"http:\/\/blogdalucianaoliveira.com.br\/blog\/2019\/06\/29\/deltan-queria-acelerar-acoes-contra-jacques-wagner-em-2018-mostram-mensagens\/","title":{"rendered":"Deltan queria acelerar a\u00e7\u00f5es contra Jacques Wagner em 2018, mostram mensagens"},"content":{"rendered":"<p><img data-recalc-dims=\"1\" loading=\"lazy\" decoding=\"async\" data-attachment-id=\"22553\" data-permalink=\"http:\/\/blogdalucianaoliveira.com.br\/blog\/2019\/06\/29\/deltan-queria-acelerar-acoes-contra-jacques-wagner-em-2018-mostram-mensagens\/106bf811-e96d-4309-8b62-f974cd47b6a6\/\" data-orig-file=\"https:\/\/i0.wp.com\/blogdalucianaoliveira.com.br\/blog\/wp-content\/uploads\/2019\/06\/106BF811-E96D-4309-8B62-F974CD47B6A6.jpeg?fit=768%2C512\" data-orig-size=\"768,512\" data-comments-opened=\"0\" data-image-meta=\"{&quot;aperture&quot;:&quot;0&quot;,&quot;credit&quot;:&quot;&quot;,&quot;camera&quot;:&quot;&quot;,&quot;caption&quot;:&quot;&quot;,&quot;created_timestamp&quot;:&quot;0&quot;,&quot;copyright&quot;:&quot;&quot;,&quot;focal_length&quot;:&quot;0&quot;,&quot;iso&quot;:&quot;0&quot;,&quot;shutter_speed&quot;:&quot;0&quot;,&quot;title&quot;:&quot;&quot;,&quot;orientation&quot;:&quot;0&quot;}\" data-image-title=\"106BF811-E96D-4309-8B62-F974CD47B6A6\" data-image-description=\"\" data-image-caption=\"\" data-medium-file=\"https:\/\/i0.wp.com\/blogdalucianaoliveira.com.br\/blog\/wp-content\/uploads\/2019\/06\/106BF811-E96D-4309-8B62-F974CD47B6A6.jpeg?fit=300%2C200\" data-large-file=\"https:\/\/i0.wp.com\/blogdalucianaoliveira.com.br\/blog\/wp-content\/uploads\/2019\/06\/106BF811-E96D-4309-8B62-F974CD47B6A6.jpeg?fit=600%2C400\" src=\"https:\/\/i0.wp.com\/blogdalucianaoliveira.com.br\/blog\/wp-content\/uploads\/2019\/06\/106BF811-E96D-4309-8B62-F974CD47B6A6.jpeg?resize=600%2C400\" alt=\"106BF811-E96D-4309-8B62-F974CD47B6A6\" width=\"600\" height=\"400\" class=\"alignnone size-full wp-image-22553\" srcset=\"https:\/\/i0.wp.com\/blogdalucianaoliveira.com.br\/blog\/wp-content\/uploads\/2019\/06\/106BF811-E96D-4309-8B62-F974CD47B6A6.jpeg?w=768 768w, https:\/\/i0.wp.com\/blogdalucianaoliveira.com.br\/blog\/wp-content\/uploads\/2019\/06\/106BF811-E96D-4309-8B62-F974CD47B6A6.jpeg?resize=300%2C200 300w, https:\/\/i0.wp.com\/blogdalucianaoliveira.com.br\/blog\/wp-content\/uploads\/2019\/06\/106BF811-E96D-4309-8B62-F974CD47B6A6.jpeg?resize=450%2C300 450w\" sizes=\"auto, (max-width: 600px) 100vw, 600px\" \/><\/p>\n<p>Folha, por M\u00f4nica Bergamo &#8211; Conversas indicam que o procurador queria fazer busca e apreens\u00e3o sobre o pol\u00edtico por &#8216;quest\u00e3o simb\u00f3lica&#8217;<!--more--><\/p>\n<p>O procurador Deltan Dallagnol demonstrou, em di\u00e1logos com colegas da Lava Jato, em outubro de 2018, que era preciso acelerar a\u00e7\u00f5es contra o petista Jaques Wagner \u2014ele tinha acabado de se eleger senador pela Bahia e tomaria posse em fevereiro. Para Deltan, valeria fazer busca e apreens\u00e3o sobre o pol\u00edtico \u201cpor quest\u00e3o simb\u00f3lica\u201d.<\/p>\n<p>DE SA\u00cdDA\u2002<\/p>\n<p>Os di\u00e1logos est\u00e3o em arquivo obtido pelo site The Intercept Brasil. No dia em que ocorreram, 24 de outubro, o juiz Sergio Moro j\u00e1 era cotado para virar ministro de Jair Bolsonaro \u2014que disputava com Fernando Haddad (PT-SP) o segundo turno das elei\u00e7\u00f5es.<\/p>\n<p>\u00c9 PARA J\u00c1\u2002<\/p>\n<p>Em uma das conversas, Deltan pergunta: \u201cCaros, Jaques Wagner evoluiu? \u00c9 agora ou nunca&#8230; Temos alguma chance?\u201d.<\/p>\n<p>PEDRAS\u2002<\/p>\n<p>Um procurador identificado como Athayde (provavelmente Athayde Ribeiro Costa) responde: \u201cAs primeiras quebras em face dele n\u00e3o foram deferidas\u201d. Mas novos fatos surgiram e eles iriam \u201cpedir reconsidera\u00e7\u00e3o\u201d.<\/p>\n<p>PROCURA-SE\u2002<\/p>\n<p>\u201cIsso \u00e9 urgent\u00edssimo. Tipo agora ou nunca kkkkk\u201d, escreve Deltan. Athayde diz que \u201cisso n\u00e3o impactar\u00e1 o foro\u201d. Deltan responde: \u201cN\u00e3o impactar\u00e1, mas s\u00f3 podemos fazer BAs [opera\u00e7\u00f5es de busca e apreens\u00e3o] nele antes [da posse]\u201d.<\/p>\n<p>BIS\u2002<\/p>\n<p>Uma procuradora pondera que o petista j\u00e1 sofrera uma busca: \u201cNem sei se vale outra\u201d. Deltan responde: \u201cAcho que se tivermos coisa pra den\u00fancia, vale outra BA at\u00e9, por quest\u00e3o simb\u00f3lica\u201d. E completa: \u201cMas temos que ter um caso forte\u201d.<\/p>\n<p>QUE DEMAIS\u2002<\/p>\n<p>Athayde informa que seria \u201cmais f\u00e1cil\u201d Wagner aparecer \u201cforte\u201d em outro caso, e Deltan finaliza: \u201cIsso seria bom demais\u201d.<\/p>\n<p>INDIGNO\u2002<\/p>\n<p>A assessoria da Lava Jato diz que \u201co material n\u00e3o permite constatar o contexto e a veracidade do conte\u00fado. Os integrantes da for\u00e7a-tarefa pautam suas a\u00e7\u00f5es pessoais e profissionais pela \u00e9tica e pela legalidade. A investiga\u00e7\u00e3o, o pedido, a decis\u00e3o e a execu\u00e7\u00e3o de buscas e apreens\u00f5es demandam semanas ou meses o que torna indigna de credibilidade a suposta mensagem\u201d.<\/p>\n","protected":false},"excerpt":{"rendered":"<p>Folha, por M\u00f4nica Bergamo &#8211; Conversas indicam que o procurador queria fazer busca e apreens\u00e3o sobre o pol\u00edtico por &#8216;quest\u00e3o simb\u00f3lica&#8217;<\/p>\n","protected":false},"author":1,"featured_media":0,"comment_status":"closed","ping_status":"open","sticky":false,"template":"","format":"standard","meta":{"_exactmetrics_skip_tracking":false,"_exactmetrics_sitenote_active":false,"_exactmetrics_sitenote_note":"","_exactmetrics_sitenote_category":0,"jetpack_post_was_ever_published":false,"_jetpack_newsletter_access":"","_jetpack_dont_email_post_to_subs":false,"_jetpack_newsletter_tier_id":0,"_jetpack_memberships_contains_paywalled_content":false,"_jetpack_memberships_contains_paid_content":false,"footnotes":"","jetpack_publicize_message":"","jetpack_publicize_feature_enabled":true,"jetpack_social_post_already_shared":true,"jetpack_social_options":{"image_generator_settings":{"template":"highway","enabled":false},"version":2}},"categories":[1],"tags":[],"class_list":["post-22552","post","type-post","status-publish","format-standard","hentry","category-notas"],"jetpack_publicize_connections":[],"jetpack_sharing_enabled":true,"jetpack_featured_media_url":"","jetpack_shortlink":"https:\/\/wp.me\/p7wKYW-5RK","jetpack-related-posts":[],"_links":{"self":[{"href":"http:\/\/blogdalucianaoliveira.com.br\/blog\/wp-json\/wp\/v2\/posts\/22552","targetHints":{"allow":["GET"]}}],"collection":[{"href":"http:\/\/blogdalucianaoliveira.com.br\/blog\/wp-json\/wp\/v2\/posts"}],"about":[{"href":"http:\/\/blogdalucianaoliveira.com.br\/blog\/wp-json\/wp\/v2\/types\/post"}],"author":[{"embeddable":true,"href":"http:\/\/blogdalucianaoliveira.com.br\/blog\/wp-json\/wp\/v2\/users\/1"}],"replies":[{"embeddable":true,"href":"http:\/\/blogdalucianaoliveira.com.br\/blog\/wp-json\/wp\/v2\/comments?post=22552"}],"version-history":[{"count":1,"href":"http:\/\/blogdalucianaoliveira.com.br\/blog\/wp-json\/wp\/v2\/posts\/22552\/revisions"}],"predecessor-version":[{"id":22554,"href":"http:\/\/blogdalucianaoliveira.com.br\/blog\/wp-json\/wp\/v2\/posts\/22552\/revisions\/22554"}],"wp:attachment":[{"href":"http:\/\/blogdalucianaoliveira.com.br\/blog\/wp-json\/wp\/v2\/media?parent=22552"}],"wp:term":[{"taxonomy":"category","embeddable":true,"href":"http:\/\/blogdalucianaoliveira.com.br\/blog\/wp-json\/wp\/v2\/categories?post=22552"},{"taxonomy":"post_tag","embeddable":true,"href":"http:\/\/blogdalucianaoliveira.com.br\/blog\/wp-json\/wp\/v2\/tags?post=22552"}],"curies":[{"name":"wp","href":"https:\/\/api.w.org\/{rel}","templated":true}]}}