{"id":22558,"date":"2019-06-29T09:38:13","date_gmt":"2019-06-29T13:38:13","guid":{"rendered":"http:\/\/blogdalucianaoliveira.com.br\/blog\/?p=22558"},"modified":"2019-06-29T09:38:13","modified_gmt":"2019-06-29T13:38:13","slug":"bozo-e-mal-visto-a-procuradora-laura-tessler-foi-afastada-a-mando-de-moro-por-motivos-politicos","status":"publish","type":"post","link":"http:\/\/blogdalucianaoliveira.com.br\/blog\/2019\/06\/29\/bozo-e-mal-visto-a-procuradora-laura-tessler-foi-afastada-a-mando-de-moro-por-motivos-politicos\/","title":{"rendered":"\u201cBozo \u00e9 mal visto\u201d: a procuradora Laura Tessler foi afastada a mando de Moro por motivos pol\u00edticos?"},"content":{"rendered":"<p><img data-recalc-dims=\"1\" loading=\"lazy\" decoding=\"async\" data-attachment-id=\"22559\" data-permalink=\"http:\/\/blogdalucianaoliveira.com.br\/blog\/2019\/06\/29\/bozo-e-mal-visto-a-procuradora-laura-tessler-foi-afastada-a-mando-de-moro-por-motivos-politicos\/d7252f79-6412-4947-84d4-06b5150edae4\/\" data-orig-file=\"https:\/\/i0.wp.com\/blogdalucianaoliveira.com.br\/blog\/wp-content\/uploads\/2019\/06\/D7252F79-6412-4947-84D4-06B5150EDAE4.jpeg?fit=600%2C400\" data-orig-size=\"600,400\" data-comments-opened=\"0\" data-image-meta=\"{&quot;aperture&quot;:&quot;0&quot;,&quot;credit&quot;:&quot;&quot;,&quot;camera&quot;:&quot;&quot;,&quot;caption&quot;:&quot;&quot;,&quot;created_timestamp&quot;:&quot;0&quot;,&quot;copyright&quot;:&quot;&quot;,&quot;focal_length&quot;:&quot;0&quot;,&quot;iso&quot;:&quot;0&quot;,&quot;shutter_speed&quot;:&quot;0&quot;,&quot;title&quot;:&quot;&quot;,&quot;orientation&quot;:&quot;0&quot;}\" data-image-title=\"D7252F79-6412-4947-84D4-06B5150EDAE4\" data-image-description=\"\" data-image-caption=\"\" data-medium-file=\"https:\/\/i0.wp.com\/blogdalucianaoliveira.com.br\/blog\/wp-content\/uploads\/2019\/06\/D7252F79-6412-4947-84D4-06B5150EDAE4.jpeg?fit=300%2C200\" data-large-file=\"https:\/\/i0.wp.com\/blogdalucianaoliveira.com.br\/blog\/wp-content\/uploads\/2019\/06\/D7252F79-6412-4947-84D4-06B5150EDAE4.jpeg?fit=600%2C400\" src=\"https:\/\/i0.wp.com\/blogdalucianaoliveira.com.br\/blog\/wp-content\/uploads\/2019\/06\/D7252F79-6412-4947-84D4-06B5150EDAE4.jpeg?resize=600%2C400\" alt=\"D7252F79-6412-4947-84D4-06B5150EDAE4\" width=\"600\" height=\"400\" class=\"alignnone size-full wp-image-22559\" srcset=\"https:\/\/i0.wp.com\/blogdalucianaoliveira.com.br\/blog\/wp-content\/uploads\/2019\/06\/D7252F79-6412-4947-84D4-06B5150EDAE4.jpeg?w=600 600w, https:\/\/i0.wp.com\/blogdalucianaoliveira.com.br\/blog\/wp-content\/uploads\/2019\/06\/D7252F79-6412-4947-84D4-06B5150EDAE4.jpeg?resize=300%2C200 300w, https:\/\/i0.wp.com\/blogdalucianaoliveira.com.br\/blog\/wp-content\/uploads\/2019\/06\/D7252F79-6412-4947-84D4-06B5150EDAE4.jpeg?resize=450%2C300 450w\" sizes=\"auto, (max-width: 600px) 100vw, 600px\" \/><\/p>\n<p>DCM &#8211; A nova leva de mensagens entre procuradores da Lava Jato divulgada na noite passada pelo site The Intercept traz mais di\u00e1logos envolvendo a procuradora Laura Tessler.<!--more--><\/p>\n<p>Sua conversa com a colega Jerusa Viecili indica que ela n\u00e3o aprovava os m\u00e9todos adotados por Sergio Moro e n\u00e3o via com bons olhos o aceite do juiz em fazer parte do futuro governo como ministro.<\/p>\n<p>Laura tamb\u00e9m revela que n\u00e3o tinha nenhuma simpatia pelo Bozo, a quem se refere exatamente assim.<\/p>\n<p>\u201cOk, manterei sim, obrigado!\u201d, respondeu o escudeiro.<\/p>\n<p>N\u00e3o coincidentemente, Laura foi afastada.<\/p>\n<p>Os trechos de conversa agora revelados confirmam que Laura n\u00e3o gostava muito da panelinha em torno de Sergio Moro e menos ainda do que j\u00e1 intu\u00eda estar por vir.<\/p>\n<p>\u201cTb acho p\u00e9ssimo. MJ (Minist\u00e9rio da Justi\u00e7a) nem pensar\u2026 al\u00e9m de ele n\u00e3o ter poder para fazer mudan\u00e7as positivas, vai queimar a LJ (Lava Jato). J\u00e1 tem gente falando que isso mostraria a parcialidade dele ao julgar o PT. E o discurso vai pegar. P\u00e9ssimo. E Bozo \u00e9 muito mal visto\u2026 se juntar a ele vai queimar o Moro\u201d, escreveu ela em resposta a Jerusa Viecili, que havia se manifestado igualmente contr\u00e1ria.<\/p>\n<p>Isso aconteceu no dia 31 de outubro.<\/p>\n<p>No dia seguinte, o pa\u00eds inteiro ficou sabendo que Moro seria mesmo nomeado ministro e as conversas no grupo de Telegram escancaram que procuradores j\u00e1 n\u00e3o o tinham em boa conta.<\/p>\n<p>\u201cCara, eu n\u00e3o confio no Moro, n\u00e3o\u201d, escreveu \u00c2ngelo Augusto Costa.<\/p>\n<p>\u201cIncompat\u00edvel com a postura de Juiz\u201d, mandou Ant\u00f4nio Carlos Welter.<\/p>\n<p>O afastamento de Laura Tessler evidencia que Moro s\u00f3 desejava pitbulls ao seu lado. Laura nem pode ser considerada \u201cimparcial\u201d. Quando do pedido da imprensa para entrevistar Lula, ela escreveu:<\/p>\n<p>\u201cSei l\u00e1\u2026 Mas uma coletiva antes do segundo turno pode eleger o Haddad\u201d.<\/p>\n<p>N\u00e3o d\u00e1 para ser classificada de petista, certo?<\/p>\n<p>Talvez ela s\u00f3 desejasse andar um pouquinho mais dentro da lei, menos abra\u00e7ada com algum projeto de poder.<\/p>\n<p>Isso desagradava Moro.<\/p>\n","protected":false},"excerpt":{"rendered":"<p>DCM &#8211; A nova leva de mensagens entre procuradores da Lava Jato divulgada na noite passada pelo site The Intercept traz mais di\u00e1logos envolvendo a procuradora Laura Tessler.<\/p>\n","protected":false},"author":1,"featured_media":0,"comment_status":"closed","ping_status":"open","sticky":false,"template":"","format":"standard","meta":{"_exactmetrics_skip_tracking":false,"_exactmetrics_sitenote_active":false,"_exactmetrics_sitenote_note":"","_exactmetrics_sitenote_category":0,"jetpack_post_was_ever_published":false,"_jetpack_newsletter_access":"","_jetpack_dont_email_post_to_subs":false,"_jetpack_newsletter_tier_id":0,"_jetpack_memberships_contains_paywalled_content":false,"_jetpack_memberships_contains_paid_content":false,"footnotes":"","jetpack_publicize_message":"","jetpack_publicize_feature_enabled":true,"jetpack_social_post_already_shared":true,"jetpack_social_options":{"image_generator_settings":{"template":"highway","enabled":false},"version":2}},"categories":[1],"tags":[],"class_list":["post-22558","post","type-post","status-publish","format-standard","hentry","category-notas"],"jetpack_publicize_connections":[],"jetpack_sharing_enabled":true,"jetpack_featured_media_url":"","jetpack_shortlink":"https:\/\/wp.me\/p7wKYW-5RQ","jetpack-related-posts":[],"_links":{"self":[{"href":"http:\/\/blogdalucianaoliveira.com.br\/blog\/wp-json\/wp\/v2\/posts\/22558","targetHints":{"allow":["GET"]}}],"collection":[{"href":"http:\/\/blogdalucianaoliveira.com.br\/blog\/wp-json\/wp\/v2\/posts"}],"about":[{"href":"http:\/\/blogdalucianaoliveira.com.br\/blog\/wp-json\/wp\/v2\/types\/post"}],"author":[{"embeddable":true,"href":"http:\/\/blogdalucianaoliveira.com.br\/blog\/wp-json\/wp\/v2\/users\/1"}],"replies":[{"embeddable":true,"href":"http:\/\/blogdalucianaoliveira.com.br\/blog\/wp-json\/wp\/v2\/comments?post=22558"}],"version-history":[{"count":1,"href":"http:\/\/blogdalucianaoliveira.com.br\/blog\/wp-json\/wp\/v2\/posts\/22558\/revisions"}],"predecessor-version":[{"id":22560,"href":"http:\/\/blogdalucianaoliveira.com.br\/blog\/wp-json\/wp\/v2\/posts\/22558\/revisions\/22560"}],"wp:attachment":[{"href":"http:\/\/blogdalucianaoliveira.com.br\/blog\/wp-json\/wp\/v2\/media?parent=22558"}],"wp:term":[{"taxonomy":"category","embeddable":true,"href":"http:\/\/blogdalucianaoliveira.com.br\/blog\/wp-json\/wp\/v2\/categories?post=22558"},{"taxonomy":"post_tag","embeddable":true,"href":"http:\/\/blogdalucianaoliveira.com.br\/blog\/wp-json\/wp\/v2\/tags?post=22558"}],"curies":[{"name":"wp","href":"https:\/\/api.w.org\/{rel}","templated":true}]}}