{"id":2256,"date":"2016-07-11T17:57:43","date_gmt":"2016-07-11T21:57:43","guid":{"rendered":"http:\/\/blogdalucianaoliveira.com.br\/blog\/?p=2256"},"modified":"2016-07-11T17:57:43","modified_gmt":"2016-07-11T21:57:43","slug":"amdepro-leva-assistencia-juridica-a-comunidades-carentes-do-baixo-madeira-no-doutores-sem-fronteiras","status":"publish","type":"post","link":"http:\/\/blogdalucianaoliveira.com.br\/blog\/2016\/07\/11\/amdepro-leva-assistencia-juridica-a-comunidades-carentes-do-baixo-madeira-no-doutores-sem-fronteiras\/","title":{"rendered":"Amdepro leva assist\u00eancia jur\u00eddica a comunidades carentes do Baixo Madeira, no Doutores Sem Fronteiras"},"content":{"rendered":"<p><img data-recalc-dims=\"1\" loading=\"lazy\" decoding=\"async\" data-attachment-id=\"2257\" data-permalink=\"http:\/\/blogdalucianaoliveira.com.br\/blog\/2016\/07\/11\/amdepro-leva-assistencia-juridica-a-comunidades-carentes-do-baixo-madeira-no-doutores-sem-fronteiras\/image-508\/\" data-orig-file=\"https:\/\/i0.wp.com\/blogdalucianaoliveira.com.br\/blog\/wp-content\/uploads\/2016\/07\/image-60.jpeg?fit=768%2C518\" data-orig-size=\"768,518\" data-comments-opened=\"0\" data-image-meta=\"{&quot;aperture&quot;:&quot;0&quot;,&quot;credit&quot;:&quot;&quot;,&quot;camera&quot;:&quot;&quot;,&quot;caption&quot;:&quot;&quot;,&quot;created_timestamp&quot;:&quot;0&quot;,&quot;copyright&quot;:&quot;&quot;,&quot;focal_length&quot;:&quot;0&quot;,&quot;iso&quot;:&quot;0&quot;,&quot;shutter_speed&quot;:&quot;0&quot;,&quot;title&quot;:&quot;&quot;,&quot;orientation&quot;:&quot;0&quot;}\" data-image-title=\"image\" data-image-description=\"\" data-image-caption=\"\" data-medium-file=\"https:\/\/i0.wp.com\/blogdalucianaoliveira.com.br\/blog\/wp-content\/uploads\/2016\/07\/image-60.jpeg?fit=300%2C202\" data-large-file=\"https:\/\/i0.wp.com\/blogdalucianaoliveira.com.br\/blog\/wp-content\/uploads\/2016\/07\/image-60.jpeg?fit=600%2C405\" src=\"https:\/\/i0.wp.com\/blogdalucianaoliveira.com.br\/blog\/wp-content\/uploads\/2016\/07\/image-60.jpeg?resize=600%2C405\" alt=\"image\" width=\"600\" height=\"405\" class=\"alignnone size-full wp-image-2257\" srcset=\"https:\/\/i0.wp.com\/blogdalucianaoliveira.com.br\/blog\/wp-content\/uploads\/2016\/07\/image-60.jpeg?w=768 768w, https:\/\/i0.wp.com\/blogdalucianaoliveira.com.br\/blog\/wp-content\/uploads\/2016\/07\/image-60.jpeg?resize=300%2C202 300w, https:\/\/i0.wp.com\/blogdalucianaoliveira.com.br\/blog\/wp-content\/uploads\/2016\/07\/image-60.jpeg?resize=445%2C300 445w\" sizes=\"auto, (max-width: 600px) 100vw, 600px\" \/><\/p>\n<p>Melhorar a vida das pessoas, esse \u00e9 um dos objetivos do projeto \u2018Doutores Sem Fronteiras\u2019, que ir\u00e1 atuar na Reserva Extrativista (Resex) do Lago do Cuni\u00e3 e no distrito de Nazar\u00e9, comunidades do Baixo Madeira, em Porto Velho. <!--more--><\/p>\n<p>A a\u00e7\u00e3o ter\u00e1 a participa\u00e7\u00e3o da Associa\u00e7\u00e3o dos Membros da Defensoria P\u00fablica de Rond\u00f4nia (Amdepro), que foi convidada como entidade de classe, representando os defensores p\u00fablicos e para levar assist\u00eancia jur\u00eddica \u00e0 popula\u00e7\u00e3o carente. Contando com o apoio da Defensoria P\u00fablica do Estado (DPE-RO) e do Corpo de Bombeiros, que cedeu um barco e pessoal para pilotar, o presidente da Amdepro, Bruno Balb\u00e9, ir\u00e1 percorrer as \u00e1guas do Rio Madeira, em meio \u00e0 Floresta Amaz\u00f4nica, na pr\u00f3xima quinta-feira (14), para chegar at\u00e9 o local.<\/p>\n<p>\u201cA Amdepro vai levar ao conhecimento destas comunidades o entendimento de que existe algu\u00e9m olhando juridicamente por elas, mesmo nos lugares mais long\u00ednquos do nosso estado. N\u00f3s vamos prestar orienta\u00e7\u00f5es jur\u00eddicas, mas se for necess\u00e1ria \u00e0 propositura de alguma a\u00e7\u00e3o judicial, iremos levar equipamentos para digitalizar e tirar c\u00f3pias da documenta\u00e7\u00e3o das pessoas, para propor a a\u00e7\u00e3o no Poder Judici\u00e1rio em Porto Velho\u201d, afirma Bruno.<\/p>\n<p>O presidente da Amdepro tamb\u00e9m explica que a Defensoria tem outras atribui\u00e7\u00f5es extrajudiciais. A entidade pode fazer acordos, que possuem for\u00e7a de t\u00edtulo extrajudicial. Declara\u00e7\u00f5es de uni\u00e3o est\u00e1vel para pessoas que precisam de documento dizendo que elas s\u00e3o conviventes tamb\u00e9m poder\u00e3o ser feitas.<\/p>\n<p>Outras a\u00e7\u00f5es<br \/>\nOutra atribui\u00e7\u00e3o da Defensoria P\u00fablica \u00e9 a educa\u00e7\u00e3o em direitos. Dessa forma, o presidente da Amdepro pretende ir \u00e0s escolas para expor o que \u00e9 a Defensoria. \u201cQueremos falar sobre o que s\u00e3o os direitos fundamentais, al\u00e9m de direitos do consumidor, direito \u00e0 sa\u00fade, como recorrer ao judici\u00e1rio, o que a Justi\u00e7a pode fazer por aquelas pessoas e mostrar a Defensoria como um meio de se alcan\u00e7ar a Justi\u00e7a\u201d, completa.<\/p>\n<p><img data-recalc-dims=\"1\" loading=\"lazy\" decoding=\"async\" data-attachment-id=\"2258\" data-permalink=\"http:\/\/blogdalucianaoliveira.com.br\/blog\/2016\/07\/11\/amdepro-leva-assistencia-juridica-a-comunidades-carentes-do-baixo-madeira-no-doutores-sem-fronteiras\/image-509\/\" data-orig-file=\"https:\/\/i0.wp.com\/blogdalucianaoliveira.com.br\/blog\/wp-content\/uploads\/2016\/07\/image-61.jpeg?fit=768%2C432\" data-orig-size=\"768,432\" data-comments-opened=\"0\" data-image-meta=\"{&quot;aperture&quot;:&quot;0&quot;,&quot;credit&quot;:&quot;&quot;,&quot;camera&quot;:&quot;&quot;,&quot;caption&quot;:&quot;&quot;,&quot;created_timestamp&quot;:&quot;0&quot;,&quot;copyright&quot;:&quot;&quot;,&quot;focal_length&quot;:&quot;0&quot;,&quot;iso&quot;:&quot;0&quot;,&quot;shutter_speed&quot;:&quot;0&quot;,&quot;title&quot;:&quot;&quot;,&quot;orientation&quot;:&quot;0&quot;}\" data-image-title=\"image\" data-image-description=\"\" data-image-caption=\"\" data-medium-file=\"https:\/\/i0.wp.com\/blogdalucianaoliveira.com.br\/blog\/wp-content\/uploads\/2016\/07\/image-61.jpeg?fit=300%2C169\" data-large-file=\"https:\/\/i0.wp.com\/blogdalucianaoliveira.com.br\/blog\/wp-content\/uploads\/2016\/07\/image-61.jpeg?fit=600%2C338\" src=\"https:\/\/i0.wp.com\/blogdalucianaoliveira.com.br\/blog\/wp-content\/uploads\/2016\/07\/image-61.jpeg?resize=600%2C338\" alt=\"image\" width=\"600\" height=\"338\" class=\"alignnone size-full wp-image-2258\" srcset=\"https:\/\/i0.wp.com\/blogdalucianaoliveira.com.br\/blog\/wp-content\/uploads\/2016\/07\/image-61.jpeg?w=768 768w, https:\/\/i0.wp.com\/blogdalucianaoliveira.com.br\/blog\/wp-content\/uploads\/2016\/07\/image-61.jpeg?resize=300%2C169 300w, https:\/\/i0.wp.com\/blogdalucianaoliveira.com.br\/blog\/wp-content\/uploads\/2016\/07\/image-61.jpeg?resize=533%2C300 533w\" sizes=\"auto, (max-width: 600px) 100vw, 600px\" \/><\/p>\n<p>Projeto<br \/>\nAo todo, o \u2018Doutores Sem Fronteiras\u2019 acontece entre os dias 10 e 25 de julho. Profissionais ir\u00e3o realizar diversos atendimentos odontol\u00f3gicos, al\u00e9m da assist\u00eancia jur\u00eddica, que ficar\u00e1 a cargo dos defensores p\u00fablicos participantes. \u201cEm raz\u00e3o disso, a Amdepro solicitou o apoio da Defensoria P\u00fablica, que cedeu o defensor para unir as duas entidades e fazer a Defensoria presente, onde as pessoas mais precisam: em locais que t\u00eam a popula\u00e7\u00e3o mais necessitada. Sabe-se que l\u00e1 \u00e9 uma popula\u00e7\u00e3o muito carente. Carente de tudo, principalmente de assist\u00eancia jur\u00eddica e a Defensoria vai se fazer presente l\u00e1\u201d, explica Bruno.<\/p>\n<p>No total, o grupo do \u2018Doutores Sem Fronteiras\u2019 ser\u00e1 formado por aproximadamente 20 profissionais. O criador do projeto, cirurgi\u00e3o dentista Caio Machado, lembra que essa ser\u00e1 a terceira vez que a iniciativa chega a Rond\u00f4nia. \u201cAcredito que n\u00f3s profissionais da sa\u00fade temos o dever e a obriga\u00e7\u00e3o de ajudarmos as pessoas carentes, utilizando nossos conhecimentos pr\u00e1ticos e te\u00f3ricos, sem pedirmos nada em troca. Fico feliz de ver que o projeto poder\u00e1 aumentar seu leque de atendimentos \u00e0 popula\u00e7\u00e3o ribeirinha\u201d, afirma, destacando que o \u2018Doutores Sem Fronteiras\u2019 vem crescendo a cada ano, com a filosofia de ajudar pessoas e chamar a aten\u00e7\u00e3o do Poder P\u00fablico.<\/p>\n<p>Os atendimentos na \u00e1rea odontol\u00f3gica v\u00e3o acontecer com tratamentos de canal, cirurgias, restaura\u00e7\u00f5es, implantes dent\u00e1rios, al\u00e9m de a\u00e7\u00f5es focadas na preven\u00e7\u00e3o.<\/p>\n<p>Voltando para a parte jur\u00eddica, os anseios coletivos e individuais da comunidade tamb\u00e9m ser\u00e3o atendidos. \u201cNo \u00e2mbito coletivo, por exemplo, poderemos verificar como a sa\u00fade est\u00e1 chegando \u00e0quela popula\u00e7\u00e3o, se tem m\u00e9dicos, se est\u00e1 faltando rem\u00e9dio, se tem meios para os atendimentos serem realizados, entre outros pontos. E na educa\u00e7\u00e3o, queremos olhar se est\u00e1 faltando professores, se tem transporte para as crian\u00e7as irem \u00e0s escolas, porque \u00e9 tudo via fluvial. Em suma, a Defensoria estar\u00e1 l\u00e1 em loco para verificar todas essas quest\u00f5es\u201d, conta Bruno que ir\u00e1 ficar no Baixo Madeira at\u00e9 o pr\u00f3ximo dia 17.<\/p>\n<p>Fonte: Amdepro<\/p>\n","protected":false},"excerpt":{"rendered":"<p>Melhorar a vida das pessoas, esse \u00e9 um dos objetivos do projeto \u2018Doutores Sem Fronteiras\u2019, que ir\u00e1 atuar na Reserva Extrativista (Resex) do Lago do Cuni\u00e3 e no distrito de Nazar\u00e9, comunidades do Baixo Madeira, em Porto Velho.<\/p>\n","protected":false},"author":1,"featured_media":0,"comment_status":"closed","ping_status":"open","sticky":false,"template":"","format":"standard","meta":{"_exactmetrics_skip_tracking":false,"_exactmetrics_sitenote_active":false,"_exactmetrics_sitenote_note":"","_exactmetrics_sitenote_category":0,"jetpack_post_was_ever_published":false,"_jetpack_newsletter_access":"","_jetpack_dont_email_post_to_subs":false,"_jetpack_newsletter_tier_id":0,"_jetpack_memberships_contains_paywalled_content":false,"_jetpack_memberships_contains_paid_content":false,"footnotes":"","jetpack_publicize_message":"","jetpack_publicize_feature_enabled":true,"jetpack_social_post_already_shared":true,"jetpack_social_options":{"image_generator_settings":{"template":"highway","enabled":false},"version":2}},"categories":[1],"tags":[],"class_list":["post-2256","post","type-post","status-publish","format-standard","hentry","category-notas"],"jetpack_publicize_connections":[],"jetpack_sharing_enabled":true,"jetpack_featured_media_url":"","jetpack_shortlink":"https:\/\/wp.me\/p7wKYW-Ao","jetpack-related-posts":[],"_links":{"self":[{"href":"http:\/\/blogdalucianaoliveira.com.br\/blog\/wp-json\/wp\/v2\/posts\/2256","targetHints":{"allow":["GET"]}}],"collection":[{"href":"http:\/\/blogdalucianaoliveira.com.br\/blog\/wp-json\/wp\/v2\/posts"}],"about":[{"href":"http:\/\/blogdalucianaoliveira.com.br\/blog\/wp-json\/wp\/v2\/types\/post"}],"author":[{"embeddable":true,"href":"http:\/\/blogdalucianaoliveira.com.br\/blog\/wp-json\/wp\/v2\/users\/1"}],"replies":[{"embeddable":true,"href":"http:\/\/blogdalucianaoliveira.com.br\/blog\/wp-json\/wp\/v2\/comments?post=2256"}],"version-history":[{"count":1,"href":"http:\/\/blogdalucianaoliveira.com.br\/blog\/wp-json\/wp\/v2\/posts\/2256\/revisions"}],"predecessor-version":[{"id":2259,"href":"http:\/\/blogdalucianaoliveira.com.br\/blog\/wp-json\/wp\/v2\/posts\/2256\/revisions\/2259"}],"wp:attachment":[{"href":"http:\/\/blogdalucianaoliveira.com.br\/blog\/wp-json\/wp\/v2\/media?parent=2256"}],"wp:term":[{"taxonomy":"category","embeddable":true,"href":"http:\/\/blogdalucianaoliveira.com.br\/blog\/wp-json\/wp\/v2\/categories?post=2256"},{"taxonomy":"post_tag","embeddable":true,"href":"http:\/\/blogdalucianaoliveira.com.br\/blog\/wp-json\/wp\/v2\/tags?post=2256"}],"curies":[{"name":"wp","href":"https:\/\/api.w.org\/{rel}","templated":true}]}}