{"id":22574,"date":"2019-06-30T08:56:14","date_gmt":"2019-06-30T12:56:14","guid":{"rendered":"http:\/\/blogdalucianaoliveira.com.br\/blog\/?p=22574"},"modified":"2019-06-30T08:56:14","modified_gmt":"2019-06-30T12:56:14","slug":"nova-bomba-lava-jato-desconfiou-de-empreiteiro-pivo-da-prisao-de-lula-indicam-mensagens","status":"publish","type":"post","link":"http:\/\/blogdalucianaoliveira.com.br\/blog\/2019\/06\/30\/nova-bomba-lava-jato-desconfiou-de-empreiteiro-pivo-da-prisao-de-lula-indicam-mensagens\/","title":{"rendered":"Nova bomba: Lava Jato desconfiou de empreiteiro piv\u00f4 da pris\u00e3o de Lula, indicam mensagens"},"content":{"rendered":"<p><img data-recalc-dims=\"1\" loading=\"lazy\" decoding=\"async\" data-attachment-id=\"22575\" data-permalink=\"http:\/\/blogdalucianaoliveira.com.br\/blog\/2019\/06\/30\/nova-bomba-lava-jato-desconfiou-de-empreiteiro-pivo-da-prisao-de-lula-indicam-mensagens\/e3b06f01-871b-4138-844d-591b5e9862a7\/\" data-orig-file=\"https:\/\/i0.wp.com\/blogdalucianaoliveira.com.br\/blog\/wp-content\/uploads\/2019\/06\/E3B06F01-871B-4138-844D-591B5E9862A7.jpeg?fit=750%2C472\" data-orig-size=\"750,472\" data-comments-opened=\"0\" data-image-meta=\"{&quot;aperture&quot;:&quot;0&quot;,&quot;credit&quot;:&quot;&quot;,&quot;camera&quot;:&quot;&quot;,&quot;caption&quot;:&quot;&quot;,&quot;created_timestamp&quot;:&quot;0&quot;,&quot;copyright&quot;:&quot;&quot;,&quot;focal_length&quot;:&quot;0&quot;,&quot;iso&quot;:&quot;0&quot;,&quot;shutter_speed&quot;:&quot;0&quot;,&quot;title&quot;:&quot;&quot;,&quot;orientation&quot;:&quot;0&quot;}\" data-image-title=\"E3B06F01-871B-4138-844D-591B5E9862A7\" data-image-description=\"\" data-image-caption=\"\" data-medium-file=\"https:\/\/i0.wp.com\/blogdalucianaoliveira.com.br\/blog\/wp-content\/uploads\/2019\/06\/E3B06F01-871B-4138-844D-591B5E9862A7.jpeg?fit=300%2C189\" data-large-file=\"https:\/\/i0.wp.com\/blogdalucianaoliveira.com.br\/blog\/wp-content\/uploads\/2019\/06\/E3B06F01-871B-4138-844D-591B5E9862A7.jpeg?fit=600%2C378\" class=\"alignnone size-full wp-image-22575\" src=\"https:\/\/i0.wp.com\/blogdalucianaoliveira.com.br\/blog\/wp-content\/uploads\/2019\/06\/E3B06F01-871B-4138-844D-591B5E9862A7.jpeg?resize=600%2C378\" alt=\"E3B06F01-871B-4138-844D-591B5E9862A7\" width=\"600\" height=\"378\" srcset=\"https:\/\/i0.wp.com\/blogdalucianaoliveira.com.br\/blog\/wp-content\/uploads\/2019\/06\/E3B06F01-871B-4138-844D-591B5E9862A7.jpeg?w=750 750w, https:\/\/i0.wp.com\/blogdalucianaoliveira.com.br\/blog\/wp-content\/uploads\/2019\/06\/E3B06F01-871B-4138-844D-591B5E9862A7.jpeg?resize=300%2C189 300w, https:\/\/i0.wp.com\/blogdalucianaoliveira.com.br\/blog\/wp-content\/uploads\/2019\/06\/E3B06F01-871B-4138-844D-591B5E9862A7.jpeg?resize=477%2C300 477w\" sizes=\"auto, (max-width: 600px) 100vw, 600px\" \/><\/p>\n<p>Ex-presidente da OAS que incriminou l\u00edder petista no caso do tr\u00edplex foi tratado com descr\u00e9dito ao negociar dela\u00e7\u00e3o premiada<!--more--><\/p>\n<p>Folha e The Intercept Brasil<br \/>\nS\u00c3O PAULO e BRAS\u00cdLIA<\/p>\n<p>O empreiteiro que incriminou o ex-presidente Luiz In\u00e1cio Lula da Silva (PT) no caso que o levou \u00e0 pris\u00e3o foi tratado com desconfian\u00e7a pela Opera\u00e7\u00e3o Lava Jato durante quase todo o tempo em que se disp\u00f4s a colaborar com as investiga\u00e7\u00f5es, segundo mensagens privadas trocadas entre procuradores envolvidos com as negocia\u00e7\u00f5es.<\/p>\n<p>Enviadas por uma fonte an\u00f4nima ao The Intercept Brasil e <a href=\"https:\/\/www1.folha.uol.com.br\/poder\/2019\/06\/serie-de-reportagens-da-folha-explora-mensagens-obtidas-por-site-the-intercept-brasil.shtml\">analisadas pela <strong>Folha<\/strong> e pelo site<\/a>, as mensagens indicam que L\u00e9o Pinheiro, ex-presidente da construtora OAS, s\u00f3 passou a ser considerado merecedor de cr\u00e9dito ap\u00f3s mudar diversas vezes sua vers\u00e3o sobre o apartamento tr\u00edplex de Guaruj\u00e1 (SP) que a empresa afirmou ter reformado para o l\u00edder petista.<\/p>\n<div>\n<div class=\"widget-image\">\n<figure><img data-recalc-dims=\"1\" decoding=\"async\" class=\"img-responsive\" src=\"https:\/\/i0.wp.com\/f.i.uol.com.br\/fotografia\/2018\/05\/15\/15264046565afb163026191_1526404656_3x2_md.jpg?w=600&#038;ssl=1\" sizes=\"(min-width: 1024px) 68vw, 100vw\" srcset=\"https:\/\/f.i.uol.com.br\/fotografia\/2018\/05\/15\/15264046565afb163026191_1526404656_3x2_th.jpg 100w, https:\/\/f.i.uol.com.br\/fotografia\/2018\/05\/15\/15264046565afb163026191_1526404656_3x2_sm.jpg 480w, https:\/\/f.i.uol.com.br\/fotografia\/2018\/05\/15\/15264046565afb163026191_1526404656_3x2_md.jpg 768w, https:\/\/f.i.uol.com.br\/fotografia\/2018\/05\/15\/15264046565afb163026191_1526404656_3x2_lg.jpg 1024w, https:\/\/f.i.uol.com.br\/fotografia\/2018\/05\/15\/15264046565afb163026191_1526404656_3x2_xl.jpg 1200w, https:\/\/f.i.uol.com.br\/fotografia\/2018\/05\/15\/15264046565afb163026191_1526404656_3x2_rt.jpg 2400w\" alt=\"Edif\u00edcio Solaris, em Guaruj\u00e1 (SP), onde est\u00e1 o apartamento tr\u00edplex atribu\u00eddo a Lula\" \/><figcaption class=\"widget-image__subtitle\">Edif\u00edcio Solaris, em Guaruj\u00e1 (SP), onde est\u00e1 o apartamento tr\u00edplex atribu\u00eddo a Lula &#8211; <span class=\"widget-image__credits\">Nelson Almeida &#8211; 16.abr.18\/AFP<\/span><\/figcaption><\/figure>\n<\/div>\n<\/div>\n<p>\u201cSobre o Lula eles n\u00e3o queriam trazer nem o apt. Guaruja\u201d, escreveu o promotor S\u00e9rgio Bruno Cabral Fernandes a outros integrantes da equipe que negociou com os advogados da OAS em agosto de 2016, numa discuss\u00e3o sobre a dela\u00e7\u00e3o no aplicativo Telegram. \u201cDiziam q n\u00e3o tinha crime.\u201d<\/p>\n<div class=\"js-continue-reading-content-hidden\">\n<p>L\u00e9o Pinheiro s\u00f3 <a href=\"https:\/\/www1.folha.uol.com.br\/poder\/2017\/04\/1877330-leo-pinheiro-diz-que-lula-pediu-para-ele-destruir-provas-de-propina.shtml\">apresentou a vers\u00e3o que incriminou Lula<\/a> em abril de 2017, mais de um ano depois do in\u00edcio das negocia\u00e7\u00f5es com a Lava Jato, quando foi interrogado pelo ent\u00e3o juiz Sergio Moro no processo do tr\u00edplex e disse que a reforma do apartamento era parte dos acertos que fizera com o PT para garantir contratos da OAS com a Petrobras.<\/p>\n<p>Os di\u00e1logos examinados pela <strong>Folha<\/strong> e pelo Intercept ajudam a entender por que as negocia\u00e7\u00f5es da dela\u00e7\u00e3o da empreiteira, at\u00e9 hoje n\u00e3o conclu\u00eddas, foram t\u00e3o acidentadas \u2014e sugerem que o depoimento sobre Lula e o tr\u00edplex foi decisivo para que os procuradores voltassem a conversar com Pinheiro, meses depois de <a href=\"https:\/\/www1.folha.uol.com.br\/poder\/2016\/06\/1776913-delacao-de-socio-da-oas-trava-apos-ele-inocentar-lula.shtml\">rejeitar sua primeira proposta de acordo<\/a>.<\/p>\n<p>Os advogados da OAS abriram negocia\u00e7\u00f5es com a Lava Jato em fevereiro de 2016. Nessa \u00e9poca, as investiga\u00e7\u00f5es sobre as rela\u00e7\u00f5es de Lula com as empreiteiras estavam avan\u00e7ando, e os procuradores j\u00e1 tinham muitas informa\u00e7\u00f5es sobre o tr\u00edplex e as obras executadas pela OAS e pela Odebrecht num s\u00edtio que o l\u00edder petista frequentava em\u00a0Atibaia (SP).<\/p>\n<p>L\u00e9o Pinheiro j\u00e1 havia sido condenado por Moro por ter pago propina a dirigentes da Petrobras e recorria em liberdade, mas temia ser preso se a apela\u00e7\u00e3o fosse rejeitada pelo Tribunal Regional Federal da 4\u00aa Regi\u00e3o, onde os processos de Curitiba s\u00e3o revistos.<\/p>\n<p>O empreiteiro foi recebido com ceticismo desde o in\u00edcio. \u201cA primeira not\u00edcia de vers\u00e3o do LP [L\u00e9o Pinheiro] sobre o s\u00edtio j\u00e1 \u00e9 bem contr\u00e1ria ao que apuramos aqui\u201d, disse um dos procuradores, Paulo Roberto Galv\u00e3o, no in\u00edcio de mar\u00e7o. \u201cEstamos abertos a ouvir a proposta da empresa mas n\u00e3o nos comprometemos com nada.\u201d<\/p>\n<hr \/>\n<h3 class=\"c-news__subtitle\">RESUMO DOS VAZAMENTOS EM 3 PONTOS<\/h3>\n<ol>\n<li><a href=\"https:\/\/www1.folha.uol.com.br\/poder\/2019\/06\/site-publica-mensagens-que-mostram-colaboracao-entre-moro-e-deltan-na-lava-jato.shtml\">Mensagens reveladas pelo site\u00a0The\u00a0Intercept\u00a0Brasil\u00a0<\/a>indicam troca de colabora\u00e7\u00e3o entre Moro, ent\u00e3o juiz, e\u00a0Deltan, procurador e coordenador da for\u00e7a-tarefa da Lava Jato.<\/li>\n<li><a href=\"https:\/\/www1.folha.uol.com.br\/poder\/2019\/06\/entenda-vazamento-de-conversa-entre-moro-e-deltan-e-impacto-para-a-lava-jato.shtml\">Segundo a lei<\/a>, o juiz n\u00e3o pode auxiliar ou aconselhar nenhuma das partes do processo<\/li>\n<li><a href=\"https:\/\/www1.folha.uol.com.br\/poder\/2019\/06\/entenda-vazamento-de-conversa-entre-moro-e-deltan-e-impacto-para-a-lava-jato.shtml\">Vazamento pode levar \u00e0 anula\u00e7\u00e3o de condena\u00e7\u00f5es proferidas por Moro<\/a>, caso haja entendimento que ele era suspeito (comprometido com uma das partes).\u00a0<a href=\"https:\/\/www1.folha.uol.com.br\/poder\/2019\/06\/supremo-decide-manter-lula-preso-e-voltara-ao-caso-no-segundo-semestre.shtml\">Isso inclui o julgamento do ex-presidente Lula<\/a><\/li>\n<\/ol>\n<hr \/>\n<p>Em abril, ap\u00f3s analisar relatos anexados \u00e0 primeira proposta entregue pelos advogados da OAS, outro integrante da for\u00e7a-tarefa de Curitiba, Janu\u00e1rio Paludo, disse aos colegas que achava o esfor\u00e7o in\u00fatil.<\/p>\n<p>\u201cTem que prender Leo Pinheiro. Eles falam pouco\u201d, escreveu. \u201cMe parece que n\u00e3o est\u00e1 valendo a pena.\u201d<\/p>\n<p>Uma pessoa que acompanhou as conversas da OAS com a Lava Jato na \u00e9poca disse \u00e0 <strong>Folha<\/strong> que, inicialmente, L\u00e9o Pinheiro descreveu o tr\u00edplex como um presente que oferecera a Lula sem pedir nada em troca. Segundo essa pessoa, a insatisfa\u00e7\u00e3o dos procuradores o levou a mudar sua vers\u00e3o pelo menos duas vezes at\u00e9 chegar \u00e0quela adotada em 2017.<\/p>\n<p>As mensagens analisadas pela <strong>Folha<\/strong> e pelo Intercept mostram que os relatos apresentados pela empreiteira sofreram v\u00e1rias altera\u00e7\u00f5es at\u00e9 que os procuradores aceitassem assinar um termo de confidencialidade com os advogados, passo essencial para que as negocia\u00e7\u00f5es avan\u00e7assem.<\/p>\n<p>Mas os ajustes feitos pela OAS pareciam sempre insuficientes. \u201cNa \u00faltima reuni\u00e3o dissemos que eles precisariam melhor[ar] consideravelmente os anexos\u201d, disse o procurador Roberson Pozzobon aos colegas em julho, quando se preparavam para um novo encontro com os representantes da empresa.<\/p>\n<p>\u201cOs anexos que a OAS entregou hoje s\u00e3o muito semelhantes \u00c0queles que a carol enviou antes aqui\u201d, escreveu a procuradora Jerusa Viecili no Telegram ap\u00f3s a reuni\u00e3o. \u201cS\u00f3 h\u00e1 alguns anexos novos.\u201d<\/p>\n<p>Embora apontassem v\u00e1rias omiss\u00f5es nos relatos entregues pela empreiteira, os procuradores achavam que conseguiriam mais informa\u00e7\u00f5es quando pudessem entrevistar seus executivos, e por esse motivo continuaram dando corda aos advogados.<\/p>\n<p>Mas havia muita especula\u00e7\u00e3o sobre a dela\u00e7\u00e3o da OAS na imprensa e os vazamentos incomodavam os negociadores, que os atribu\u00edam a uma estrat\u00e9gia dos advogados para despertar interesse pela proposta e torn\u00e1-la irrecus\u00e1vel para o Minist\u00e9rio P\u00fablico.<\/p>\n<p>O mais rumoroso desses vazamentos <a href=\"https:\/\/www1.folha.uol.com.br\/poder\/2016\/08\/1805759-procuradoria-diz-que-negociacao-de-delacao-com-leo-pinheiro-esta-rompida.shtml\">teve efeito contr\u00e1rio<\/a> aos interesses da empreiteira. Em agosto, uma reportagem da revista Veja apontou o ministro Dias Toffoli, do Supremo Tribunal Federal, como um dos citados pelos delatores e despertou fortes rea\u00e7\u00f5es da corte, <a href=\"https:\/\/www1.folha.uol.com.br\/poder\/2016\/08\/1805759-procuradoria-diz-que-negociacao-de-delacao-com-leo-pinheiro-esta-rompida.shtml\">obrigando a Lava Jato a recuar<\/a>.<\/p>\n<p>Segundo L\u00e9o Pinheiro, a empreiteira tinha participado de uma reforma na casa de Toffoli em Bras\u00edlia, mas os servi\u00e7os tinham sido executados por outra construtora indicada pela OAS, e o ministro pagara a conta.<\/p>\n<p>As mensagens obtidas pelo Intercept indicam que os advogados da empresa mencionaram o assunto aos procuradores, mas n\u00e3o tinham apresentado at\u00e9 ent\u00e3o nenhum relato sobre Toffoli por escrito. \u201cFicou na promessa\u201d, escreveu S\u00e9rgio Bruno aos colegas depois do vazamento. \u201cAcho q n\u00e3o ser\u00e1 nada consistente.\u201d<\/p>\n<p>Ap\u00f3s o vazamento, os procuradores cogitaram a possibilidade de que o advogado de L\u00e9o Pinheiro, Jos\u00e9 Luis Oliveira Lima, tivesse inclu\u00eddo entre os documentos entregues \u00e0 for\u00e7a-tarefa um cap\u00edtulo sobre o tema sem avisar, mas a suspeita n\u00e3o se confirmou.<\/p>\n<p>Outro advogado na linha de frente da defesa do OAS, Bruno Brasil, tamb\u00e9m era alvo de suspeitas. Ele fora citado em investiga\u00e7\u00f5es sobre corrup\u00e7\u00e3o no Superior Tribunal de Justi\u00e7a, e os procuradores desconfiavam que pudesse estar envolvido em crimes cometidos pelos executivos da OAS.<\/p>\n<p>Com os procuradores sentindo-se enganados pelos advogados, e para evitar um atrito que poderia levar o STF a tomar medidas para frear o avan\u00e7o das investiga\u00e7\u00f5es, a Procuradoria-Geral da Rep\u00fablica decidiu ent\u00e3o suspender as negocia\u00e7\u00f5es com a OAS.<\/p>\n<p>Alguns se opuseram \u00e0 decis\u00e3o. Chefe da for\u00e7a-tarefa de Curitiba, o procurador Deltan Dallagnol temia perder informa\u00e7\u00f5es que a empreiteira prometia entregar sobre suas rela\u00e7\u00f5es com pol\u00edticos tucanos em S\u00e3o Paulo e Minas Gerais. \u201cAt\u00e9 fecharmos algo bom do PSDB, n\u00e3o d\u00e1 pra descartar\u201d, escreveu.<\/p>\n<p>Outros preferiam n\u00e3o correr os riscos de uma a\u00e7\u00e3o do Supremo contra a opera\u00e7\u00e3o. \u201cOs anexos da OAS n\u00e3o valem isso\u201d, escreveu a procuradora Anna Carolina Resende Maia Garcia no Telegram. \u201cNa minha visao, s\u00e3o muito ruins, o adv Eh mal car\u00e1ter e L\u00e9o Pinheiro Eh o empreiteiro com mais prova contra si.\u201d<\/p>\n<p>Um novo vazamento abortou de vez o processo. Dias ap\u00f3s a suspens\u00e3o das negocia\u00e7\u00f5es, a revista Veja divulgou o conte\u00fado de sete dos anexos que a empresa havia apresentado aos procuradores e afirmou que a empresa revelara a exist\u00eancia de uma conta clandestina para fazer pagamentos a Lula.<\/p>\n<p>As mensagens obtidas pelo Intercept mostram que os procuradores ficaram furiosos com o vazamento, especialmente porque n\u00e3o havia nos relatos da empresa nenhuma men\u00e7\u00e3o \u00e0 conta. &#8220;Nunca falaram de conta&#8221;, afirmou S\u00e9rgio Bruno aos colegas.<\/p>\n<p>Uma semana depois, Moro mandou prender L\u00e9o Pinheiro por causa de um dos inqu\u00e9ritos que envolviam o ex-presidente da OAS e as negocia\u00e7\u00f5es de sua dela\u00e7\u00e3o ficaram congeladas por meses.<\/p>\n<p>A Procuradoria-Geral da Rep\u00fablica e a for\u00e7a-tarefa de Curitiba aceitaram retom\u00e1-las em mar\u00e7o de 2017, quando o processo aberto para examinar o caso do tr\u00edplex estava se aproximando do fim e L\u00e9o Pinheiro se preparava para ser interrogado por Moro.<\/p>\n<p>Em seu depoimento, em 24 de abril, o empreiteiro afirmou que tinha uma conta informal para administrar acertos com o PT, introduzindo pela primeira vez o tema em sua vers\u00e3o. Al\u00e9m disso, acusou Lula de orient\u00e1-lo a destruir provas de sua rela\u00e7\u00e3o com o partido ap\u00f3s o in\u00edcio da Lava Jato.<\/p>\n<p>O depoimento foi decisivo para o desfecho do caso do tr\u00edplex, porque permitiu a Moro conectar o apartamento \u00e0 corrup\u00e7\u00e3o na Petrobras, justificando assim a condena\u00e7\u00e3o do ex-presidente Lula pelos crimes de corrup\u00e7\u00e3o passiva e lavagem de dinheiro.<\/p>\n<p>Mensagens trocadas por Deltan com seus colegas e Moro nessa \u00e9poca, publicadas pelo Intercept no in\u00edcio do m\u00eas, revelam que a for\u00e7a-tarefa se preocupava com a fragilidade dos elementos que tinha para estabelecer essa conex\u00e3o, essencial para que o caso ficasse em Curitiba e fosse julgado por Moro.<\/p>\n<p>As mensagens examinadas pela <strong>Folha<\/strong> e pelo Intercept mostram que os procuradores voltaram a conversar com L\u00e9o Pinheiro sobre sua dela\u00e7\u00e3o premiada semanas depois do depoimento, em maio.<\/p>\n<p>No m\u00eas seguinte, o Minist\u00e9rio P\u00fablico pediu a Moro que reduzisse pela metade a pena do empreiteiro no caso do tr\u00edplex, como pr\u00eamio pela colabora\u00e7\u00e3o no processo. Em julho, o juiz o condenou a 10 anos e 8 meses de pris\u00e3o, mas o autorizou a sair quando completasse 2 anos e 6 meses atr\u00e1s das grades.<\/p>\n<p>Pinheiro continuava sendo alvo de desconfian\u00e7as dos procuradores que negociavam sua dela\u00e7\u00e3o. &#8220;Leo parece que est\u00e1 escondendo fatos tamb\u00e9m&#8221;, escreveu a procuradora Jerusa Viecili aos colegas em agosto. Ela achava estranho o fato de que ningu\u00e9m nunca falara em destrui\u00e7\u00e3o de provas antes do empreiteiro.<\/p>\n<p>Para Deltan, havia tamb\u00e9m o risco de um acordo com L\u00e9o Pinheiro, com redu\u00e7\u00e3o de pena e outros benef\u00edcios em troca de sua coopera\u00e7\u00e3o, ser interpretado como concess\u00e3o indevida. &#8220;N\u00e3o pode parecer um pr\u00eamio pela condena\u00e7\u00e3o do Lula&#8221;, disse o chefe da for\u00e7a-tarefa aos colegas em julho.<\/p>\n<p>As negocia\u00e7\u00f5es se arrastaram por meses at\u00e9 que um acordo fosse fechado, no fim de 2018. Ele foi assinado pelos procuradores e pelo colaborador, mas at\u00e9 hoje a procuradora-geral da Rep\u00fablica, Raquel Dodge, n\u00e3o o encaminhou ao STF para que seja homologado. Pinheiro continua preso em Curitiba.<\/p>\n<h3 class=\"c-news__subtitle\">OUTRO LADO<\/h3>\n<p>A for\u00e7a-tarefa da Opera\u00e7\u00e3o Lava Jato em Curitiba afirma que o material apresentado pela reportagem n\u00e3o permite constatar o contexto e a veracidade do conte\u00fado.<\/p>\n<p>\u201cA Lava Jato \u00e9 sustentada com base em provas robustas e em den\u00fancias consistentes. O trabalho da for\u00e7a-tarefa foi analisado e validado por diferentes inst\u00e2ncias do Judici\u00e1rio, de modo imparcial e independente\u201d, afirmou o \u00f3rg\u00e3o em nota enviada pela assessoria de imprensa.<\/p>\n<p>\u201cNo caso de integrantes da OAS, as negocia\u00e7\u00f5es foram conduzidas por muitos procuradores que atuavam na Procuradoria-Geral da Rep\u00fablica e na for\u00e7a-tarefa da Lava Jato, que sempre pautam suas a\u00e7\u00f5es pessoais e profissionais pela \u00e9tica e pela legalidade\u201d, completou a nota.<\/p>\n<p>Procurada pela reportagem na tarde de sexta (28), a Procuradoria-Geral da Rep\u00fablica n\u00e3o se manifestou sobre as mensagens.<\/p>\n<p>O criminalista Jos\u00e9 Luis Oliveira Lima negou que tenha promovido vazamentos e disse que sua atua\u00e7\u00e3o n\u00e3o justifica a desconfian\u00e7a dos procuradores no processo de negocia\u00e7\u00e3o da dela\u00e7\u00e3o da OAS.<\/p>\n<p>\u201c\u00c9 importante registrar que a PGR jamais apontou a defesa de L\u00e9o Pinheiro como autora de qualquer vazamento ou quebra de confian\u00e7a, tanto que quando as negocia\u00e7\u00f5es foram retomadas os mesmos advogados permaneceram \u00e0 frente das tratativas\u201d, disse.<\/p>\n<p>O advogado Bruno Brasil disse que n\u00e3o se manifestaria.<\/p>\n<h3 class=\"c-news__subtitle\">REPORTAGEM<\/h3>\n<p>Esta \u00e9 a segunda de uma <a href=\"https:\/\/www1.folha.uol.com.br\/poder\/2019\/06\/serie-de-reportagens-da-folha-explora-mensagens-obtidas-por-site-the-intercept-brasil.shtml\">s\u00e9rie de reportagens que a <strong>Folha<\/strong><\/a> planeja produzir com base nas mensagens trocadas pelos procuradores da for\u00e7a-tarefa da Opera\u00e7\u00e3o Lava Jato nos \u00faltimos anos e obtidas pelo site The Intercept Brasil.<\/p>\n<p>O site permitiu que a <strong>Folha<\/strong> tivesse acesso ao acervo, que diz ter recebido de uma fonte an\u00f4nima h\u00e1 semanas. A Pol\u00edcia Federal abriu inqu\u00e9ritos para investigar suspeitas de ataques de hackers a telefones de procuradores e do ministro Sergio Moro (Justi\u00e7a).<\/p>\n<p>Nos \u00faltimos dias, rep\u00f3rteres do jornal e do site trabalharam lado a lado, pesquisando as mensagens e analisando seu conte\u00fado.<\/p>\n<p>Como o material \u00e9 muito vasto, os jornalistas t\u00eam dedicado bastante tempo para analisar os di\u00e1logos, examinar o contexto das discuss\u00f5es nos v\u00e1rios grupos de mensagens e checar as informa\u00e7\u00f5es encontradas para verificar a consist\u00eancia do material obtido pelo Intercept.<\/p>\n<p>O pacote re\u00fane mensagens privadas trocadas pelos procuradores em v\u00e1rios grupos no aplicativo Telegram desde 2014, incluindo di\u00e1logos com Moro, que foi o juiz respons\u00e1vel pelos processos da Lava Jato em Curitiba at\u00e9 2018.<\/p>\n<p>Al\u00e9m das mensagens, o acervo inclui \u00e1udios, v\u00eddeos, fotos e documentos compartilhados no aplicativo.<\/p>\n<p>Ao examinar o material, a reportagem da <strong>Folha<\/strong><a href=\"https:\/\/www1.folha.uol.com.br\/poder\/2019\/06\/dialogos-entre-moro-e-lava-jato-tem-caminho-improvavel-para-autenticidade-entenda.shtml\">n\u00e3o detectou nenhum ind\u00edcio<\/a> de que ele possa ter sido adulterado.<\/p>\n<p><strong>Ricardo Balthazar, Fl\u00e1vio Ferreira e W\u00e1lter Nunes, da Folha; Rafael Moro Martins e Rafael Neves, do The Intercept Brasil<\/strong><\/p>\n<h3 class=\"c-news__subtitle\">O CASO TR\u00cdPLEX<\/h3>\n<p><strong>Den\u00fancia\u2002<\/strong><br \/>\nEm 2016, Lula foi denunciado pelo MPF sob acusa\u00e7\u00e3o de receber propina de R$ 3,7 milh\u00f5es da OAS como parte de acertos do PT em contratos na Petrobras. A quantia correspondia \u00e0 reserva de um tr\u00edplex em Guaruj\u00e1 (SP) e a armazenamento e transporte do acervo do petista<\/p>\n<p><strong>Condena\u00e7\u00e3o<\/strong><br \/>\nEm julho de 2017, o juiz Sergio Moro absolveu Lula na parte relacionada ao acervo, mas o condenou por corrup\u00e7\u00e3o passiva e lavagem referentes a R$ 2,4 milh\u00f5es relacionados ao tr\u00edplex. A pena estipulada foi de 9 anos e 6 meses de pris\u00e3o, depois reduzida para 8 anos e 10 meses pelo STJ<\/p>\n<p><strong>Testemunho\u2002<\/strong><br \/>\nO ex-presidente da OAS L\u00e9o Pinheiro, atualmente preso em Curitiba, come\u00e7ou a negociar com a Lava Jato em 2016. As revela\u00e7\u00f5es sobre o tr\u00edplex, num interrogat\u00f3rio conduzido por Moro, foram decisivas para incriminar Lula. Seu acordo de dela\u00e7\u00e3o s\u00f3 foi fechado no fim de 2018<\/p>\n<p>Leia trechos dos di\u00e1logos dos procuradores que negociaram a dela\u00e7\u00e3o da OAS<\/p>\n<p>Procuradores da Lava Jato em Curitiba e em Bras\u00edlia come\u00e7aram a negociar um acordo de dela\u00e7\u00e3o premiada com executivos da OAS em fevereiro de 2016. A desconfian\u00e7a era grande desde o in\u00edcio<\/p>\n<p class=\"g-pstyle2\">2.mar.2016<\/p>\n<p>&nbsp;<\/p>\n<p class=\"g-pstyle3\">Paulo Roberto Galv\u00e3o<\/p>\n<p class=\"g-pstyle4\">14:01:02<\/p>\n<p>Pessoal, s\u00f3 para comentar: a not\u00edcia de hj deixa claro que a inten\u00e7\u00e3o de acordo vazou da pr\u00f3pria empresa, pois ningu\u00e9m tinha recebido qq informa\u00e7\u00e3o sobre o que eles falariam.<\/p>\n<p>&nbsp;<\/p>\n<p class=\"g-pstyle4\">14:01:33<\/p>\n<p>Por sinal, a primeira not\u00edcia de vers\u00e3o do LP sobre o s\u00edtio [de Atibaia] j\u00e1 \u00e9 bem contr\u00e1ria ao que apuramos aqui.<\/p>\n<p>&nbsp;<\/p>\n<p class=\"g-pstyle2\">14.mar.2016<\/p>\n<p>&nbsp;<\/p>\n<p class=\"g-pstyle3\">Athayde Ribeiro Costa<\/p>\n<p class=\"g-pstyle4\">18:37:47<\/p>\n<p>Esse acordo n\u00e3o vale moralmente.<\/p>\n<p>&nbsp;<\/p>\n<p class=\"g-pstyle3\">Anna Carolina Resende Maia Garcia<\/p>\n<p class=\"g-pstyle4\">19:06:07<\/p>\n<p>O danado \u00e9 que esse crit\u00e9rio (moral) \u00e9 r\u00edgido demais&#8230;rs. Ningu\u00e9m vai passar por esse crivo<\/p>\n<p>&nbsp;<\/p>\n<p class=\"g-pstyle3\">S\u00e9rgio Bruno Cabral Fernandes<\/p>\n<p class=\"g-pstyle4\">19:13:36<\/p>\n<p>Por enquanto tmb n\u00e3o vejo como fazer esse acordo. A d\u00favida \u00e9 se encerramos logo ou damos corda.<\/p>\n<p>O ex-presidente da OAS L\u00e9o Pinheiro j\u00e1 tinha sido condenado em um processo da Lava Jato, mas recorria em liberdade. Ele temia ser preso se o Tribunal Regional Federal da 4\u00aa Regi\u00e3o rejeitasse sua apela\u00e7\u00e3o<\/p>\n<div id=\"g-ai0-5\" class=\"g-info g-aiAbs\">\n<p class=\"g-pstyle2\">20.abr.2016<\/p>\n<p>&nbsp;<\/p>\n<p class=\"g-pstyle3\">Janu\u00e1rio Paludo<\/p>\n<p class=\"g-pstyle4\">12:21:54<\/p>\n<p>Acho que tem que prender o Leo Pinheiro. Eles falam pouco.<\/p>\n<p>&nbsp;<\/p>\n<p class=\"g-pstyle4\">12:22:21<\/p>\n<p>Quer dizer, acho que tem que deixar o TRF prender.<\/p>\n<p>&nbsp;<\/p>\n<p class=\"g-pstyle4\">12:23:43<\/p>\n<p>Me parece que n\u00e3o esta valendo a pena.<\/p>\n<p>&nbsp;<\/p>\n<p class=\"g-pstyle2\">23.mai.2016<\/p>\n<p>&nbsp;<\/p>\n<p class=\"g-pstyle3\">S\u00e9rgio Bruno<\/p>\n<p class=\"g-pstyle4\">17:33:11<\/p>\n<p>Pessoal, advogado da OAS veio aqui hoje. Disse que fez um bom trabalho nos anexos e quer reuni\u00e3o. Pediu um reuni\u00e3o conosco e sugeriu o dia 8 de junho. Falou tamb\u00e9m de uma apela\u00e7\u00e3o do Leio Pinheiro e outros 3 que est\u00e1 pautada. Perguntou se teria como adiar. Eu disse que a principio as negocia\u00e7\u00f5es n\u00e3o interferem no andamento de feitos judiciais, mas que isso ficava a crit\u00e9rio de cwb pois os donos da a\u00e7\u00e3o penal. Perguntou se a pgr teria alguma obje\u00e7\u00e3o e eu disse que n\u00e3o porque n\u00e3o podemos interferir no destino na a\u00e7\u00e3o penal do primeiro grau, ou seja, o que CWB decidir est\u00e1 decidido.<\/p>\n<p>&nbsp;<\/p>\n<p class=\"g-pstyle3\">Paulo<\/p>\n<p class=\"g-pstyle4\">17:34:37<\/p>\n<p>Est\u00e1 pautado julgamento da apela\u00e7\u00e3o contra a senten\u00e7a condenat\u00f3ria? Opa, se for isso n\u00e3o vale adiar n\u00e3o!! O que ele quer \u00e9 atrasar o cumprimento da pena!<\/p>\n<p>&nbsp;<\/p>\n<p class=\"g-pstyle3\">Roberson Pozzobon<\/p>\n<p class=\"g-pstyle4\">17:35:58<\/p>\n<p>Concordo plenamente! Sem chance! Os caras devem estar desesperados pela imin\u00eancia de voltar pra ##<\/p>\n<\/div>\n<div id=\"g-ai0-6\" class=\"g-info g-aiAbs\">\n<p class=\"g-pstyle1\">Os advogados da OAS apresentaram diferentes vers\u00f5es dos anexos com resumos dos relatos que os executivos da empreiteira pretendiam fazer. Em agosto, os procuradores continuavam insatisfeitos, mas aceitaram assinar um termo de confidencialidade para fazer as negocia\u00e7\u00f5es avan\u00e7arem<\/p>\n<\/div>\n<div id=\"g-ai0-7\" class=\"g-info g-aiAbs\">\n<p class=\"g-pstyle2\">21 de julho de 2016<\/p>\n<p>&nbsp;<\/p>\n<p class=\"g-pstyle3\">Athayde<\/p>\n<p class=\"g-pstyle4\">11:10:17<\/p>\n<p>A \u00faltima reuniao participei, c Julio e Robinho. Entregaram os anexos e pediram assinatura do acordo de confidencialidade. Negamos por insuficiencia dos anexos e omissao de varios temas. A versao apresentada tb \u00e9 ruim para varios casos<\/p>\n<p>&nbsp;<\/p>\n<p class=\"g-pstyle3\">Roberson<\/p>\n<p class=\"g-pstyle4\">11:12:28<\/p>\n<p>Na \u00faltima reuni\u00e3o dissemos que eles precisariam melhor[ar] consideravelmente os anexos<\/p>\n<p>&nbsp;<\/p>\n<p class=\"g-pstyle4\">11:12:44<\/p>\n<p>Eles falaram que melhorariam e os trariam hj<\/p>\n<p>&nbsp;<\/p>\n<p class=\"g-pstyle3\">Jerusa Viecili<\/p>\n<p class=\"g-pstyle4\">18:49:02<\/p>\n<p>pessoal os anexos que a OAS entregou hoje s\u00e3o muito semelhantes \u00c0queles que a carol enviou antes aqui. s\u00f3 h\u00e1 alguns anexos novos<\/p>\n<\/div>\n<div id=\"g-ai0-8\" class=\"g-info g-aiAbs\">\n<p class=\"g-pstyle1\">Um dia depois da assinatura do termo de confidencialidade, a revista Veja informou que a dela\u00e7\u00e3o da OAS citava o ministro Dias Toffoli, do STF. Os procuradores atribu\u00edram o vazamento aos advogados da empresa, porque n\u00e3o havia entre os anexos entregues nenhum relato sobre o assunto<\/p>\n<\/div>\n<div id=\"g-ai0-9\" class=\"g-info g-aiAbs\">\n<p class=\"g-pstyle2\">19.ago.2016<\/p>\n<p>&nbsp;<\/p>\n<p class=\"g-pstyle3\">S\u00e9rgio Bruno<\/p>\n<p class=\"g-pstyle4\">19:11:16<\/p>\n<p>Jerusa, o adv \u00e9 r\u00e1pido no gatilho.<\/p>\n<p>&nbsp;<\/p>\n<p class=\"g-pstyle3\">Jerusa<\/p>\n<p class=\"g-pstyle4\">19:11:28<\/p>\n<p>&nbsp;<\/p>\n<p>&nbsp;<\/p>\n<p class=\"g-pstyle3\">Roberson<\/p>\n<p class=\"g-pstyle4\">19:11:43<\/p>\n<p>Eles trazem msm?<\/p>\n<p>&nbsp;<\/p>\n<p class=\"g-pstyle3\">S\u00e9rgio Bruno<\/p>\n<p class=\"g-pstyle4\">19:14:54<\/p>\n<p>Ficou na promessa. Mas acho q n\u00e3o ser\u00e1 nada consistente.<\/p>\n<p>&nbsp;<\/p>\n<p class=\"g-pstyle3\">Jerusa<\/p>\n<p class=\"g-pstyle4\">19:15:26<\/p>\n<p>Ate a veja ja viu o anexo e n\u00f3s ainda n\u00e3o!<\/p>\n<p>&nbsp;<\/p>\n<\/div>\n<div id=\"g-ai0-10\" class=\"g-info g-aiAbs\">\n<p class=\"g-pstyle1\">O vazamento dividiu os procuradores. A maioria defendeu a suspens\u00e3o das negocia\u00e7\u00f5es, como resposta \u00e0 quebra de sigilo e para evitar atritos com o STF. O chefe da for\u00e7a-tarefa, Deltan Dallagnol, pensava diferente, mas ficou vencido. A Procuradoria-Geral da Rep\u00fablica anunciou a suspens\u00e3o dias depois<\/p>\n<\/div>\n<div id=\"g-ai0-11\" class=\"g-info g-aiAbs\">\n<p class=\"g-pstyle2\">20.ago.2016<\/p>\n<p>&nbsp;<\/p>\n<p class=\"g-pstyle3\">Deltan Dallagnol<\/p>\n<p class=\"g-pstyle4\">09:27:19<\/p>\n<p>N\u00e3o sei se os anexos evolu\u00edram. Se estiverem uma porcaria ainda, a\u00ed tudo bem. Mas se os anexos estiverem bons, acho que n\u00e3o \u00e9 o caso. Salvo engano, ainda, trazem PSDB como nenhum que fechamos trouxe. At\u00e9 fecharmos algo bom do PSDB, n\u00e3o d\u00e1 pra descartar<\/p>\n<p>&nbsp;<\/p>\n<p class=\"g-pstyle3\">Anna Carolina<\/p>\n<p class=\"g-pstyle4\">10:44:29<\/p>\n<p>Acho que dev\u00edamos romper. Se foi p adv ou os pr\u00f3prios executivos, problema deles. S\u00f3 n\u00e3o fomos n\u00f3s. Essa manobra deles pode nos custar muito caro. O STF vai se fechar e v\u00e3o acabar com nossos acordos. N\u00e3o acho q o risco valha a pena. Temos que sinalizar claramente que n\u00e3o vamos ser usados<\/p>\n<p>&nbsp;<\/p>\n<p class=\"g-pstyle3\">Ronaldo Queiroz<\/p>\n<p class=\"g-pstyle4\">13:58:01<\/p>\n<p>\u00c9 bom fazer um pente fino nos anexos para ver se n\u00e3o \u00e9 jaboti, mas na quinta o Juca disse que s\u00f3 n\u00e3o entregou o anexo pq ainda estavam checando informa\u00e7\u00f5es para ver se tinha ilicito ou n\u00e3o.<\/p>\n<p>&nbsp;<\/p>\n<p class=\"g-pstyle3\">Anna Carolina<\/p>\n<p class=\"g-pstyle4\">15:59:15<\/p>\n<p>Acho que n\u00e3o precisa ser uma decis\u00e3o definitiva de nunca mais na vida voltarmos a conversar. Mas acho que n\u00e3o podemos nos sentar novamente com esse adv . E tb acho que tem muita coisa em jogo nesse caso da OAS. Podemos sofrer uma reviravolta nos acordos. Os anexos da OAS n\u00e3o valem isso. Na minha vis\u00e3o, s\u00e3o muito ruins, o adv Eh mal car\u00e1ter e L\u00e9o Pinheiro Eh o empreiteiro com mais prova contra si.<\/p>\n<p>&nbsp;<\/p>\n<p class=\"g-pstyle5\">CITA\u00c7\u00c3O<\/p>\n<p><span class=\"g-cstyle1\">Juca : <\/span>Jos\u00e9 Luis Oliveira Lima, advogado de L\u00e9o Pinheiro<\/p>\n<\/div>\n<div id=\"g-ai0-12\" class=\"g-info g-aiAbs\">\n<p class=\"g-pstyle1\">Uma semana depois, a Veja publicou trechos de sete anexos da dela\u00e7\u00e3o e afirmou que a empresa revelara a exist\u00eancia de uma conta secreta usada para fazer pagamentos ao ex-presidente Luiz In\u00e1cio Lula da Silva<\/p>\n<\/div>\n<div id=\"g-ai0-13\" class=\"g-info g-aiAbs\">\n<p class=\"g-pstyle2\">26.ago.2016<\/p>\n<p>&nbsp;<\/p>\n<p class=\"g-pstyle3\">Anna Carolina<\/p>\n<p class=\"g-pstyle4\">19:52:11<\/p>\n<p>Tinha isso de conta clandestina de Lula?<\/p>\n<p>&nbsp;<\/p>\n<p class=\"g-pstyle4\">19:52:19<\/p>\n<p>Esses Advs n\u00e3o valem nada<\/p>\n<p>&nbsp;<\/p>\n<p class=\"g-pstyle3\">Jerusa<\/p>\n<p class=\"g-pstyle4\">19:53:02<\/p>\n<p>Nao que eu lembre<\/p>\n<p>&nbsp;<\/p>\n<p class=\"g-pstyle3\">Ronaldo<\/p>\n<p class=\"g-pstyle4\">20:45:40<\/p>\n<p>Tamb\u00e9m n\u00e3o lembro. Creio que n\u00e3o h\u00e1.<\/p>\n<p>&nbsp;<\/p>\n<p class=\"g-pstyle3\">S\u00e9rgio Bruno<\/p>\n<p class=\"g-pstyle4\">21:01:10<\/p>\n<p>Sobre o Lula eles n\u00e3o queriam trazer nem o apt. Guaruja. Diziam q n\u00e3o tinha crime. Nunca falaram de conta.<\/p>\n<p>&nbsp;<\/p>\n<p class=\"g-pstyle2\">27.ago.2016<\/p>\n<p>&nbsp;<\/p>\n<p class=\"g-pstyle3\">Anna Carolina<\/p>\n<p class=\"g-pstyle4\">08:00:43<\/p>\n<p>Li a reportagem e ela tenho quase certeza q ela est\u00e1 fidedigna. S\u00f3 n\u00e3o achei a parte da conta. Talvez tenha sido mais um estelionato contra o leitor. T\u00e1 no t\u00edtulo mas n\u00e3o est\u00e1 no conte\u00fado<\/p>\n<p>&nbsp;<\/p>\n<p class=\"g-pstyle3\">Jerusa<\/p>\n<p class=\"g-pstyle4\">08:01:59<\/p>\n<p>Foi o que pensei tb. Pq nao houve mencao a essa conta<\/p>\n<\/div>\n<div id=\"g-ai0-14\" class=\"g-info g-aiAbs\">\n<p class=\"g-pstyle1\">L\u00e9o Pinheiro foi preso em setembro de 2016 e as negocia\u00e7\u00f5es ficaram congeladas at\u00e9 2017, quando ele incriminou Lula ao depor no processo sobre o triplex de Guaruj\u00e1 que a OAS diz ter reformado para o petista. Os procuradores voltaram ent\u00e3o a conversar com ele, mas ainda tinham muitas desconfian\u00e7as<\/p>\n<\/div>\n<div id=\"g-ai0-15\" class=\"g-info g-aiAbs\">\n<p class=\"g-pstyle2\">13.jul.2017<\/p>\n<p>&nbsp;<\/p>\n<p class=\"g-pstyle3\">Deltan<\/p>\n<p class=\"g-pstyle4\">17:10:32<\/p>\n<p>Caros, acordo do OAS, \u00e9 um ponto pensar no timing do acordo com o L\u00e9o Pinheiro. N\u00e3o pode parecer um pr\u00eamio pela condena\u00e7\u00e3o do Lula<\/p>\n<p>&nbsp;<\/p>\n<p class=\"g-pstyle2\">3.ago.2017<\/p>\n<p>&nbsp;<\/p>\n<p class=\"g-pstyle3\">Jerusa<\/p>\n<p class=\"g-pstyle4\">13:32:25<\/p>\n<p>Houve ordem para destrui\u00e7\u00e3o das provas. Nisso a empresa foi desleal, pois nunca houve afirma\u00e7\u00e3o sobre isso. Salvo quando leo falou no interrogat\u00f3rio sobre destrui\u00e7\u00e3o de provas, n\u00e3o houve men\u00e7\u00e3o a este assunto.<\/p>\n<p>&nbsp;<\/p>\n<p class=\"g-pstyle4\">14:09:21<\/p>\n<p>Leo parece que est\u00e1 escondendo fatos tamb\u00e9m<\/p>\n<\/div>\n<p>&nbsp;<\/p>\n<p>&nbsp;<\/p>\n<\/div>\n<p>&nbsp;<\/p>\n<div class=\"js-continue-reading-content-hidden\">\n<h3 class=\"c-news__subtitle\"><\/h3>\n<p>&nbsp;<\/p>\n<p>&nbsp;<\/p>\n<p>&nbsp;<\/p>\n<\/div>\n","protected":false},"excerpt":{"rendered":"<p>Ex-presidente da OAS que incriminou l\u00edder petista no caso do tr\u00edplex foi tratado com descr\u00e9dito ao negociar dela\u00e7\u00e3o premiada<\/p>\n","protected":false},"author":1,"featured_media":0,"comment_status":"closed","ping_status":"open","sticky":false,"template":"","format":"standard","meta":{"_exactmetrics_skip_tracking":false,"_exactmetrics_sitenote_active":false,"_exactmetrics_sitenote_note":"","_exactmetrics_sitenote_category":0,"jetpack_post_was_ever_published":false,"_jetpack_newsletter_access":"","_jetpack_dont_email_post_to_subs":false,"_jetpack_newsletter_tier_id":0,"_jetpack_memberships_contains_paywalled_content":false,"_jetpack_memberships_contains_paid_content":false,"footnotes":"","jetpack_publicize_message":"","jetpack_publicize_feature_enabled":true,"jetpack_social_post_already_shared":true,"jetpack_social_options":{"image_generator_settings":{"template":"highway","enabled":false},"version":2}},"categories":[1],"tags":[],"class_list":["post-22574","post","type-post","status-publish","format-standard","hentry","category-notas"],"jetpack_publicize_connections":[],"jetpack_sharing_enabled":true,"jetpack_featured_media_url":"","jetpack_shortlink":"https:\/\/wp.me\/p7wKYW-5S6","jetpack-related-posts":[],"_links":{"self":[{"href":"http:\/\/blogdalucianaoliveira.com.br\/blog\/wp-json\/wp\/v2\/posts\/22574","targetHints":{"allow":["GET"]}}],"collection":[{"href":"http:\/\/blogdalucianaoliveira.com.br\/blog\/wp-json\/wp\/v2\/posts"}],"about":[{"href":"http:\/\/blogdalucianaoliveira.com.br\/blog\/wp-json\/wp\/v2\/types\/post"}],"author":[{"embeddable":true,"href":"http:\/\/blogdalucianaoliveira.com.br\/blog\/wp-json\/wp\/v2\/users\/1"}],"replies":[{"embeddable":true,"href":"http:\/\/blogdalucianaoliveira.com.br\/blog\/wp-json\/wp\/v2\/comments?post=22574"}],"version-history":[{"count":1,"href":"http:\/\/blogdalucianaoliveira.com.br\/blog\/wp-json\/wp\/v2\/posts\/22574\/revisions"}],"predecessor-version":[{"id":22576,"href":"http:\/\/blogdalucianaoliveira.com.br\/blog\/wp-json\/wp\/v2\/posts\/22574\/revisions\/22576"}],"wp:attachment":[{"href":"http:\/\/blogdalucianaoliveira.com.br\/blog\/wp-json\/wp\/v2\/media?parent=22574"}],"wp:term":[{"taxonomy":"category","embeddable":true,"href":"http:\/\/blogdalucianaoliveira.com.br\/blog\/wp-json\/wp\/v2\/categories?post=22574"},{"taxonomy":"post_tag","embeddable":true,"href":"http:\/\/blogdalucianaoliveira.com.br\/blog\/wp-json\/wp\/v2\/tags?post=22574"}],"curies":[{"name":"wp","href":"https:\/\/api.w.org\/{rel}","templated":true}]}}