{"id":22579,"date":"2019-06-30T22:23:40","date_gmt":"2019-07-01T02:23:40","guid":{"rendered":"http:\/\/blogdalucianaoliveira.com.br\/blog\/?p=22579"},"modified":"2019-06-30T22:23:40","modified_gmt":"2019-07-01T02:23:40","slug":"sobre-o-ato-em-porto-velho-em-defesa-do-moro-lava-jato-e-reforma-da-previdencia","status":"publish","type":"post","link":"http:\/\/blogdalucianaoliveira.com.br\/blog\/2019\/06\/30\/sobre-o-ato-em-porto-velho-em-defesa-do-moro-lava-jato-e-reforma-da-previdencia\/","title":{"rendered":"Sobre o ato em Porto Velho em defesa do Moro, Lava Jato e Reforma da Previd\u00eancia"},"content":{"rendered":"<p><img data-recalc-dims=\"1\" loading=\"lazy\" decoding=\"async\" data-attachment-id=\"22580\" data-permalink=\"http:\/\/blogdalucianaoliveira.com.br\/blog\/2019\/06\/30\/sobre-o-ato-em-porto-velho-em-defesa-do-moro-lava-jato-e-reforma-da-previdencia\/ba7506ce-f595-4358-8203-3afe87014340\/\" data-orig-file=\"https:\/\/i0.wp.com\/blogdalucianaoliveira.com.br\/blog\/wp-content\/uploads\/2019\/06\/BA7506CE-F595-4358-8203-3AFE87014340.jpeg?fit=750%2C400\" data-orig-size=\"750,400\" data-comments-opened=\"0\" data-image-meta=\"{&quot;aperture&quot;:&quot;0&quot;,&quot;credit&quot;:&quot;&quot;,&quot;camera&quot;:&quot;&quot;,&quot;caption&quot;:&quot;&quot;,&quot;created_timestamp&quot;:&quot;0&quot;,&quot;copyright&quot;:&quot;&quot;,&quot;focal_length&quot;:&quot;0&quot;,&quot;iso&quot;:&quot;0&quot;,&quot;shutter_speed&quot;:&quot;0&quot;,&quot;title&quot;:&quot;&quot;,&quot;orientation&quot;:&quot;0&quot;}\" data-image-title=\"BA7506CE-F595-4358-8203-3AFE87014340\" data-image-description=\"\" data-image-caption=\"\" data-medium-file=\"https:\/\/i0.wp.com\/blogdalucianaoliveira.com.br\/blog\/wp-content\/uploads\/2019\/06\/BA7506CE-F595-4358-8203-3AFE87014340.jpeg?fit=300%2C160\" data-large-file=\"https:\/\/i0.wp.com\/blogdalucianaoliveira.com.br\/blog\/wp-content\/uploads\/2019\/06\/BA7506CE-F595-4358-8203-3AFE87014340.jpeg?fit=600%2C320\" class=\"alignnone size-full wp-image-22580\" src=\"https:\/\/i0.wp.com\/blogdalucianaoliveira.com.br\/blog\/wp-content\/uploads\/2019\/06\/BA7506CE-F595-4358-8203-3AFE87014340.jpeg?resize=600%2C320\" alt=\"BA7506CE-F595-4358-8203-3AFE87014340\" width=\"600\" height=\"320\" srcset=\"https:\/\/i0.wp.com\/blogdalucianaoliveira.com.br\/blog\/wp-content\/uploads\/2019\/06\/BA7506CE-F595-4358-8203-3AFE87014340.jpeg?w=750 750w, https:\/\/i0.wp.com\/blogdalucianaoliveira.com.br\/blog\/wp-content\/uploads\/2019\/06\/BA7506CE-F595-4358-8203-3AFE87014340.jpeg?resize=300%2C160 300w, https:\/\/i0.wp.com\/blogdalucianaoliveira.com.br\/blog\/wp-content\/uploads\/2019\/06\/BA7506CE-F595-4358-8203-3AFE87014340.jpeg?resize=563%2C300 563w\" sizes=\"auto, (max-width: 600px) 100vw, 600px\" \/><\/p>\n<p>N\u00e3o vou desqualificar pela quantidade de gente, que dizem, n\u00e3o chegou a 100 pessoas aqui. <\/p>\n<p>J\u00e1 fui em manifesta\u00e7\u00e3o contra essa pauta, com menos gente. <\/p>\n<p>A fato \u00e9 que diminu\u00edram os que apoiam o fim do direito \u00e0 aposentadoria, a farsa da opera\u00e7\u00e3o contra a corrup\u00e7\u00e3o e o juiz que se vendeu por cargo. <\/p>\n<p>No \u00faltimo ato, foras \u00e0s ruas em 156 cidades. Agora, em 88. <\/p>\n<p>Menos gente na manifesta\u00e7\u00e3o, aqui e no restante do pa\u00eds, me deixou foi feliz! <\/p>\n<p>Parabenizo os que n\u00e3o foram. <\/p>\n<p>Busquem a luz do Estado Democr\u00e1tico de Direito e da justi\u00e7a social.<\/p>\n","protected":false},"excerpt":{"rendered":"<p>N\u00e3o vou desqualificar pela quantidade de gente, que dizem, n\u00e3o chegou a 100 pessoas aqui. J\u00e1 fui em manifesta\u00e7\u00e3o contra essa pauta, com menos gente. A fato \u00e9 que diminu\u00edram os que apoiam o fim do direito \u00e0 aposentadoria, a farsa da opera\u00e7\u00e3o contra a corrup\u00e7\u00e3o e o juiz que se vendeu por cargo. No&#8230;<a class=\"more-link\" href=\"http:\/\/blogdalucianaoliveira.com.br\/blog\/2019\/06\/30\/sobre-o-ato-em-porto-velho-em-defesa-do-moro-lava-jato-e-reforma-da-previdencia\/\">Continue a leitura <span class=\"meta-nav\">&raquo;<\/span><\/a><\/p>\n","protected":false},"author":1,"featured_media":0,"comment_status":"closed","ping_status":"open","sticky":false,"template":"","format":"standard","meta":{"_exactmetrics_skip_tracking":false,"_exactmetrics_sitenote_active":false,"_exactmetrics_sitenote_note":"","_exactmetrics_sitenote_category":0,"jetpack_post_was_ever_published":false,"_jetpack_newsletter_access":"","_jetpack_dont_email_post_to_subs":false,"_jetpack_newsletter_tier_id":0,"_jetpack_memberships_contains_paywalled_content":false,"_jetpack_memberships_contains_paid_content":false,"footnotes":"","jetpack_publicize_message":"","jetpack_publicize_feature_enabled":true,"jetpack_social_post_already_shared":true,"jetpack_social_options":{"image_generator_settings":{"template":"highway","enabled":false},"version":2}},"categories":[1],"tags":[],"class_list":["post-22579","post","type-post","status-publish","format-standard","hentry","category-notas"],"jetpack_publicize_connections":[],"jetpack_sharing_enabled":true,"jetpack_featured_media_url":"","jetpack_shortlink":"https:\/\/wp.me\/p7wKYW-5Sb","jetpack-related-posts":[],"_links":{"self":[{"href":"http:\/\/blogdalucianaoliveira.com.br\/blog\/wp-json\/wp\/v2\/posts\/22579","targetHints":{"allow":["GET"]}}],"collection":[{"href":"http:\/\/blogdalucianaoliveira.com.br\/blog\/wp-json\/wp\/v2\/posts"}],"about":[{"href":"http:\/\/blogdalucianaoliveira.com.br\/blog\/wp-json\/wp\/v2\/types\/post"}],"author":[{"embeddable":true,"href":"http:\/\/blogdalucianaoliveira.com.br\/blog\/wp-json\/wp\/v2\/users\/1"}],"replies":[{"embeddable":true,"href":"http:\/\/blogdalucianaoliveira.com.br\/blog\/wp-json\/wp\/v2\/comments?post=22579"}],"version-history":[{"count":1,"href":"http:\/\/blogdalucianaoliveira.com.br\/blog\/wp-json\/wp\/v2\/posts\/22579\/revisions"}],"predecessor-version":[{"id":22581,"href":"http:\/\/blogdalucianaoliveira.com.br\/blog\/wp-json\/wp\/v2\/posts\/22579\/revisions\/22581"}],"wp:attachment":[{"href":"http:\/\/blogdalucianaoliveira.com.br\/blog\/wp-json\/wp\/v2\/media?parent=22579"}],"wp:term":[{"taxonomy":"category","embeddable":true,"href":"http:\/\/blogdalucianaoliveira.com.br\/blog\/wp-json\/wp\/v2\/categories?post=22579"},{"taxonomy":"post_tag","embeddable":true,"href":"http:\/\/blogdalucianaoliveira.com.br\/blog\/wp-json\/wp\/v2\/tags?post=22579"}],"curies":[{"name":"wp","href":"https:\/\/api.w.org\/{rel}","templated":true}]}}