{"id":22582,"date":"2019-06-30T22:29:55","date_gmt":"2019-07-01T02:29:55","guid":{"rendered":"http:\/\/blogdalucianaoliveira.com.br\/blog\/?p=22582"},"modified":"2019-06-30T22:29:55","modified_gmt":"2019-07-01T02:29:55","slug":"fascismo-diminuiu-mas-ficou-mais-violento","status":"publish","type":"post","link":"http:\/\/blogdalucianaoliveira.com.br\/blog\/2019\/06\/30\/fascismo-diminuiu-mas-ficou-mais-violento\/","title":{"rendered":"Fascismo diminuiu, mas ficou mais violento"},"content":{"rendered":"<p><img data-recalc-dims=\"1\" loading=\"lazy\" decoding=\"async\" data-attachment-id=\"22583\" data-permalink=\"http:\/\/blogdalucianaoliveira.com.br\/blog\/2019\/06\/30\/fascismo-diminuiu-mas-ficou-mais-violento\/41d6077f-1b15-494f-9eca-f863167592da\/\" data-orig-file=\"https:\/\/i0.wp.com\/blogdalucianaoliveira.com.br\/blog\/wp-content\/uploads\/2019\/06\/41D6077F-1B15-494F-9ECA-F863167592DA.jpeg?fit=768%2C369\" data-orig-size=\"768,369\" data-comments-opened=\"0\" data-image-meta=\"{&quot;aperture&quot;:&quot;0&quot;,&quot;credit&quot;:&quot;&quot;,&quot;camera&quot;:&quot;&quot;,&quot;caption&quot;:&quot;&quot;,&quot;created_timestamp&quot;:&quot;0&quot;,&quot;copyright&quot;:&quot;&quot;,&quot;focal_length&quot;:&quot;0&quot;,&quot;iso&quot;:&quot;0&quot;,&quot;shutter_speed&quot;:&quot;0&quot;,&quot;title&quot;:&quot;&quot;,&quot;orientation&quot;:&quot;0&quot;}\" data-image-title=\"41D6077F-1B15-494F-9ECA-F863167592DA\" data-image-description=\"\" data-image-caption=\"\" data-medium-file=\"https:\/\/i0.wp.com\/blogdalucianaoliveira.com.br\/blog\/wp-content\/uploads\/2019\/06\/41D6077F-1B15-494F-9ECA-F863167592DA.jpeg?fit=300%2C144\" data-large-file=\"https:\/\/i0.wp.com\/blogdalucianaoliveira.com.br\/blog\/wp-content\/uploads\/2019\/06\/41D6077F-1B15-494F-9ECA-F863167592DA.jpeg?fit=600%2C288\" src=\"https:\/\/i0.wp.com\/blogdalucianaoliveira.com.br\/blog\/wp-content\/uploads\/2019\/06\/41D6077F-1B15-494F-9ECA-F863167592DA.jpeg?resize=600%2C288\" alt=\"41D6077F-1B15-494F-9ECA-F863167592DA\" width=\"600\" height=\"288\" class=\"alignnone size-full wp-image-22583\" srcset=\"https:\/\/i0.wp.com\/blogdalucianaoliveira.com.br\/blog\/wp-content\/uploads\/2019\/06\/41D6077F-1B15-494F-9ECA-F863167592DA.jpeg?w=768 768w, https:\/\/i0.wp.com\/blogdalucianaoliveira.com.br\/blog\/wp-content\/uploads\/2019\/06\/41D6077F-1B15-494F-9ECA-F863167592DA.jpeg?resize=300%2C144 300w, https:\/\/i0.wp.com\/blogdalucianaoliveira.com.br\/blog\/wp-content\/uploads\/2019\/06\/41D6077F-1B15-494F-9ECA-F863167592DA.jpeg?resize=624%2C300 624w\" sizes=\"auto, (max-width: 600px) 100vw, 600px\" \/><\/p>\n<p>Por Fernando Brito, do blog Tijola\u00e7o &#8211; Sensivelmente menores que os anteriores, sobretudo fora de S\u00e3o Paulo, os atos pr\u00f3-Lava Jato foram marcados por uma radicaliza\u00e7\u00e3o crescente e irrespons\u00e1vel.<\/p>\n<p>Congresso, STF e a pr\u00f3pria imprensa foram xingados e, at\u00e9, amea\u00e7ados.<!--more--><\/p>\n<p>N\u00e3o se pode deixar de  dizer que, embora devam ser defendidos como institui\u00e7\u00f5es da Rep\u00fablica e da democracia que temos, ainda que prec\u00e1ria, est\u00e3o colhendo o fruto daquilo que elas pr\u00f3prias estimularam, com o golpismo parlamentar, com a politiza\u00e7\u00e3o da Justi\u00e7a e com a transforma\u00e7\u00e3o dos meios de comunica\u00e7\u00e3o em julgadores implac\u00e1veis e seletivos de uma \u00fatil\u00edssima \u201cmoralidade\u201d.<\/p>\n<p>Nenhum dos tr\u00eas, sen\u00e3o timidamente, come\u00e7ou a reagir a isso, n\u00e3o se intimidando pelas press\u00f5es do monstro que ajudaram a parir.<\/p>\n<p>S\u00f3 muito lentamente passam a n\u00e3o subscrever mais incondicionalmente os abusos, mas apenas porque eles se evidenciam de forma (quase) inescond\u00edvel.<\/p>\n<p>H\u00e1 um ponto central, que algum dia ser\u00e1 entendido, embora seja, h\u00e1 mais de um s\u00e9culo, compreendido: nada pode ser \u201cespecial\u201d na sua atua\u00e7\u00e3o, nada justifica a forma\u00e7\u00e3o de grupamentos fora das estruturas normais do Estado \u2013 \u201cfor\u00e7as-tarefa\u201d ou cong\u00eaneres -, nada pode justificar o enfeixamento de poder em um ou meia-d\u00fazia de ju\u00edzes, porque isso induz ao excesso de  poder e, da\u00ed, ao abuso deste poder.<\/p>\n<p>O velho Direito, n\u00e3o transtornado pela epidemia da \u201cespecializa\u00e7\u00e3o\u201d que nele \u2013 e n\u00e3o apenas nele \u2013 foi introduzida, sustentava como pilar democr\u00e1tico a inexist\u00eancia de tribunais de exce\u00e7\u00e3o, aqueles a quem deveria ser elegado o processar e julgar todos os casos que se enquadrassem em um certo vi\u00e9s.<\/p>\n<p>A pluralidade dos ju\u00edzos era, talvez, o mais eficiente elemento do sistema de freios e contrapesos que mantinha o equil\u00edbrio. Tanto o rompemos que,  h\u00e1 anos, o mais importante era se determinado acusado \u201cia cair nas m\u00e3os do Moro\u201d ou n\u00e3o, como se ele fosse \u2013 e virou \u2013 uma inst\u00e2ncia especial, um tribunal em que a condena\u00e7\u00e3o, ao menos a quem \u201cinteressava\u201d, estivesse assegura pelo \u201cla garant\u00eda soy yo\u201d do juiz.<\/p>\n<p>Isso se alastrou e chegou a todos os espa\u00e7os institucionais. Ministros do STF justificando decis\u00f5es \u00e0 base do \u201cclamor p\u00fablico\u201d que permitiria \u201cflexibilizar\u201d a Constitui\u00e7\u00e3o e as leis e processos legislativos plebiscit\u00e1rio, nos quais divergir era algo intoler\u00e1vel e que merecia linchamento.<\/p>\n<p>Na grande imprensa, o mesmo: passou a haver os incritic\u00e1veis, formou-se um esp\u00edrito de manada que n\u00e3o admitia diverg\u00eancia, porque ela era \u201csuja\u201d e \u201caliada da corrup\u00e7\u00e3o\u201d, muito embora os jornalistas fora do mainstream estivessem, como se diz nas Alagoas, vivendo a p\u00e3o com laranja.<\/p>\n<p>Ser\u00e1 lento o processo de corre\u00e7\u00e3o destas anomalias e nem mesmo temos a certeza de que, come\u00e7ado agora, v\u00e1 sobreviver.<\/p>\n<p>O esp\u00edrito da matilha, como se v\u00ea nas ruas, segue forte e cada vez mais tem os dentes \u00e0 mostra.<\/p>\n<p>Exorciz\u00e1-lo ser\u00e1 um processo longo e doloroso e n\u00e3o r\u00e1pido como a passagem de um desatino.<\/p>\n<p>Por mais que as institui\u00e7\u00f5es brasileiras tenham se conspurcado com o processo golpista, precisamos traz\u00ea-las para um ponto de algum equil\u00edbrio.<\/p>\n<p>O radicalismo verbal \u00e9, hoje, ferramenta das hordas. Nosso escudo \u00e9 a racionalidade, ainda que tenhamos de, com ela, proteger quem tem culpa ineg\u00e1vel neste processo.<\/p>\n<p>Porque, afinal, lidamos com uma elite dominante t\u00e3o desqualificada e insana que, afinal, conseguiu uma massa que seja coerente com sua estupidez.<\/p>\n","protected":false},"excerpt":{"rendered":"<p>Por Fernando Brito, do blog Tijola\u00e7o &#8211; Sensivelmente menores que os anteriores, sobretudo fora de S\u00e3o Paulo, os atos pr\u00f3-Lava Jato foram marcados por uma radicaliza\u00e7\u00e3o crescente e irrespons\u00e1vel. Congresso, STF e a pr\u00f3pria imprensa foram xingados e, at\u00e9, amea\u00e7ados.<\/p>\n","protected":false},"author":1,"featured_media":0,"comment_status":"closed","ping_status":"open","sticky":false,"template":"","format":"standard","meta":{"_exactmetrics_skip_tracking":false,"_exactmetrics_sitenote_active":false,"_exactmetrics_sitenote_note":"","_exactmetrics_sitenote_category":0,"jetpack_post_was_ever_published":false,"_jetpack_newsletter_access":"","_jetpack_dont_email_post_to_subs":false,"_jetpack_newsletter_tier_id":0,"_jetpack_memberships_contains_paywalled_content":false,"_jetpack_memberships_contains_paid_content":false,"footnotes":"","jetpack_publicize_message":"","jetpack_publicize_feature_enabled":true,"jetpack_social_post_already_shared":true,"jetpack_social_options":{"image_generator_settings":{"template":"highway","enabled":false},"version":2}},"categories":[1],"tags":[],"class_list":["post-22582","post","type-post","status-publish","format-standard","hentry","category-notas"],"jetpack_publicize_connections":[],"jetpack_sharing_enabled":true,"jetpack_featured_media_url":"","jetpack_shortlink":"https:\/\/wp.me\/p7wKYW-5Se","jetpack-related-posts":[],"_links":{"self":[{"href":"http:\/\/blogdalucianaoliveira.com.br\/blog\/wp-json\/wp\/v2\/posts\/22582","targetHints":{"allow":["GET"]}}],"collection":[{"href":"http:\/\/blogdalucianaoliveira.com.br\/blog\/wp-json\/wp\/v2\/posts"}],"about":[{"href":"http:\/\/blogdalucianaoliveira.com.br\/blog\/wp-json\/wp\/v2\/types\/post"}],"author":[{"embeddable":true,"href":"http:\/\/blogdalucianaoliveira.com.br\/blog\/wp-json\/wp\/v2\/users\/1"}],"replies":[{"embeddable":true,"href":"http:\/\/blogdalucianaoliveira.com.br\/blog\/wp-json\/wp\/v2\/comments?post=22582"}],"version-history":[{"count":1,"href":"http:\/\/blogdalucianaoliveira.com.br\/blog\/wp-json\/wp\/v2\/posts\/22582\/revisions"}],"predecessor-version":[{"id":22584,"href":"http:\/\/blogdalucianaoliveira.com.br\/blog\/wp-json\/wp\/v2\/posts\/22582\/revisions\/22584"}],"wp:attachment":[{"href":"http:\/\/blogdalucianaoliveira.com.br\/blog\/wp-json\/wp\/v2\/media?parent=22582"}],"wp:term":[{"taxonomy":"category","embeddable":true,"href":"http:\/\/blogdalucianaoliveira.com.br\/blog\/wp-json\/wp\/v2\/categories?post=22582"},{"taxonomy":"post_tag","embeddable":true,"href":"http:\/\/blogdalucianaoliveira.com.br\/blog\/wp-json\/wp\/v2\/tags?post=22582"}],"curies":[{"name":"wp","href":"https:\/\/api.w.org\/{rel}","templated":true}]}}