{"id":22588,"date":"2019-07-01T10:21:25","date_gmt":"2019-07-01T14:21:25","guid":{"rendered":"http:\/\/blogdalucianaoliveira.com.br\/blog\/?p=22588"},"modified":"2019-07-01T10:21:25","modified_gmt":"2019-07-01T14:21:25","slug":"12-de-julho-e-dia-de-luta-contra-reforma-da-previdencia","status":"publish","type":"post","link":"http:\/\/blogdalucianaoliveira.com.br\/blog\/2019\/07\/01\/12-de-julho-e-dia-de-luta-contra-reforma-da-previdencia\/","title":{"rendered":"12 de julho \u00e9 dia de luta contra reforma da Previd\u00eancia"},"content":{"rendered":"<p><img data-recalc-dims=\"1\" loading=\"lazy\" decoding=\"async\" data-attachment-id=\"22589\" data-permalink=\"http:\/\/blogdalucianaoliveira.com.br\/blog\/2019\/07\/01\/12-de-julho-e-dia-de-luta-contra-reforma-da-previdencia\/a18770f8-11ee-4661-9d87-c42cee03451e\/\" data-orig-file=\"https:\/\/i0.wp.com\/blogdalucianaoliveira.com.br\/blog\/wp-content\/uploads\/2019\/07\/A18770F8-11EE-4661-9D87-C42CEE03451E.jpeg?fit=320%2C210\" data-orig-size=\"320,210\" data-comments-opened=\"0\" data-image-meta=\"{&quot;aperture&quot;:&quot;0&quot;,&quot;credit&quot;:&quot;&quot;,&quot;camera&quot;:&quot;&quot;,&quot;caption&quot;:&quot;&quot;,&quot;created_timestamp&quot;:&quot;0&quot;,&quot;copyright&quot;:&quot;&quot;,&quot;focal_length&quot;:&quot;0&quot;,&quot;iso&quot;:&quot;0&quot;,&quot;shutter_speed&quot;:&quot;0&quot;,&quot;title&quot;:&quot;&quot;,&quot;orientation&quot;:&quot;0&quot;}\" data-image-title=\"A18770F8-11EE-4661-9D87-C42CEE03451E\" data-image-description=\"\" data-image-caption=\"\" data-medium-file=\"https:\/\/i0.wp.com\/blogdalucianaoliveira.com.br\/blog\/wp-content\/uploads\/2019\/07\/A18770F8-11EE-4661-9D87-C42CEE03451E.jpeg?fit=300%2C197\" data-large-file=\"https:\/\/i0.wp.com\/blogdalucianaoliveira.com.br\/blog\/wp-content\/uploads\/2019\/07\/A18770F8-11EE-4661-9D87-C42CEE03451E.jpeg?fit=320%2C210\" src=\"https:\/\/i0.wp.com\/blogdalucianaoliveira.com.br\/blog\/wp-content\/uploads\/2019\/07\/A18770F8-11EE-4661-9D87-C42CEE03451E.jpeg?resize=320%2C210\" alt=\"A18770F8-11EE-4661-9D87-C42CEE03451E\" width=\"320\" height=\"210\" class=\"alignnone size-full wp-image-22589\" srcset=\"https:\/\/i0.wp.com\/blogdalucianaoliveira.com.br\/blog\/wp-content\/uploads\/2019\/07\/A18770F8-11EE-4661-9D87-C42CEE03451E.jpeg?w=320 320w, https:\/\/i0.wp.com\/blogdalucianaoliveira.com.br\/blog\/wp-content\/uploads\/2019\/07\/A18770F8-11EE-4661-9D87-C42CEE03451E.jpeg?resize=300%2C197 300w\" sizes=\"auto, (max-width: 320px) 100vw, 320px\" \/><\/p>\n<p>Al\u00e9m de um ato nacional em Bras\u00edlia, CUT e centrais definiram que \u00e9 preciso manter a press\u00e3o nas bases dos parlamentares e intensificar a coleta de assinaturas para o abaixo-assinado. <!--more--><\/p>\n<p>Veja agenda de a\u00e7\u00f5es:<\/p>\n<p>A CUT e demais centrais \u2013 CGTB, CSB, CSP-Conlutas, CTB, For\u00e7a Sindical, Intersindical, Nova Central, P\u00fablica e UGT \u2013 definiram nesta sexta-feira (28) que o pr\u00f3ximo dia de luta dos trabalhadores e das trabalhadoras contra a reforma da Previd\u00eancia de Jair Bolsonaro (PSL) ser\u00e1 em 12 de julho.<br \/>\nAl\u00e9m do ato nacional em Bras\u00edlia, contra o fim da aposentadoria, pela valoriza\u00e7\u00e3o da educa\u00e7\u00e3o e por Emprego, que ser\u00e1 realizado em conjunto com a Uni\u00e3o Nacional dos Estudantes (UNE), as centrais orientam os  trabalhadores e as trabalhadoras a se mobilizaram tamb\u00e9m em seus estados e cidades, coletando assinaturas para o abaixo-assinado contra a reforma da Previd\u00eancia, que ser\u00e1 entregue ao Congresso Nacional no dia 13 de agosto.<\/p>\n<p>\u201cO abaixo-assinado \u00e9 uma ferramenta important\u00edssima para dialogar sobre os impactos desta reforma nefasta e para ganhar mais apoio da sociedade contra a proposta que est\u00e1 em tr\u00e2mite no Congresso Nacional\u201d, disse o Secret\u00e1rio-Geral da CUT, S\u00e9rgio Nobre.<br \/>\nSegundo S\u00e9rgio, al\u00e9m da coleta de assinaturas para o abaixo-assinado e o bom di\u00e1logo com a popula\u00e7\u00e3o, \u00e9 muito importante \u00e0 press\u00e3o nos parlamentares em suas bases eleitorais para convencer os indecisos de que esta reforma n\u00e3o \u00e9 boa para a classe trabalhadora e conseguir mudar votos dos deputados e das deputadas que pretendem votar a favor do projeto de Bolsonaro. <\/p>\n<p>\u201cTemos informa\u00e7\u00f5es que o governo n\u00e3o tem os votos que precisa para aprovar a reforma da Previd\u00eancia e por isso temos que lutar voto por voto. E este \u00e9 o momento de pressionar os parlamentares nas suas bases eleitorais para que digam n\u00e3o a esta proposta de Bolsonaro\u201d, afirmou o Secret\u00e1rio-Geral da CUT.<br \/>\n\u201cOs trabalhadores e trabalhadoras tamb\u00e9m podem usar o site da CUT napress\u00e3o, que tem ferramentas para enviar mensagens pelas redes sociais e por e-mail para os deputados e para as deputadas dizendo que n\u00e3o aceitaremos nenhum direito a menos\u201d, afirmou S\u00e9rgio.<br \/>\nTramita\u00e7\u00e3o da reforma<br \/>\nO relator da Proposta de Emenda \u00e0 Constitui\u00e7\u00e3o (PEC) n\u00ba 06\/2019, que dificulta o acesso \u00e0 aposentadoria com a obrigatoriedade da idade m\u00ednima de 65 anos para os homens e 62 anos para as mulheres, diminui\u00e7\u00e3o dos valores dos benef\u00edcios e outras regras, Samuel Moreira (PSDB-SP) dever\u00e1 ler na pr\u00f3xima ter\u00e7a-feira (2) as altera\u00e7\u00f5es que fez no texto enviado pelo governo. Os pr\u00f3ximos passos ser\u00e3o a vota\u00e7\u00e3o do substitutivo do relator na comiss\u00e3o especial da reforma e a vota\u00e7\u00e3o no plen\u00e1rio da C\u00e2mara.<br \/>\nPara ser aprovada, a PEC precisa de 308 votos em dois turnos de vota\u00e7\u00e3o na C\u00e2mara dos Deputados. O  presidente da C\u00e2mara dos Deputados, Rodrigo Maia (DEM), disse \u00e0 imprensa que quer votar a proposta no plen\u00e1rio antes do recesso parlamentar, previsto para o dia 17 de julho.<br \/>\nAgenda de a\u00e7\u00f5es unit\u00e1rias<br \/>\nA CUT e demais centrais sindicais reafirmaram que \u00e9 fundamental a unidade na luta permanente contra a reforma da Previd\u00eancia, mas tamb\u00e9m avaliaram que \u00e9 fundamental incorporar temas como a educa\u00e7\u00e3o e empregos na agenda de lutas.<br \/>\nConfira a agenda de a\u00e7\u00f5es unit\u00e1rias:<br \/>\n&#8211; Intensificar a coleta de assinaturas do abaixo-assinado contra o fim da aposentadoria nos locais de trabalho, nas pra\u00e7as e nos locais p\u00fablicos todos os dias do m\u00eas de julho;<br \/>\n-Entregar os abaixo-assinados na sede nacional das Centrais Sindicais at\u00e9 o dia 8 de agosto;<br \/>\n-Entregar todos os abaixo-assinados no Congresso Nacional, em Bras\u00edlia, no dia13 de agosto;<br \/>\n&#8211; Apoiar e participar da luta dos professores, coordenada pela CNTE, que realiza em 13 de agosto o Dia Nacional de Luta em Defesa da Educa\u00e7\u00e3o e da Previd\u00eancia;<br \/>\n&#8211; Apoiar e participar da Marcha das Margaridas em 14 de agosto, tamb\u00e9m em Bras\u00edlia;<br \/>\n&#8211; E continuar em estado de mobiliza\u00e7\u00e3o permanente com assembleias nos locais de trabalho, panfletagens e di\u00e1logo com a classe trabalhadora a fim de garantir uma aposentadoria digna para os trabalhadores e as trabalhadoras;<br \/>\n&#8211; Manter a press\u00e3o nas bases dos deputados.<br \/>\nA pr\u00f3xima reuni\u00e3o do F\u00f3rum das Centrais Sindicais ser\u00e1 no dia 16 de julho para avaliar o dia 12 e propor as pr\u00f3ximas a\u00e7\u00f5es na luta contra a reforma da Previd\u00eancia.<br \/>\nCategorias j\u00e1 come\u00e7am entregar assinaturas do abaixo-assinado<br \/>\nDurante a reuni\u00e3o, representantes do F\u00f3rum dos Trabalhadores do Servi\u00e7o P\u00fablico do Estado de S\u00e3o Paulo entregaram nas m\u00e3os de S\u00e9rgio Nobre, que coordenava os encaminhamentos no encontro, 15.657 mil assinaturas do abaixo-assinado coletado pelos tr\u00eas sindicais que o F\u00f3rum representa.<\/p>\n<p>\u201cDialogamos muito na base, nos grandes centros e com a popula\u00e7\u00e3o em geral dizendo que a luta s\u00f3 est\u00e1 come\u00e7ando e nossa avalia\u00e7\u00e3o \u00e9 de que n\u00e3o podemos nos enganar com as mudan\u00e7as no relat\u00f3rio da PEC porque ser\u00e3o os mais pobres que ter\u00e3o uma aposentadoria miser\u00e1vel e se conseguirem se aposentar, n\u00e9?\u201d, disse Gilberto Terra, um dos representantes do F\u00f3rum.<br \/>\nTrabalho dos sindicalistas em Bras\u00edlia<br \/>\nTamb\u00e9m na reuni\u00e3o da CUT e demais centrais desta sexta, os sindicalistas avaliaram positivamente os resultados do importante trabalho feito com os parlamentares dos partidos da minoria e partidos do centro na C\u00e2mara dos Deputados, para debater o conte\u00fado da reforma da Previd\u00eancia e o processo legislativo de vota\u00e7\u00e3o, durante os \u00faltimos dias.<br \/>\nEm nota, as centrais afirmaram que neste processo de trabalho em Bras\u00edlia, as entidades deixaram claro aos parlamentares o posicionamento contr\u00e1rio e cr\u00edtico ao relat\u00f3rio substitutivo do deputado Samuel Moreira.<br \/>\nNo documento, as centrais alertam que os trabalhadores e as trabalhadoras devem se manter permanentemente vigilantes e destacam a import\u00e2ncia de se refor\u00e7ar a atua\u00e7\u00e3o junto ao Congresso Nacional, visando tratar das quest\u00f5es e do conte\u00fado dessa nefasta reforma.<br \/>\n\u201cAs Centrais Sindicais conclamam os trabalhadores e as trabalhadoras para o m\u00e1ximo esfor\u00e7o na atua\u00e7\u00e3o junto \u00e0s bases dos deputados e senadores\u201d, diz trecho da nota.<br \/>\nSolidariedade<br \/>\nA CUT e demais centrais sindicais ouviram representantes do Sindicato dos Metrovi\u00e1rios de S\u00e3o Paulo sobre demiss\u00f5es na categoria que aconteceram depois da greve geral, no \u00faltimo dia 14. Em conjunto, as centrais decidiram que ir\u00e3o pedir uma audi\u00eancia com o governador de S\u00e3o Paulo, Jo\u00e3o D\u00f3ria (PSDB), para um di\u00e1logo no sentido de garantir o direito de organiza\u00e7\u00e3o e manifesta\u00e7\u00e3o.<br \/>\n\u201cOs sindicalistas tamb\u00e9m manifestaram rep\u00fadio pelas pr\u00e1ticas antissindicais observadas em outras unidades do pa\u00eds e em outros locais do estado\u201d, diz outro trecho da nota, se referindo a outras pr\u00e1ticas antissindicais que ocorreram pelo pa\u00eds afora.<\/p>\n","protected":false},"excerpt":{"rendered":"<p>Al\u00e9m de um ato nacional em Bras\u00edlia, CUT e centrais definiram que \u00e9 preciso manter a press\u00e3o nas bases dos parlamentares e intensificar a coleta de assinaturas para o abaixo-assinado.<\/p>\n","protected":false},"author":1,"featured_media":0,"comment_status":"closed","ping_status":"open","sticky":false,"template":"","format":"standard","meta":{"_exactmetrics_skip_tracking":false,"_exactmetrics_sitenote_active":false,"_exactmetrics_sitenote_note":"","_exactmetrics_sitenote_category":0,"jetpack_post_was_ever_published":false,"_jetpack_newsletter_access":"","_jetpack_dont_email_post_to_subs":false,"_jetpack_newsletter_tier_id":0,"_jetpack_memberships_contains_paywalled_content":false,"_jetpack_memberships_contains_paid_content":false,"footnotes":"","jetpack_publicize_message":"","jetpack_publicize_feature_enabled":true,"jetpack_social_post_already_shared":true,"jetpack_social_options":{"image_generator_settings":{"template":"highway","enabled":false},"version":2}},"categories":[1],"tags":[],"class_list":["post-22588","post","type-post","status-publish","format-standard","hentry","category-notas"],"jetpack_publicize_connections":[],"jetpack_sharing_enabled":true,"jetpack_featured_media_url":"","jetpack_shortlink":"https:\/\/wp.me\/p7wKYW-5Sk","jetpack-related-posts":[],"_links":{"self":[{"href":"http:\/\/blogdalucianaoliveira.com.br\/blog\/wp-json\/wp\/v2\/posts\/22588","targetHints":{"allow":["GET"]}}],"collection":[{"href":"http:\/\/blogdalucianaoliveira.com.br\/blog\/wp-json\/wp\/v2\/posts"}],"about":[{"href":"http:\/\/blogdalucianaoliveira.com.br\/blog\/wp-json\/wp\/v2\/types\/post"}],"author":[{"embeddable":true,"href":"http:\/\/blogdalucianaoliveira.com.br\/blog\/wp-json\/wp\/v2\/users\/1"}],"replies":[{"embeddable":true,"href":"http:\/\/blogdalucianaoliveira.com.br\/blog\/wp-json\/wp\/v2\/comments?post=22588"}],"version-history":[{"count":1,"href":"http:\/\/blogdalucianaoliveira.com.br\/blog\/wp-json\/wp\/v2\/posts\/22588\/revisions"}],"predecessor-version":[{"id":22590,"href":"http:\/\/blogdalucianaoliveira.com.br\/blog\/wp-json\/wp\/v2\/posts\/22588\/revisions\/22590"}],"wp:attachment":[{"href":"http:\/\/blogdalucianaoliveira.com.br\/blog\/wp-json\/wp\/v2\/media?parent=22588"}],"wp:term":[{"taxonomy":"category","embeddable":true,"href":"http:\/\/blogdalucianaoliveira.com.br\/blog\/wp-json\/wp\/v2\/categories?post=22588"},{"taxonomy":"post_tag","embeddable":true,"href":"http:\/\/blogdalucianaoliveira.com.br\/blog\/wp-json\/wp\/v2\/tags?post=22588"}],"curies":[{"name":"wp","href":"https:\/\/api.w.org\/{rel}","templated":true}]}}