{"id":22591,"date":"2019-07-01T10:35:38","date_gmt":"2019-07-01T14:35:38","guid":{"rendered":"http:\/\/blogdalucianaoliveira.com.br\/blog\/?p=22591"},"modified":"2019-07-01T10:35:38","modified_gmt":"2019-07-01T14:35:38","slug":"um-brasil-de-menos-gente-e-mais-bengalas","status":"publish","type":"post","link":"http:\/\/blogdalucianaoliveira.com.br\/blog\/2019\/07\/01\/um-brasil-de-menos-gente-e-mais-bengalas\/","title":{"rendered":"Um Brasil de menos gente e mais bengalas"},"content":{"rendered":"<p><img data-recalc-dims=\"1\" loading=\"lazy\" decoding=\"async\" data-attachment-id=\"22592\" data-permalink=\"http:\/\/blogdalucianaoliveira.com.br\/blog\/2019\/07\/01\/um-brasil-de-menos-gente-e-mais-bengalas\/idoso-de-bengala\/\" data-orig-file=\"https:\/\/i0.wp.com\/blogdalucianaoliveira.com.br\/blog\/wp-content\/uploads\/2019\/07\/idoso-de-bengala.jpg?fit=1553%2C1200\" data-orig-size=\"1553,1200\" data-comments-opened=\"0\" data-image-meta=\"{&quot;aperture&quot;:&quot;0&quot;,&quot;credit&quot;:&quot;&quot;,&quot;camera&quot;:&quot;&quot;,&quot;caption&quot;:&quot;&quot;,&quot;created_timestamp&quot;:&quot;0&quot;,&quot;copyright&quot;:&quot;&quot;,&quot;focal_length&quot;:&quot;0&quot;,&quot;iso&quot;:&quot;0&quot;,&quot;shutter_speed&quot;:&quot;0&quot;,&quot;title&quot;:&quot;&quot;,&quot;orientation&quot;:&quot;0&quot;}\" data-image-title=\"idoso-de-bengala\" data-image-description=\"\" data-image-caption=\"\" data-medium-file=\"https:\/\/i0.wp.com\/blogdalucianaoliveira.com.br\/blog\/wp-content\/uploads\/2019\/07\/idoso-de-bengala.jpg?fit=300%2C232\" data-large-file=\"https:\/\/i0.wp.com\/blogdalucianaoliveira.com.br\/blog\/wp-content\/uploads\/2019\/07\/idoso-de-bengala.jpg?fit=600%2C463\" class=\"alignnone size-full wp-image-22592\" src=\"https:\/\/i0.wp.com\/blogdalucianaoliveira.com.br\/blog\/wp-content\/uploads\/2019\/07\/idoso-de-bengala.jpg?resize=600%2C464\" alt=\"idoso-de-bengala\" width=\"600\" height=\"464\" srcset=\"https:\/\/i0.wp.com\/blogdalucianaoliveira.com.br\/blog\/wp-content\/uploads\/2019\/07\/idoso-de-bengala.jpg?w=1553 1553w, https:\/\/i0.wp.com\/blogdalucianaoliveira.com.br\/blog\/wp-content\/uploads\/2019\/07\/idoso-de-bengala.jpg?resize=300%2C232 300w, https:\/\/i0.wp.com\/blogdalucianaoliveira.com.br\/blog\/wp-content\/uploads\/2019\/07\/idoso-de-bengala.jpg?resize=768%2C593 768w, https:\/\/i0.wp.com\/blogdalucianaoliveira.com.br\/blog\/wp-content\/uploads\/2019\/07\/idoso-de-bengala.jpg?resize=1024%2C791 1024w, https:\/\/i0.wp.com\/blogdalucianaoliveira.com.br\/blog\/wp-content\/uploads\/2019\/07\/idoso-de-bengala.jpg?resize=388%2C300 388w, https:\/\/i0.wp.com\/blogdalucianaoliveira.com.br\/blog\/wp-content\/uploads\/2019\/07\/idoso-de-bengala.jpg?w=1200 1200w\" sizes=\"auto, (max-width: 600px) 100vw, 600px\" \/><\/p>\n<p>Brasil entrou no s\u00e9culo XXI como a quinta na\u00e7\u00e3o mais populosa do mundo, mas sair\u00e1 dele na 12\u00aa posi\u00e7\u00e3o do ranking global. O pa\u00eds j\u00e1 foi desbancado pelo Paquist\u00e3o, que nos \u00faltimos anos tem crescido em ritmo acelerado: a cada brasileiro que vem ao mundo, nascem dois paquistaneses. Nas pr\u00f3ximas d\u00e9cadas, ser\u00e1 a vez de pa\u00edses africanos como Nig\u00e9ria, Angola e Tanz\u00e2nia ultrapassarem o Brasil. Enquanto reduz seu ritmo de crescimento, a popula\u00e7\u00e3o brasileira envelhece rapidamente. Em 1985, apenas 6% dos brasileiros eram idosos. Em 2015, os mais velhos j\u00e1 eram 12% da popula\u00e7\u00e3o.<!--more--><\/p>\n<p>Na Revista Piau\u00ed<br \/>\nPor Luigi Mazza<\/p>\n<div class=\"post-inner\">\n<p>Em 2015, os mais velhos j\u00e1 eram 12% da popula\u00e7\u00e3o.<\/p>\n<div id=\"piaui-1971525662\" class=\"piaui-miolopost\"><\/div>\n<p><img data-recalc-dims=\"1\" loading=\"lazy\" decoding=\"async\" class=\"alignnone size-full wp-image-370034\" src=\"https:\/\/i0.wp.com\/piaui.folha.uol.com.br\/wp-content\/uploads\/2019\/06\/Populac%25CC%25A7a%25CC%2583o-1.jpg?resize=600%2C411&#038;ssl=1\" alt=\"\" width=\"600\" height=\"411\" \/><\/p>\n<p>Entre 2015 e 2019, a popula\u00e7\u00e3o brasileira aumentou em\u00a0<strong>6,5 milh\u00f5es<\/strong><strong>de pessoas<\/strong>. A popula\u00e7\u00e3o da\u00a0<strong>Nig\u00e9ria<\/strong>\u00a0cresceu o\u00a0<strong>triplo<\/strong>\u00a0disso no mesmo per\u00edodo (19,8 milh\u00f5es).<\/p>\n<p><img data-recalc-dims=\"1\" loading=\"lazy\" decoding=\"async\" class=\"alignnone size-full wp-image-370035\" src=\"https:\/\/i0.wp.com\/piaui.folha.uol.com.br\/wp-content\/uploads\/2019\/06\/Populac%25CC%25A7a%25CC%2583o-2.jpg?resize=600%2C313&#038;ssl=1\" alt=\"\" width=\"600\" height=\"313\" \/><\/p>\n<p>Hoje, a popula\u00e7\u00e3o do Brasil \u00e9\u00a0<strong>igual<\/strong>\u00a0\u00e0 da Nig\u00e9ria. Em\u00a0<strong>2055<\/strong>, haver\u00e1 o\u00a0<strong>dobro<\/strong>\u00a0de pessoas vivendo na Nig\u00e9ria.<\/p>\n<p><img data-recalc-dims=\"1\" loading=\"lazy\" decoding=\"async\" class=\"alignnone size-full wp-image-370036\" src=\"https:\/\/i0.wp.com\/piaui.folha.uol.com.br\/wp-content\/uploads\/2019\/06\/Populac%25CC%25A7a%25CC%2583o-3.jpg?resize=600%2C282&#038;ssl=1\" alt=\"\" width=\"600\" height=\"282\" \/><\/p>\n<p>Para\u00a0<strong>cada pessoa<\/strong>\u00a0que nasce hoje no Brasil,\u00a0<strong>duas<\/strong>\u00a0nascem no\u00a0<strong>Paquist\u00e3o<\/strong>.<\/p>\n<p><img data-recalc-dims=\"1\" loading=\"lazy\" decoding=\"async\" class=\"alignnone size-full wp-image-370037\" src=\"https:\/\/i0.wp.com\/piaui.folha.uol.com.br\/wp-content\/uploads\/2019\/06\/Populac%25CC%25A7a%25CC%2583o-4.jpg?resize=600%2C442&#038;ssl=1\" alt=\"\" width=\"600\" height=\"442\" \/><\/p>\n<p>Em 2008,\u00a0<strong>uma a cada quatro mortes<\/strong>\u00a0no Brasil era de pessoas com\u00a0<strong>80 anos ou mais<\/strong>. Em 2017,\u00a0<strong>uma a cada tr\u00eas mortes<\/strong>\u00a0era de pessoas nessa mesma faixa et\u00e1ria.<\/p>\n<p><img data-recalc-dims=\"1\" loading=\"lazy\" decoding=\"async\" class=\"alignnone size-full wp-image-370038\" src=\"https:\/\/i0.wp.com\/piaui.folha.uol.com.br\/wp-content\/uploads\/2019\/06\/Populac%25CC%25A7a%25CC%2583o-5.jpg?resize=600%2C480&#038;ssl=1\" alt=\"\" width=\"600\" height=\"480\" \/><\/p>\n<p>Em 1985, no Brasil, para cada\u00a0<strong>crian\u00e7a com at\u00e9 1 ano de idade<\/strong>\u00a0havia uma pessoa com\u00a0<strong>mais de 60 anos<\/strong>. J\u00e1 em 2015, para cada crian\u00e7a nessa faixa et\u00e1ria, havia\u00a0<strong>quatro idosos<\/strong>.<\/p>\n<p><img data-recalc-dims=\"1\" loading=\"lazy\" decoding=\"async\" class=\"alignnone size-full wp-image-370039\" src=\"https:\/\/i0.wp.com\/piaui.folha.uol.com.br\/wp-content\/uploads\/2019\/06\/Populac%25CC%25A7a%25CC%2583o-6.jpg?resize=600%2C253&#038;ssl=1\" alt=\"\" width=\"600\" height=\"253\" \/><\/p>\n<p>Em 2010, a propor\u00e7\u00e3o de idosos no\u00a0<strong>Uruguai<\/strong>\u00a0\u2013 onde os idosos t\u00eam maior peso na popula\u00e7\u00e3o, entre v\u00e1rios pa\u00edses da Am\u00e9rica do Sul \u2013 era quase\u00a0<strong>duas vezes<\/strong>\u00a0a do Brasil. Em 2050, os dois pa\u00edses ter\u00e3o\u00a0<strong>a mesma propor\u00e7\u00e3o<\/strong>\u00a0de idosos.<\/p>\n<p><img data-recalc-dims=\"1\" loading=\"lazy\" decoding=\"async\" class=\"alignnone size-full wp-image-370040\" src=\"https:\/\/i0.wp.com\/piaui.folha.uol.com.br\/wp-content\/uploads\/2019\/06\/Populac%25CC%25A7a%25CC%2583o-7.jpg?resize=600%2C272&#038;ssl=1\" alt=\"\" width=\"600\" height=\"272\" \/><\/p>\n<p>No\u00a0<strong>Catar<\/strong>, pa\u00eds com a menor propor\u00e7\u00e3o de mulheres, h\u00e1\u00a0<strong>tr\u00eas homens para cada mulher<\/strong>. Na\u00a0<strong>Let\u00f4nia<\/strong>, pa\u00eds com a maior propor\u00e7\u00e3o de mulheres, h\u00e1 quase\u00a0<strong>duas mulheres para cada homem<\/strong>.<\/p>\n<p><img data-recalc-dims=\"1\" loading=\"lazy\" decoding=\"async\" class=\"alignnone size-full wp-image-370041\" src=\"https:\/\/i0.wp.com\/piaui.folha.uol.com.br\/wp-content\/uploads\/2019\/06\/Populac%25CC%25A7a%25CC%2583o-8.jpg?resize=600%2C478&#038;ssl=1\" alt=\"\" width=\"600\" height=\"478\" \/><\/p>\n<p>A popula\u00e7\u00e3o de\u00a0<strong>mulheres<\/strong>\u00a0na\u00a0<strong>\u00cdndia<\/strong>\u00a0(656,2 milh\u00f5es) \u00e9 igual \u00e0 popula\u00e7\u00e3o total de\u00a0<strong>toda a Am\u00e9rica Latina mais Caribe<\/strong>\u00a0(648 milh\u00f5es).<\/p>\n<p><b>Fontes:\u00a0<\/b>Departamento de Assuntos Econ\u00f4micos e Sociais das Na\u00e7\u00f5es Unidas (ONU); Minist\u00e9rio da Sa\u00fade.<\/p>\n<\/div>\n<div class=\"post-fim no-print\"><\/div>\n<p>&nbsp;<\/p>\n","protected":false},"excerpt":{"rendered":"<p>Brasil entrou no s\u00e9culo XXI como a quinta na\u00e7\u00e3o mais populosa do mundo, mas sair\u00e1 dele na 12\u00aa posi\u00e7\u00e3o do ranking global. O pa\u00eds j\u00e1 foi desbancado pelo Paquist\u00e3o, que nos \u00faltimos anos tem crescido em ritmo acelerado: a cada brasileiro que vem ao mundo, nascem dois paquistaneses. Nas pr\u00f3ximas d\u00e9cadas, ser\u00e1 a vez de&#8230;<a class=\"more-link\" href=\"http:\/\/blogdalucianaoliveira.com.br\/blog\/2019\/07\/01\/um-brasil-de-menos-gente-e-mais-bengalas\/\">Continue a leitura <span class=\"meta-nav\">&raquo;<\/span><\/a><\/p>\n","protected":false},"author":1,"featured_media":0,"comment_status":"closed","ping_status":"open","sticky":false,"template":"","format":"standard","meta":{"_exactmetrics_skip_tracking":false,"_exactmetrics_sitenote_active":false,"_exactmetrics_sitenote_note":"","_exactmetrics_sitenote_category":0,"jetpack_post_was_ever_published":false,"_jetpack_newsletter_access":"","_jetpack_dont_email_post_to_subs":false,"_jetpack_newsletter_tier_id":0,"_jetpack_memberships_contains_paywalled_content":false,"_jetpack_memberships_contains_paid_content":false,"footnotes":"","jetpack_publicize_message":"","jetpack_publicize_feature_enabled":true,"jetpack_social_post_already_shared":true,"jetpack_social_options":{"image_generator_settings":{"template":"highway","enabled":false},"version":2}},"categories":[1],"tags":[],"class_list":["post-22591","post","type-post","status-publish","format-standard","hentry","category-notas"],"jetpack_publicize_connections":[],"jetpack_sharing_enabled":true,"jetpack_featured_media_url":"","jetpack_shortlink":"https:\/\/wp.me\/p7wKYW-5Sn","jetpack-related-posts":[],"_links":{"self":[{"href":"http:\/\/blogdalucianaoliveira.com.br\/blog\/wp-json\/wp\/v2\/posts\/22591","targetHints":{"allow":["GET"]}}],"collection":[{"href":"http:\/\/blogdalucianaoliveira.com.br\/blog\/wp-json\/wp\/v2\/posts"}],"about":[{"href":"http:\/\/blogdalucianaoliveira.com.br\/blog\/wp-json\/wp\/v2\/types\/post"}],"author":[{"embeddable":true,"href":"http:\/\/blogdalucianaoliveira.com.br\/blog\/wp-json\/wp\/v2\/users\/1"}],"replies":[{"embeddable":true,"href":"http:\/\/blogdalucianaoliveira.com.br\/blog\/wp-json\/wp\/v2\/comments?post=22591"}],"version-history":[{"count":1,"href":"http:\/\/blogdalucianaoliveira.com.br\/blog\/wp-json\/wp\/v2\/posts\/22591\/revisions"}],"predecessor-version":[{"id":22593,"href":"http:\/\/blogdalucianaoliveira.com.br\/blog\/wp-json\/wp\/v2\/posts\/22591\/revisions\/22593"}],"wp:attachment":[{"href":"http:\/\/blogdalucianaoliveira.com.br\/blog\/wp-json\/wp\/v2\/media?parent=22591"}],"wp:term":[{"taxonomy":"category","embeddable":true,"href":"http:\/\/blogdalucianaoliveira.com.br\/blog\/wp-json\/wp\/v2\/categories?post=22591"},{"taxonomy":"post_tag","embeddable":true,"href":"http:\/\/blogdalucianaoliveira.com.br\/blog\/wp-json\/wp\/v2\/tags?post=22591"}],"curies":[{"name":"wp","href":"https:\/\/api.w.org\/{rel}","templated":true}]}}