{"id":22598,"date":"2019-07-01T11:52:07","date_gmt":"2019-07-01T15:52:07","guid":{"rendered":"http:\/\/blogdalucianaoliveira.com.br\/blog\/?p=22598"},"modified":"2019-07-01T11:53:01","modified_gmt":"2019-07-01T15:53:01","slug":"em-tempo-de-crise-poupe-mas-nao-no-riso","status":"publish","type":"post","link":"http:\/\/blogdalucianaoliveira.com.br\/blog\/2019\/07\/01\/em-tempo-de-crise-poupe-mas-nao-no-riso\/","title":{"rendered":"Em tempo de crise, economize, mas n\u00e3o no riso"},"content":{"rendered":"<p><img data-recalc-dims=\"1\" loading=\"lazy\" decoding=\"async\" data-attachment-id=\"22599\" data-permalink=\"http:\/\/blogdalucianaoliveira.com.br\/blog\/2019\/07\/01\/em-tempo-de-crise-poupe-mas-nao-no-riso\/78f5fbc1-9559-4e5a-a091-8a1f4e4ae175\/\" data-orig-file=\"https:\/\/i0.wp.com\/blogdalucianaoliveira.com.br\/blog\/wp-content\/uploads\/2019\/07\/78F5FBC1-9559-4E5A-A091-8A1F4E4AE175.jpeg?fit=489%2C275\" data-orig-size=\"489,275\" data-comments-opened=\"0\" data-image-meta=\"{&quot;aperture&quot;:&quot;0&quot;,&quot;credit&quot;:&quot;&quot;,&quot;camera&quot;:&quot;&quot;,&quot;caption&quot;:&quot;&quot;,&quot;created_timestamp&quot;:&quot;0&quot;,&quot;copyright&quot;:&quot;&quot;,&quot;focal_length&quot;:&quot;0&quot;,&quot;iso&quot;:&quot;0&quot;,&quot;shutter_speed&quot;:&quot;0&quot;,&quot;title&quot;:&quot;&quot;,&quot;orientation&quot;:&quot;1&quot;}\" data-image-title=\"78F5FBC1-9559-4E5A-A091-8A1F4E4AE175\" data-image-description=\"\" data-image-caption=\"\" data-medium-file=\"https:\/\/i0.wp.com\/blogdalucianaoliveira.com.br\/blog\/wp-content\/uploads\/2019\/07\/78F5FBC1-9559-4E5A-A091-8A1F4E4AE175.jpeg?fit=300%2C169\" data-large-file=\"https:\/\/i0.wp.com\/blogdalucianaoliveira.com.br\/blog\/wp-content\/uploads\/2019\/07\/78F5FBC1-9559-4E5A-A091-8A1F4E4AE175.jpeg?fit=489%2C275\" src=\"https:\/\/i0.wp.com\/blogdalucianaoliveira.com.br\/blog\/wp-content\/uploads\/2019\/07\/78F5FBC1-9559-4E5A-A091-8A1F4E4AE175.jpeg?resize=489%2C275\" alt=\"78F5FBC1-9559-4E5A-A091-8A1F4E4AE175\" width=\"489\" height=\"275\" class=\"alignnone size-full wp-image-22599\" srcset=\"https:\/\/i0.wp.com\/blogdalucianaoliveira.com.br\/blog\/wp-content\/uploads\/2019\/07\/78F5FBC1-9559-4E5A-A091-8A1F4E4AE175.jpeg?w=489 489w, https:\/\/i0.wp.com\/blogdalucianaoliveira.com.br\/blog\/wp-content\/uploads\/2019\/07\/78F5FBC1-9559-4E5A-A091-8A1F4E4AE175.jpeg?resize=300%2C169 300w\" sizes=\"auto, (max-width: 489px) 100vw, 489px\" \/><\/p>\n<p>\u201cEst\u00e3o me chamando de comunista. Todo mundo que discorda de Bolsonaro \u00e9 comunista. Isso \u00e9 uma loucura\u201d, diz  o l\u00edder do MBL, deputado Kim Kataguiri.<\/p>\n<p>Bom, aula sobre marxismo ele j\u00e1 deu.<\/p>\n<p>Para se dar bem com a bandeira anti-esquerda, anti-comunismo e anti-trabalhadores, chegou a dizer que &#8220;Karl Marx teria \u201cpercebido seus erros\u201d (segundo ele) ao presenciar a I Guerra Mundial. Marx morreu em 1883, 31 anos antes daquele conflito&#8221;.<\/p>\n<p>ha ha ha&#8230;<\/p>\n","protected":false},"excerpt":{"rendered":"<p>\u201cEst\u00e3o me chamando de comunista. Todo mundo que discorda de Bolsonaro \u00e9 comunista. Isso \u00e9 uma loucura\u201d, diz o l\u00edder do MBL, deputado Kim Kataguiri. Bom, aula sobre marxismo ele j\u00e1 deu. Para se dar bem com a bandeira anti-esquerda, anti-comunismo e anti-trabalhadores, chegou a dizer que &#8220;Karl Marx teria \u201cpercebido seus erros\u201d (segundo ele)&#8230;<a class=\"more-link\" href=\"http:\/\/blogdalucianaoliveira.com.br\/blog\/2019\/07\/01\/em-tempo-de-crise-poupe-mas-nao-no-riso\/\">Continue a leitura <span class=\"meta-nav\">&raquo;<\/span><\/a><\/p>\n","protected":false},"author":1,"featured_media":0,"comment_status":"closed","ping_status":"open","sticky":false,"template":"","format":"standard","meta":{"_exactmetrics_skip_tracking":false,"_exactmetrics_sitenote_active":false,"_exactmetrics_sitenote_note":"","_exactmetrics_sitenote_category":0,"jetpack_post_was_ever_published":false,"_jetpack_newsletter_access":"","_jetpack_dont_email_post_to_subs":false,"_jetpack_newsletter_tier_id":0,"_jetpack_memberships_contains_paywalled_content":false,"_jetpack_memberships_contains_paid_content":false,"footnotes":"","jetpack_publicize_message":"","jetpack_publicize_feature_enabled":true,"jetpack_social_post_already_shared":true,"jetpack_social_options":{"image_generator_settings":{"template":"highway","enabled":false},"version":2}},"categories":[1],"tags":[],"class_list":["post-22598","post","type-post","status-publish","format-standard","hentry","category-notas"],"jetpack_publicize_connections":[],"jetpack_sharing_enabled":true,"jetpack_featured_media_url":"","jetpack_shortlink":"https:\/\/wp.me\/p7wKYW-5Su","jetpack-related-posts":[],"_links":{"self":[{"href":"http:\/\/blogdalucianaoliveira.com.br\/blog\/wp-json\/wp\/v2\/posts\/22598","targetHints":{"allow":["GET"]}}],"collection":[{"href":"http:\/\/blogdalucianaoliveira.com.br\/blog\/wp-json\/wp\/v2\/posts"}],"about":[{"href":"http:\/\/blogdalucianaoliveira.com.br\/blog\/wp-json\/wp\/v2\/types\/post"}],"author":[{"embeddable":true,"href":"http:\/\/blogdalucianaoliveira.com.br\/blog\/wp-json\/wp\/v2\/users\/1"}],"replies":[{"embeddable":true,"href":"http:\/\/blogdalucianaoliveira.com.br\/blog\/wp-json\/wp\/v2\/comments?post=22598"}],"version-history":[{"count":3,"href":"http:\/\/blogdalucianaoliveira.com.br\/blog\/wp-json\/wp\/v2\/posts\/22598\/revisions"}],"predecessor-version":[{"id":22602,"href":"http:\/\/blogdalucianaoliveira.com.br\/blog\/wp-json\/wp\/v2\/posts\/22598\/revisions\/22602"}],"wp:attachment":[{"href":"http:\/\/blogdalucianaoliveira.com.br\/blog\/wp-json\/wp\/v2\/media?parent=22598"}],"wp:term":[{"taxonomy":"category","embeddable":true,"href":"http:\/\/blogdalucianaoliveira.com.br\/blog\/wp-json\/wp\/v2\/categories?post=22598"},{"taxonomy":"post_tag","embeddable":true,"href":"http:\/\/blogdalucianaoliveira.com.br\/blog\/wp-json\/wp\/v2\/tags?post=22598"}],"curies":[{"name":"wp","href":"https:\/\/api.w.org\/{rel}","templated":true}]}}