{"id":2260,"date":"2016-07-11T18:49:54","date_gmt":"2016-07-11T22:49:54","guid":{"rendered":"http:\/\/blogdalucianaoliveira.com.br\/blog\/?p=2260"},"modified":"2016-07-11T18:49:54","modified_gmt":"2016-07-11T22:49:54","slug":"porto-velho-tera-ato-pelos-26-anos-do-eca-e-contra-a-reducao-da-maioridade","status":"publish","type":"post","link":"http:\/\/blogdalucianaoliveira.com.br\/blog\/2016\/07\/11\/porto-velho-tera-ato-pelos-26-anos-do-eca-e-contra-a-reducao-da-maioridade\/","title":{"rendered":"Porto Velho ter\u00e1 ato pelos 26 anos do ECA e contra a redu\u00e7\u00e3o da maioridade"},"content":{"rendered":"<p><img data-recalc-dims=\"1\" loading=\"lazy\" decoding=\"async\" data-attachment-id=\"2263\" data-permalink=\"http:\/\/blogdalucianaoliveira.com.br\/blog\/2016\/07\/11\/porto-velho-tera-ato-pelos-26-anos-do-eca-e-contra-a-reducao-da-maioridade\/img_0477\/\" data-orig-file=\"https:\/\/i0.wp.com\/blogdalucianaoliveira.com.br\/blog\/wp-content\/uploads\/2016\/07\/IMG_0477.jpg?fit=2900%2C2446\" data-orig-size=\"2900,2446\" data-comments-opened=\"0\" data-image-meta=\"{&quot;aperture&quot;:&quot;2.2&quot;,&quot;credit&quot;:&quot;&quot;,&quot;camera&quot;:&quot;iPhone 6&quot;,&quot;caption&quot;:&quot;&quot;,&quot;created_timestamp&quot;:&quot;1468257092&quot;,&quot;copyright&quot;:&quot;&quot;,&quot;focal_length&quot;:&quot;4.15&quot;,&quot;iso&quot;:&quot;250&quot;,&quot;shutter_speed&quot;:&quot;0.0333333333333&quot;,&quot;title&quot;:&quot;&quot;,&quot;orientation&quot;:&quot;1&quot;}\" data-image-title=\"IMG_0477\" data-image-description=\"\" data-image-caption=\"\" data-medium-file=\"https:\/\/i0.wp.com\/blogdalucianaoliveira.com.br\/blog\/wp-content\/uploads\/2016\/07\/IMG_0477.jpg?fit=300%2C253\" data-large-file=\"https:\/\/i0.wp.com\/blogdalucianaoliveira.com.br\/blog\/wp-content\/uploads\/2016\/07\/IMG_0477.jpg?fit=600%2C506\" src=\"https:\/\/i0.wp.com\/blogdalucianaoliveira.com.br\/blog\/wp-content\/uploads\/2016\/07\/IMG_0477.jpg?resize=600%2C506\" alt=\"IMG_0477\" width=\"600\" height=\"506\" class=\"alignnone size-full wp-image-2263\" srcset=\"https:\/\/i0.wp.com\/blogdalucianaoliveira.com.br\/blog\/wp-content\/uploads\/2016\/07\/IMG_0477.jpg?w=2900 2900w, https:\/\/i0.wp.com\/blogdalucianaoliveira.com.br\/blog\/wp-content\/uploads\/2016\/07\/IMG_0477.jpg?resize=300%2C253 300w, https:\/\/i0.wp.com\/blogdalucianaoliveira.com.br\/blog\/wp-content\/uploads\/2016\/07\/IMG_0477.jpg?resize=768%2C648 768w, https:\/\/i0.wp.com\/blogdalucianaoliveira.com.br\/blog\/wp-content\/uploads\/2016\/07\/IMG_0477.jpg?resize=1024%2C864 1024w, https:\/\/i0.wp.com\/blogdalucianaoliveira.com.br\/blog\/wp-content\/uploads\/2016\/07\/IMG_0477.jpg?resize=356%2C300 356w, https:\/\/i0.wp.com\/blogdalucianaoliveira.com.br\/blog\/wp-content\/uploads\/2016\/07\/IMG_0477.jpg?w=1200 1200w, https:\/\/i0.wp.com\/blogdalucianaoliveira.com.br\/blog\/wp-content\/uploads\/2016\/07\/IMG_0477.jpg?w=1800 1800w\" sizes=\"auto, (max-width: 600px) 100vw, 600px\" \/><br \/>\nA data ser\u00e1 lembrada em atos por todo o pa\u00eds, nesta quarta-feira (13) com foco no combate \u00e0 redu\u00e7\u00e3o da maioridade previsto na Proposta de Emenda \u00e0 Constitui\u00e7\u00e3o (PEC) 171\/93 que reduz, em alguns casos, a maioridade penal de 18 para 16 anos. Em Porto Velho, a programa\u00e7\u00e3o foi fechada numa reuni\u00e3o na Arquidiocese. O ato est\u00e1 marcado para as 17 horas, no Espa\u00e7o Alternativo, com apresenta\u00e7\u00f5es art\u00edsticas e falas sobre viola\u00e7\u00f5es de direitos humanos que afetam crian\u00e7as e adolescentes.<!--more--><\/p>\n<p>As entidades que atendem menores em conflito com a lei defendem que o Estatuto da Crian\u00e7a e do Adolescente precisa ser cumprido e n\u00e3o ignorado como vem ocorrendo desde a sua implementa\u00e7\u00e3o. A redu\u00e7\u00e3o da maioridade sem uma pol\u00edtica eficaz de atendimento a esses menores n\u00e3o resolver\u00e1 problemas estruturais que est\u00e3o ligados a m\u00e1 distribui\u00e7\u00e3o de renda e aos bols\u00f5es de pobreza, que deixam os jovens sem perspectiva, vulner\u00e1veis ao mundo do crime organizado.<\/p>\n<p>A PEC 171 foi aprovada em primeiro turno na C\u00e2mara, ap\u00f3s uma manobra do presidente da casa, deputado Eduardo Cunha (PMDB-RJ), que recolocou o projeto em vota\u00e7\u00e3o, mesmo a mat\u00e9ria tendo sido rejeitada no dia anterior.<\/p>\n<p>A bancada de Rond\u00f4nia na C\u00e2mara votou em peso pela redu\u00e7\u00e3o: Marcos Rog\u00e9rio, Lindomar Gar\u00e7om, L\u00facio Mosquini, Mariana Carvalho, Lu\u00eds Cl\u00e1udio e Niltom Capixaba.<\/p>\n<p><img data-recalc-dims=\"1\" loading=\"lazy\" decoding=\"async\" data-attachment-id=\"2262\" data-permalink=\"http:\/\/blogdalucianaoliveira.com.br\/blog\/2016\/07\/11\/porto-velho-tera-ato-pelos-26-anos-do-eca-e-contra-a-reducao-da-maioridade\/expedito\/\" data-orig-file=\"https:\/\/i0.wp.com\/blogdalucianaoliveira.com.br\/blog\/wp-content\/uploads\/2016\/07\/expedito.jpg?fit=350%2C200\" data-orig-size=\"350,200\" data-comments-opened=\"0\" data-image-meta=\"{&quot;aperture&quot;:&quot;0&quot;,&quot;credit&quot;:&quot;&quot;,&quot;camera&quot;:&quot;&quot;,&quot;caption&quot;:&quot;&quot;,&quot;created_timestamp&quot;:&quot;0&quot;,&quot;copyright&quot;:&quot;&quot;,&quot;focal_length&quot;:&quot;0&quot;,&quot;iso&quot;:&quot;0&quot;,&quot;shutter_speed&quot;:&quot;0&quot;,&quot;title&quot;:&quot;&quot;,&quot;orientation&quot;:&quot;0&quot;}\" data-image-title=\"expedito\" data-image-description=\"\" data-image-caption=\"\" data-medium-file=\"https:\/\/i0.wp.com\/blogdalucianaoliveira.com.br\/blog\/wp-content\/uploads\/2016\/07\/expedito.jpg?fit=300%2C171\" data-large-file=\"https:\/\/i0.wp.com\/blogdalucianaoliveira.com.br\/blog\/wp-content\/uploads\/2016\/07\/expedito.jpg?fit=350%2C200\" src=\"https:\/\/i0.wp.com\/blogdalucianaoliveira.com.br\/blog\/wp-content\/uploads\/2016\/07\/expedito.jpg?resize=350%2C200\" alt=\"expedito\" width=\"350\" height=\"200\" class=\"alignnone size-full wp-image-2262\" srcset=\"https:\/\/i0.wp.com\/blogdalucianaoliveira.com.br\/blog\/wp-content\/uploads\/2016\/07\/expedito.jpg?w=350 350w, https:\/\/i0.wp.com\/blogdalucianaoliveira.com.br\/blog\/wp-content\/uploads\/2016\/07\/expedito.jpg?resize=300%2C171 300w\" sizes=\"auto, (max-width: 350px) 100vw, 350px\" \/><\/p>\n<p>Expedito Neto votou contra a redu\u00e7\u00e3o, distribuiu mat\u00e9ria na imprensa condenando a proposta e no dia seguinte mudou de ideia, votando favoravelmente.<\/p>\n<p>http:\/\/www.tudorondonia.com.br\/noticias\/porque-votei-contra-a-reducao-da-maioridade-penal-por-expedito-netto-deputado-federal,53344.shtml<\/p>\n<p>S\u00f3 a deputada Marinha Raupp votou contra a redu\u00e7\u00e3o.<\/p>\n<p>&#8220;Para as entidades, a melhor resposta no enfrentamento \u00e0 viol\u00eancia \u00e9 o desenvolvimento e a efetiva\u00e7\u00e3o de pol\u00edticas p\u00fablicas de educa\u00e7\u00e3o, trabalho, cultura, desenvolvimento urbano, tudo o que amplie a prote\u00e7\u00e3o dos jovens. Muitas delas j\u00e1 constantes do ECA.&#8221;<\/p>\n<p>Dados Rede Brasil Atual<\/p>\n<p>De acordo com as estat\u00edsticas dispon\u00edveis, os crimes graves \u2013 homic\u00eddio, latroc\u00ednio, estupro, les\u00e3o corporal \u2013 correspondem a 13,3% do total de atos infracionais cometidos por adolescentes no Brasil. A pr\u00e1tica de roubo responde por 38,6% dos casos e o tr\u00e1fico de drogas, por 27%. Em 2012, o Brasil tinha 108.554 adolescentes cumprindo medida socioeducativa, segundo o Censo do Sistema \u00danico de Assist\u00eancia Social, elaborado em 2014. O n\u00famero equivale a 0,18% dos 60 milh\u00f5es de brasileiros com menos de 18 anos.<\/p>\n<p>Relat\u00f3rio divulgado no m\u00eas passado pelo Conselho Nacional do Minist\u00e9rio P\u00fablico, indica que 40% das unidades de interna\u00e7\u00e3o para jovens s\u00e3o insalubres e 66% delas est\u00e3o superlotadas. Al\u00e9m disso, 38,5% das unidades de interna\u00e7\u00e3o n\u00e3o possuem espa\u00e7os adequados para atividades profissionalizantes e 28,7% n\u00e3o possuem salas de aula adequadas.<\/p>\n<p>Outro documento, elaborado pelo Instituto de Pesquisas Econ\u00f4micas Aplicadas (Ipea) indica que a situa\u00e7\u00e3o constatada pelo conselho do MP refor\u00e7a um problema anterior ao ato infracional e que se perpetua ap\u00f3s o cumprimento da medida socioeducativa: cerca de um ter\u00e7o dos adolescentes com idade de 15 a 17 anos cumprindo medidas no pa\u00eds, em 2013, ainda n\u00e3o havia conclu\u00eddo o ensino fundamental. E somente 1,32% havia conclu\u00eddo o ensino m\u00e9dio.<br \/>\nAinda segundo os dados do Ipea, 60% dos adolescentes privados de liberdade eram negros e 66% viviam em fam\u00edlias consideradas extremamente pobres. Al\u00e9m da alta defasagem escolar, 51% desses adolescentes n\u00e3o frequentavam a escola quando foram apreendidos e outros 49% estavam desempregados.<\/p>\n<p>Engana\u00e7\u00e3o<\/p>\n<p>Uma das defesas mais utilizadas pelos defensores da redu\u00e7\u00e3o da maioridade penal \u00e9 que outros pa\u00edses t\u00eam idades penais inferiores \u00e0 do Brasil. No entanto, a informa\u00e7\u00e3o tem sido distorcida e esconde a diferen\u00e7a entre responsabilidade penal e maioridade penal. A primeira indica a possibilidade de uma puni\u00e7\u00e3o, associada a medidas educacionais, profissionais e psicossociais, aplic\u00e1veis aos adolescentes. No Brasil, a responsabilidade se d\u00e1 a partir dos 12 anos. A segunda diz respeito \u00e0 puni\u00e7\u00e3o para os adultos.<\/p>\n<p>\u201cNo mundo, somos um dos pa\u00edses que responsabiliza mais cedo e o ECA \u00e9 internacionalmente reconhecido como uma das melhores legisla\u00e7\u00f5es do planeta\u201d, destaca Belchior.<\/p>\n<p>Na Alemanha, na \u00c1ustria, na It\u00e1lia e no Jap\u00e3o, por exemplo, a responsabiliza\u00e7\u00e3o se inicia aos 14 anos. E a idade penal, aos 21. Entre 18 e 21 anos, existe um sistema chamado \u201cjovens adultos\u201d, que atenua e diferencia a puni\u00e7\u00e3o para a pr\u00e1tica de crimes. Na Inglaterra, onde a responsabilidade \u00e9 aplicada a partir dos dez anos, a crian\u00e7a ou adolescente n\u00e3o pode ter a liberdade restringida at\u00e9 os 15.<\/p>\n<p><img data-recalc-dims=\"1\" loading=\"lazy\" decoding=\"async\" data-attachment-id=\"2261\" data-permalink=\"http:\/\/blogdalucianaoliveira.com.br\/blog\/2016\/07\/11\/porto-velho-tera-ato-pelos-26-anos-do-eca-e-contra-a-reducao-da-maioridade\/reducao-maioridade-penal\/\" data-orig-file=\"https:\/\/i0.wp.com\/blogdalucianaoliveira.com.br\/blog\/wp-content\/uploads\/2016\/07\/reducao-maioridade-penal.jpeg?fit=665%2C780\" data-orig-size=\"665,780\" data-comments-opened=\"0\" data-image-meta=\"{&quot;aperture&quot;:&quot;0&quot;,&quot;credit&quot;:&quot;&quot;,&quot;camera&quot;:&quot;&quot;,&quot;caption&quot;:&quot;&quot;,&quot;created_timestamp&quot;:&quot;0&quot;,&quot;copyright&quot;:&quot;&quot;,&quot;focal_length&quot;:&quot;0&quot;,&quot;iso&quot;:&quot;0&quot;,&quot;shutter_speed&quot;:&quot;0&quot;,&quot;title&quot;:&quot;&quot;,&quot;orientation&quot;:&quot;0&quot;}\" data-image-title=\"reducao-maioridade-penal\" data-image-description=\"\" data-image-caption=\"\" data-medium-file=\"https:\/\/i0.wp.com\/blogdalucianaoliveira.com.br\/blog\/wp-content\/uploads\/2016\/07\/reducao-maioridade-penal.jpeg?fit=256%2C300\" data-large-file=\"https:\/\/i0.wp.com\/blogdalucianaoliveira.com.br\/blog\/wp-content\/uploads\/2016\/07\/reducao-maioridade-penal.jpeg?fit=600%2C704\" src=\"https:\/\/i0.wp.com\/blogdalucianaoliveira.com.br\/blog\/wp-content\/uploads\/2016\/07\/reducao-maioridade-penal.jpeg?resize=600%2C704\" alt=\"reducao-maioridade-penal\" width=\"600\" height=\"704\" class=\"alignnone size-full wp-image-2261\" srcset=\"https:\/\/i0.wp.com\/blogdalucianaoliveira.com.br\/blog\/wp-content\/uploads\/2016\/07\/reducao-maioridade-penal.jpeg?w=665 665w, https:\/\/i0.wp.com\/blogdalucianaoliveira.com.br\/blog\/wp-content\/uploads\/2016\/07\/reducao-maioridade-penal.jpeg?resize=256%2C300 256w\" sizes=\"auto, (max-width: 600px) 100vw, 600px\" \/><\/p>\n","protected":false},"excerpt":{"rendered":"<p>A data ser\u00e1 lembrada em atos por todo o pa\u00eds, nesta quarta-feira (13) com foco no combate \u00e0 redu\u00e7\u00e3o da maioridade previsto na Proposta de Emenda \u00e0 Constitui\u00e7\u00e3o (PEC) 171\/93 que reduz, em alguns casos, a maioridade penal de 18 para 16 anos. Em Porto Velho, a programa\u00e7\u00e3o foi fechada numa reuni\u00e3o na Arquidiocese. O&#8230;<a class=\"more-link\" href=\"http:\/\/blogdalucianaoliveira.com.br\/blog\/2016\/07\/11\/porto-velho-tera-ato-pelos-26-anos-do-eca-e-contra-a-reducao-da-maioridade\/\">Continue a leitura <span class=\"meta-nav\">&raquo;<\/span><\/a><\/p>\n","protected":false},"author":1,"featured_media":0,"comment_status":"closed","ping_status":"open","sticky":false,"template":"","format":"standard","meta":{"_exactmetrics_skip_tracking":false,"_exactmetrics_sitenote_active":false,"_exactmetrics_sitenote_note":"","_exactmetrics_sitenote_category":0,"jetpack_post_was_ever_published":false,"_jetpack_newsletter_access":"","_jetpack_dont_email_post_to_subs":false,"_jetpack_newsletter_tier_id":0,"_jetpack_memberships_contains_paywalled_content":false,"_jetpack_memberships_contains_paid_content":false,"footnotes":"","jetpack_publicize_message":"","jetpack_publicize_feature_enabled":true,"jetpack_social_post_already_shared":true,"jetpack_social_options":{"image_generator_settings":{"template":"highway","enabled":false},"version":2}},"categories":[1],"tags":[154,69,155],"class_list":["post-2260","post","type-post","status-publish","format-standard","hentry","category-notas","tag-eca","tag-lava-jato","tag-reducao-da-maioridade"],"jetpack_publicize_connections":[],"jetpack_sharing_enabled":true,"jetpack_featured_media_url":"","jetpack_shortlink":"https:\/\/wp.me\/p7wKYW-As","jetpack-related-posts":[],"_links":{"self":[{"href":"http:\/\/blogdalucianaoliveira.com.br\/blog\/wp-json\/wp\/v2\/posts\/2260","targetHints":{"allow":["GET"]}}],"collection":[{"href":"http:\/\/blogdalucianaoliveira.com.br\/blog\/wp-json\/wp\/v2\/posts"}],"about":[{"href":"http:\/\/blogdalucianaoliveira.com.br\/blog\/wp-json\/wp\/v2\/types\/post"}],"author":[{"embeddable":true,"href":"http:\/\/blogdalucianaoliveira.com.br\/blog\/wp-json\/wp\/v2\/users\/1"}],"replies":[{"embeddable":true,"href":"http:\/\/blogdalucianaoliveira.com.br\/blog\/wp-json\/wp\/v2\/comments?post=2260"}],"version-history":[{"count":1,"href":"http:\/\/blogdalucianaoliveira.com.br\/blog\/wp-json\/wp\/v2\/posts\/2260\/revisions"}],"predecessor-version":[{"id":2264,"href":"http:\/\/blogdalucianaoliveira.com.br\/blog\/wp-json\/wp\/v2\/posts\/2260\/revisions\/2264"}],"wp:attachment":[{"href":"http:\/\/blogdalucianaoliveira.com.br\/blog\/wp-json\/wp\/v2\/media?parent=2260"}],"wp:term":[{"taxonomy":"category","embeddable":true,"href":"http:\/\/blogdalucianaoliveira.com.br\/blog\/wp-json\/wp\/v2\/categories?post=2260"},{"taxonomy":"post_tag","embeddable":true,"href":"http:\/\/blogdalucianaoliveira.com.br\/blog\/wp-json\/wp\/v2\/tags?post=2260"}],"curies":[{"name":"wp","href":"https:\/\/api.w.org\/{rel}","templated":true}]}}