{"id":22603,"date":"2019-07-01T17:43:19","date_gmt":"2019-07-01T21:43:19","guid":{"rendered":"http:\/\/blogdalucianaoliveira.com.br\/blog\/?p=22603"},"modified":"2019-07-01T17:43:19","modified_gmt":"2019-07-01T21:43:19","slug":"inscricoes-abertas-seminario-precisamos-falar-sobre-feminismo-2-a-edicao","status":"publish","type":"post","link":"http:\/\/blogdalucianaoliveira.com.br\/blog\/2019\/07\/01\/inscricoes-abertas-seminario-precisamos-falar-sobre-feminismo-2-a-edicao\/","title":{"rendered":"Inscri\u00e7\u00f5es abertas: Semin\u00e1rio Precisamos Falar Sobre Feminismo &#8211; 2 \u00aa Edi\u00e7\u00e3o"},"content":{"rendered":"<p><img data-recalc-dims=\"1\" loading=\"lazy\" decoding=\"async\" data-attachment-id=\"22604\" data-permalink=\"http:\/\/blogdalucianaoliveira.com.br\/blog\/2019\/07\/01\/inscricoes-abertas-seminario-precisamos-falar-sobre-feminismo-2-a-edicao\/59775cb3-7400-4659-90fc-2bc263c926e1\/\" data-orig-file=\"https:\/\/i0.wp.com\/blogdalucianaoliveira.com.br\/blog\/wp-content\/uploads\/2019\/07\/59775CB3-7400-4659-90FC-2BC263C926E1.jpeg?fit=842%2C1191\" data-orig-size=\"842,1191\" data-comments-opened=\"0\" data-image-meta=\"{&quot;aperture&quot;:&quot;0&quot;,&quot;credit&quot;:&quot;&quot;,&quot;camera&quot;:&quot;&quot;,&quot;caption&quot;:&quot;&quot;,&quot;created_timestamp&quot;:&quot;0&quot;,&quot;copyright&quot;:&quot;&quot;,&quot;focal_length&quot;:&quot;0&quot;,&quot;iso&quot;:&quot;0&quot;,&quot;shutter_speed&quot;:&quot;0&quot;,&quot;title&quot;:&quot;&quot;,&quot;orientation&quot;:&quot;0&quot;}\" data-image-title=\"59775CB3-7400-4659-90FC-2BC263C926E1\" data-image-description=\"\" data-image-caption=\"\" data-medium-file=\"https:\/\/i0.wp.com\/blogdalucianaoliveira.com.br\/blog\/wp-content\/uploads\/2019\/07\/59775CB3-7400-4659-90FC-2BC263C926E1.jpeg?fit=212%2C300\" data-large-file=\"https:\/\/i0.wp.com\/blogdalucianaoliveira.com.br\/blog\/wp-content\/uploads\/2019\/07\/59775CB3-7400-4659-90FC-2BC263C926E1.jpeg?fit=600%2C849\" class=\"alignnone size-full wp-image-22604\" src=\"https:\/\/i0.wp.com\/blogdalucianaoliveira.com.br\/blog\/wp-content\/uploads\/2019\/07\/59775CB3-7400-4659-90FC-2BC263C926E1.jpeg?resize=600%2C849\" alt=\"59775CB3-7400-4659-90FC-2BC263C926E1\" width=\"600\" height=\"849\" srcset=\"https:\/\/i0.wp.com\/blogdalucianaoliveira.com.br\/blog\/wp-content\/uploads\/2019\/07\/59775CB3-7400-4659-90FC-2BC263C926E1.jpeg?w=842 842w, https:\/\/i0.wp.com\/blogdalucianaoliveira.com.br\/blog\/wp-content\/uploads\/2019\/07\/59775CB3-7400-4659-90FC-2BC263C926E1.jpeg?resize=212%2C300 212w, https:\/\/i0.wp.com\/blogdalucianaoliveira.com.br\/blog\/wp-content\/uploads\/2019\/07\/59775CB3-7400-4659-90FC-2BC263C926E1.jpeg?resize=768%2C1086 768w, https:\/\/i0.wp.com\/blogdalucianaoliveira.com.br\/blog\/wp-content\/uploads\/2019\/07\/59775CB3-7400-4659-90FC-2BC263C926E1.jpeg?resize=724%2C1024 724w\" sizes=\"auto, (max-width: 600px) 100vw, 600px\" \/><\/p>\n<p>E o assunto continua em pauta: Vamos falar sobre feminismo de novo?<!--more--><\/p>\n<p>Ent\u00e3o fiquem atentas e atentos, pois as inscri\u00e7\u00f5es j\u00e1 est\u00e3o abertas para a 2\u00aa edi\u00e7\u00e3o do Semin\u00e1rio Precisamos Falar Sobre Feminismo da Defensoria P\u00fablica do Estado de Rond\u00f4nia (DPE-RO), com apoio do Col\u00e9gio Nacional de Defensores P\u00fablicos-Gerais (Condege) que vai acontecer nesta sexta-feira, 05 de julho, \u00e0s 18h30, no audit\u00f3rio do Minist\u00e9rio P\u00fablico do Trabalho em Rond\u00f4nia, Avenida Presidente Dutra, N\u00ba 4055, Bairro Olaria.<\/p>\n<p>O foco desta edi\u00e7\u00e3o ser\u00e1: \u201cAss\u00e9dio Sexual, feminic\u00eddio e outras viol\u00eancias contra a mulher: Por que falar de feminismo hoje?\u201d. Tr\u00eas palestrantes foram convidadas para falar sobre o tema, s\u00e3o elas:<\/p>\n<p>&nbsp;<\/p>\n<div class=\"img_caption right\">\n<p class=\"img_caption\"><strong>Pereira<\/strong><\/p>\n<\/div>\n<p><strong>Juliana Souza Pereira<\/strong><\/p>\n<p><em>Tema: <\/em><em>Humanidades Negoci\u00e1veis<\/em><\/p>\n<p>Juliana Souza Pereira \u00e9 advogada formada pela PUC\/SP, Assessora Jur\u00eddico-Parlamentar na Mandata Quilombo da Deputada Estadual Erica Malunguinho, Coordenadora Chefe do Departamento de Bolsas do Instituto Brasileiro de Ci\u00eancias Criminais (IBBCCRIM), Vice-Presidente da Comiss\u00e3o Estadual da Jovem Advocacia da OAB\/SP, Membra do Coletivo Independente de Advogadas e Advogados Negros e Militante do Movimento Negro.<\/p>\n<div class=\"img_caption left\"><strong><img data-recalc-dims=\"1\" decoding=\"async\" class=\"caption\" title=\"Anna Candido Serrano\" src=\"https:\/\/i0.wp.com\/www.defensoria.ro.def.br\/site\/images\/stories\/noticias\/Junho2019\/anna%2520candida%2520serrano.jpg?w=150&#038;ssl=1\" alt=\"Anna Candido Serrano\"  border=\"0\" \/><\/strong><\/p>\n<p class=\"img_caption\">Anna Candido Serrano<\/p>\n<\/div>\n<p><strong>Anna Candida Serrano<\/strong><\/p>\n<p><em>Tema: Ass\u00e9dio Sexual, feminic\u00eddio e outras viol\u00eancias contra a mulher: Por que falar de feminismo hoje?<\/em><\/p>\n<p>Procuradora do Estado de S\u00e3o Paulo, Graduada em Direito pela Pontif\u00edcia Universidade Cat\u00f3lica de S\u00e3o Paulo \u2013 PUC\/SP. Especialista em Direito do Estado pela Escola Superior da Procuradoria Geral do Estado de S\u00e3o Paulo. Vice-Presidente da \u00c1rea P\u00fablica da Comiss\u00e3o de Diretos e Prerrogativas da OAB\/SP. Membro da Comiss\u00e3o da Advocacia P\u00fablica e da Comiss\u00e3o de Direitos Humanos da OAB\/SP. Membro da Rede Feminista de Juristas \u2013 DEFEMD.<\/p>\n<div class=\"img_caption right\"><strong><img data-recalc-dims=\"1\" decoding=\"async\" class=\"caption\" title=\"Margarete Gon\u00e7alves Pedroso\" src=\"https:\/\/i0.wp.com\/www.defensoria.ro.def.br\/site\/images\/stories\/noticias\/Junho2019\/margarete%2520gonalves%2520pedroso.jpg?w=150&#038;ssl=1\" alt=\"Margarete Gon\u00e7alves Pedroso\"  border=\"0\" \/><\/strong><\/p>\n<p class=\"img_caption\">Margarete Gon\u00e7alves Pedroso<\/p>\n<\/div>\n<p><strong>Margarete Gon\u00e7alves Pedroso<\/strong><\/p>\n<p><em>Tema da palestra: Ass\u00e9dio Sexual, feminic\u00eddio e outras viol\u00eancias contra a mulher: Por que falar de feminismo hoje?<\/em><\/p>\n<p>Procuradora do Estado de S\u00e3o Paulo, Conselheira do Conselho Estadual da Condi\u00e7\u00e3o Feminina. Coordenadora do N\u00facleo de Acompanhamento Legislativo da Comiss\u00e3o de Direitos Humanos e membro da Comiss\u00e3o da Advocacia P\u00fablica da OAB\/SP. Membro da Rede Feminista de Juristas \u2013 DEFEMD. Graduada em Direito pela Universidade Mackenzie. Especialista em Direito do Estado pela Escola Superior da Procuradoria Geral do Estado.<\/p>\n<p><strong>Arrecada\u00e7\u00e3o social<\/strong><\/p>\n<p>O ingresso para o semin\u00e1rio equivale a doa\u00e7\u00e3o de um pacote de absorvente \u00edntimo, que ser\u00e1 destinado \u00e0s mulheres presas de Porto Velho.<\/p>\n<p><strong>Evento: Semin\u00e1rio Precisamos Falar Sobre Feminismo &#8211; 2 \u00aa Edi\u00e7\u00e3o<br \/>\n<\/strong><\/p>\n<p><strong>Dia: <\/strong>05 de julho<strong><br \/>\nHor\u00e1rio: <\/strong>18h00<strong><br \/>\nLocal:<\/strong> Audit\u00f3rio do Minist\u00e9rio P\u00fablico do Trabalho<br \/>\nAvenida Presidente Dutra, 4055 &#8211; Olaria<strong><br \/>\nInscri\u00e7\u00f5es:<\/strong> <a href=\"https:\/\/bit.ly\/2Wjnj9i\">https:\/\/bit.ly\/2Wjnj9i<\/a><\/p>\n<p>A entrada ser\u00e1 condicionada a doa\u00e7\u00e3o de 1 pacote de absorvente \u00edntimo.<\/p>\n<p>&nbsp;<\/p>\n<p>fonte: assessoria<\/p>\n","protected":false},"excerpt":{"rendered":"<p>E o assunto continua em pauta: Vamos falar sobre feminismo de novo?<\/p>\n","protected":false},"author":1,"featured_media":0,"comment_status":"closed","ping_status":"open","sticky":false,"template":"","format":"standard","meta":{"_exactmetrics_skip_tracking":false,"_exactmetrics_sitenote_active":false,"_exactmetrics_sitenote_note":"","_exactmetrics_sitenote_category":0,"jetpack_post_was_ever_published":false,"_jetpack_newsletter_access":"","_jetpack_dont_email_post_to_subs":false,"_jetpack_newsletter_tier_id":0,"_jetpack_memberships_contains_paywalled_content":false,"_jetpack_memberships_contains_paid_content":false,"footnotes":"","jetpack_publicize_message":"","jetpack_publicize_feature_enabled":true,"jetpack_social_post_already_shared":true,"jetpack_social_options":{"image_generator_settings":{"template":"highway","enabled":false},"version":2}},"categories":[1],"tags":[],"class_list":["post-22603","post","type-post","status-publish","format-standard","hentry","category-notas"],"jetpack_publicize_connections":[],"jetpack_sharing_enabled":true,"jetpack_featured_media_url":"","jetpack_shortlink":"https:\/\/wp.me\/p7wKYW-5Sz","jetpack-related-posts":[],"_links":{"self":[{"href":"http:\/\/blogdalucianaoliveira.com.br\/blog\/wp-json\/wp\/v2\/posts\/22603","targetHints":{"allow":["GET"]}}],"collection":[{"href":"http:\/\/blogdalucianaoliveira.com.br\/blog\/wp-json\/wp\/v2\/posts"}],"about":[{"href":"http:\/\/blogdalucianaoliveira.com.br\/blog\/wp-json\/wp\/v2\/types\/post"}],"author":[{"embeddable":true,"href":"http:\/\/blogdalucianaoliveira.com.br\/blog\/wp-json\/wp\/v2\/users\/1"}],"replies":[{"embeddable":true,"href":"http:\/\/blogdalucianaoliveira.com.br\/blog\/wp-json\/wp\/v2\/comments?post=22603"}],"version-history":[{"count":1,"href":"http:\/\/blogdalucianaoliveira.com.br\/blog\/wp-json\/wp\/v2\/posts\/22603\/revisions"}],"predecessor-version":[{"id":22605,"href":"http:\/\/blogdalucianaoliveira.com.br\/blog\/wp-json\/wp\/v2\/posts\/22603\/revisions\/22605"}],"wp:attachment":[{"href":"http:\/\/blogdalucianaoliveira.com.br\/blog\/wp-json\/wp\/v2\/media?parent=22603"}],"wp:term":[{"taxonomy":"category","embeddable":true,"href":"http:\/\/blogdalucianaoliveira.com.br\/blog\/wp-json\/wp\/v2\/categories?post=22603"},{"taxonomy":"post_tag","embeddable":true,"href":"http:\/\/blogdalucianaoliveira.com.br\/blog\/wp-json\/wp\/v2\/tags?post=22603"}],"curies":[{"name":"wp","href":"https:\/\/api.w.org\/{rel}","templated":true}]}}