{"id":2265,"date":"2016-07-11T19:59:58","date_gmt":"2016-07-11T23:59:58","guid":{"rendered":"http:\/\/blogdalucianaoliveira.com.br\/blog\/?p=2265"},"modified":"2016-07-11T20:05:41","modified_gmt":"2016-07-12T00:05:41","slug":"paraiba-masculina-na-presidencia-da-camara-muie-macho-sim-sinho","status":"publish","type":"post","link":"http:\/\/blogdalucianaoliveira.com.br\/blog\/2016\/07\/11\/paraiba-masculina-na-presidencia-da-camara-muie-macho-sim-sinho\/","title":{"rendered":"Para\u00edba masculina na presid\u00eancia da C\u00e2mara? Mui\u00e9 macho?  Sim sinh\u00f4"},"content":{"rendered":"<p><img data-recalc-dims=\"1\" loading=\"lazy\" decoding=\"async\" data-attachment-id=\"2266\" data-permalink=\"http:\/\/blogdalucianaoliveira.com.br\/blog\/2016\/07\/11\/paraiba-masculina-na-presidencia-da-camara-muie-macho-sim-sinho\/image-510\/\" data-orig-file=\"https:\/\/i0.wp.com\/blogdalucianaoliveira.com.br\/blog\/wp-content\/uploads\/2016\/07\/image-62.jpeg?fit=459%2C320\" data-orig-size=\"459,320\" data-comments-opened=\"0\" data-image-meta=\"{&quot;aperture&quot;:&quot;0&quot;,&quot;credit&quot;:&quot;&quot;,&quot;camera&quot;:&quot;&quot;,&quot;caption&quot;:&quot;&quot;,&quot;created_timestamp&quot;:&quot;0&quot;,&quot;copyright&quot;:&quot;&quot;,&quot;focal_length&quot;:&quot;0&quot;,&quot;iso&quot;:&quot;0&quot;,&quot;shutter_speed&quot;:&quot;0&quot;,&quot;title&quot;:&quot;&quot;,&quot;orientation&quot;:&quot;0&quot;}\" data-image-title=\"image\" data-image-description=\"\" data-image-caption=\"\" data-medium-file=\"https:\/\/i0.wp.com\/blogdalucianaoliveira.com.br\/blog\/wp-content\/uploads\/2016\/07\/image-62.jpeg?fit=300%2C209\" data-large-file=\"https:\/\/i0.wp.com\/blogdalucianaoliveira.com.br\/blog\/wp-content\/uploads\/2016\/07\/image-62.jpeg?fit=459%2C320\" src=\"https:\/\/i0.wp.com\/blogdalucianaoliveira.com.br\/blog\/wp-content\/uploads\/2016\/07\/image-62.jpeg?resize=459%2C320\" alt=\"image\" width=\"459\" height=\"320\" class=\"alignnone size-full wp-image-2266\" srcset=\"https:\/\/i0.wp.com\/blogdalucianaoliveira.com.br\/blog\/wp-content\/uploads\/2016\/07\/image-62.jpeg?w=459 459w, https:\/\/i0.wp.com\/blogdalucianaoliveira.com.br\/blog\/wp-content\/uploads\/2016\/07\/image-62.jpeg?resize=300%2C209 300w, https:\/\/i0.wp.com\/blogdalucianaoliveira.com.br\/blog\/wp-content\/uploads\/2016\/07\/image-62.jpeg?resize=430%2C300 430w\" sizes=\"auto, (max-width: 459px) 100vw, 459px\" \/><\/p>\n<p>O PSOL lan\u00e7ou a deputada Luiza Erundina como candidata \u00e0 presid\u00eancia da C\u00e2mara. <\/p>\n<p>Seria justo, muito justo, just\u00edssimo! <!--more--><\/p>\n<p>82 anos, foi vereadora, ex-prefeita de S\u00e3o Paulo, assumiu v\u00e1rios cargos p\u00fablicos, atualmente no quarto mandato como deputada federal, \u00edcone na luta pelos direitos das mulheres.<\/p>\n<p>Mas, \u00e9 surreal imaginar que um concili\u00e1bulo sob o cabresto de Eduardo Cunha &#8216;permita&#8217;, pois pra barrar uma manobra ap\u00f3s o afastamento do presidente da C\u00e2mara dos Deputados, ocupou a mesa, sentou no lugar dele e presidiu a sess\u00e3o. <\/p>\n<p>A insurgente?<\/p>\n<p>S\u00f3 vendo pra crer.  <\/p>\n","protected":false},"excerpt":{"rendered":"<p>O PSOL lan\u00e7ou a deputada Luiza Erundina como candidata \u00e0 presid\u00eancia da C\u00e2mara. Seria justo, muito justo, just\u00edssimo!<\/p>\n","protected":false},"author":1,"featured_media":0,"comment_status":"closed","ping_status":"open","sticky":false,"template":"","format":"standard","meta":{"_exactmetrics_skip_tracking":false,"_exactmetrics_sitenote_active":false,"_exactmetrics_sitenote_note":"","_exactmetrics_sitenote_category":0,"jetpack_post_was_ever_published":false,"_jetpack_newsletter_access":"","_jetpack_dont_email_post_to_subs":false,"_jetpack_newsletter_tier_id":0,"_jetpack_memberships_contains_paywalled_content":false,"_jetpack_memberships_contains_paid_content":false,"footnotes":"","jetpack_publicize_message":"","jetpack_publicize_feature_enabled":true,"jetpack_social_post_already_shared":true,"jetpack_social_options":{"image_generator_settings":{"template":"highway","enabled":false},"version":2}},"categories":[1],"tags":[57,156,157],"class_list":["post-2265","post","type-post","status-publish","format-standard","hentry","category-notas","tag-camara","tag-erundina","tag-psol"],"jetpack_publicize_connections":[],"jetpack_sharing_enabled":true,"jetpack_featured_media_url":"","jetpack_shortlink":"https:\/\/wp.me\/p7wKYW-Ax","jetpack-related-posts":[],"_links":{"self":[{"href":"http:\/\/blogdalucianaoliveira.com.br\/blog\/wp-json\/wp\/v2\/posts\/2265","targetHints":{"allow":["GET"]}}],"collection":[{"href":"http:\/\/blogdalucianaoliveira.com.br\/blog\/wp-json\/wp\/v2\/posts"}],"about":[{"href":"http:\/\/blogdalucianaoliveira.com.br\/blog\/wp-json\/wp\/v2\/types\/post"}],"author":[{"embeddable":true,"href":"http:\/\/blogdalucianaoliveira.com.br\/blog\/wp-json\/wp\/v2\/users\/1"}],"replies":[{"embeddable":true,"href":"http:\/\/blogdalucianaoliveira.com.br\/blog\/wp-json\/wp\/v2\/comments?post=2265"}],"version-history":[{"count":4,"href":"http:\/\/blogdalucianaoliveira.com.br\/blog\/wp-json\/wp\/v2\/posts\/2265\/revisions"}],"predecessor-version":[{"id":2270,"href":"http:\/\/blogdalucianaoliveira.com.br\/blog\/wp-json\/wp\/v2\/posts\/2265\/revisions\/2270"}],"wp:attachment":[{"href":"http:\/\/blogdalucianaoliveira.com.br\/blog\/wp-json\/wp\/v2\/media?parent=2265"}],"wp:term":[{"taxonomy":"category","embeddable":true,"href":"http:\/\/blogdalucianaoliveira.com.br\/blog\/wp-json\/wp\/v2\/categories?post=2265"},{"taxonomy":"post_tag","embeddable":true,"href":"http:\/\/blogdalucianaoliveira.com.br\/blog\/wp-json\/wp\/v2\/tags?post=2265"}],"curies":[{"name":"wp","href":"https:\/\/api.w.org\/{rel}","templated":true}]}}