{"id":2271,"date":"2016-07-12T10:55:32","date_gmt":"2016-07-12T14:55:32","guid":{"rendered":"http:\/\/blogdalucianaoliveira.com.br\/blog\/?p=2271"},"modified":"2016-07-12T14:14:20","modified_gmt":"2016-07-12T18:14:20","slug":"temer-vai-ouvir-na-olimpiada-xingamento-pior-que-dilma-na-copa-numa-democracia-ser-chamado-de-golpista-e-pior-que-mandarem-tomar-no-c","status":"publish","type":"post","link":"http:\/\/blogdalucianaoliveira.com.br\/blog\/2016\/07\/12\/temer-vai-ouvir-na-olimpiada-xingamento-pior-que-dilma-na-copa-numa-democracia-ser-chamado-de-golpista-e-pior-que-mandarem-tomar-no-c\/","title":{"rendered":"Temer vai ouvir na Olimp\u00edada xingamento pior que Dilma na Copa. Numa democracia, ser chamado de golpista \u00e9 pior que mandarem tomar no c&#8230;"},"content":{"rendered":"<p><img data-recalc-dims=\"1\" loading=\"lazy\" decoding=\"async\" data-attachment-id=\"2272\" data-permalink=\"http:\/\/blogdalucianaoliveira.com.br\/blog\/2016\/07\/12\/temer-vai-ouvir-na-olimpiada-xingamento-pior-que-dilma-na-copa-numa-democracia-ser-chamado-de-golpista-e-pior-que-mandarem-tomar-no-c\/temer1\/\" data-orig-file=\"https:\/\/i0.wp.com\/blogdalucianaoliveira.com.br\/blog\/wp-content\/uploads\/2016\/07\/temer1.jpg?fit=1200%2C685\" data-orig-size=\"1200,685\" data-comments-opened=\"0\" data-image-meta=\"{&quot;aperture&quot;:&quot;0&quot;,&quot;credit&quot;:&quot;&quot;,&quot;camera&quot;:&quot;&quot;,&quot;caption&quot;:&quot;&quot;,&quot;created_timestamp&quot;:&quot;0&quot;,&quot;copyright&quot;:&quot;&quot;,&quot;focal_length&quot;:&quot;0&quot;,&quot;iso&quot;:&quot;0&quot;,&quot;shutter_speed&quot;:&quot;0&quot;,&quot;title&quot;:&quot;&quot;,&quot;orientation&quot;:&quot;0&quot;}\" data-image-title=\"temer1\" data-image-description=\"\" data-image-caption=\"\" data-medium-file=\"https:\/\/i0.wp.com\/blogdalucianaoliveira.com.br\/blog\/wp-content\/uploads\/2016\/07\/temer1.jpg?fit=300%2C171\" data-large-file=\"https:\/\/i0.wp.com\/blogdalucianaoliveira.com.br\/blog\/wp-content\/uploads\/2016\/07\/temer1.jpg?fit=600%2C343\" src=\"https:\/\/i0.wp.com\/blogdalucianaoliveira.com.br\/blog\/wp-content\/uploads\/2016\/07\/temer1.jpg?resize=600%2C343\" alt=\"temer1\" width=\"600\" height=\"343\" class=\"alignnone size-full wp-image-2272\" \/><\/p>\n<p>A convoca\u00e7\u00e3o aos protestos durante os jogos ol\u00edmpicos circula nas redes sociais. A ordem \u00e9 usar o evento de grande proje\u00e7\u00e3o na m\u00eddia internacional para desmoralizar o presidente interino o xingando de golpista.<!--more--><\/p>\n<p>\u00c9 um grito que ecoa diariamente desde o in\u00edcio do processo de impeachment da presidente Dilma Roussef em protestos em todo o pa\u00eds, mas a grande imprensa n\u00e3o divulga.<br \/>\nNa Copa do Mundo ocorreu o contr\u00e1rio, os protestos ganharam destaque di\u00e1rio. <\/p>\n<p>Lembram?<\/p>\n<p><img data-recalc-dims=\"1\" loading=\"lazy\" decoding=\"async\" data-attachment-id=\"2273\" data-permalink=\"http:\/\/blogdalucianaoliveira.com.br\/blog\/2016\/07\/12\/temer-vai-ouvir-na-olimpiada-xingamento-pior-que-dilma-na-copa-numa-democracia-ser-chamado-de-golpista-e-pior-que-mandarem-tomar-no-c\/1-vaias\/\" data-orig-file=\"https:\/\/i0.wp.com\/blogdalucianaoliveira.com.br\/blog\/wp-content\/uploads\/2016\/07\/1-VAIAS.jpg?fit=490%2C280\" data-orig-size=\"490,280\" data-comments-opened=\"0\" data-image-meta=\"{&quot;aperture&quot;:&quot;0&quot;,&quot;credit&quot;:&quot;&quot;,&quot;camera&quot;:&quot;&quot;,&quot;caption&quot;:&quot;&quot;,&quot;created_timestamp&quot;:&quot;0&quot;,&quot;copyright&quot;:&quot;&quot;,&quot;focal_length&quot;:&quot;0&quot;,&quot;iso&quot;:&quot;0&quot;,&quot;shutter_speed&quot;:&quot;0&quot;,&quot;title&quot;:&quot;&quot;,&quot;orientation&quot;:&quot;0&quot;}\" data-image-title=\"1 VAIAS\" data-image-description=\"\" data-image-caption=\"\" data-medium-file=\"https:\/\/i0.wp.com\/blogdalucianaoliveira.com.br\/blog\/wp-content\/uploads\/2016\/07\/1-VAIAS.jpg?fit=300%2C171\" data-large-file=\"https:\/\/i0.wp.com\/blogdalucianaoliveira.com.br\/blog\/wp-content\/uploads\/2016\/07\/1-VAIAS.jpg?fit=490%2C280\" src=\"https:\/\/i0.wp.com\/blogdalucianaoliveira.com.br\/blog\/wp-content\/uploads\/2016\/07\/1-VAIAS.jpg?resize=490%2C280\" alt=\"1 VAIAS\" width=\"490\" height=\"280\" class=\"alignnone size-full wp-image-2273\" srcset=\"https:\/\/i0.wp.com\/blogdalucianaoliveira.com.br\/blog\/wp-content\/uploads\/2016\/07\/1-VAIAS.jpg?w=490 490w, https:\/\/i0.wp.com\/blogdalucianaoliveira.com.br\/blog\/wp-content\/uploads\/2016\/07\/1-VAIAS.jpg?resize=300%2C171 300w\" sizes=\"auto, (max-width: 490px) 100vw, 490px\" \/><\/p>\n<p>O p\u00fablico que pagou at\u00e9 900 reais pra ver a abertura da Copa, gritou e a imprensa repercutiu: \u201cEi, Dilma, vai tomar no cu!\u201d <\/p>\n<p>Era um plateia por maioria com brancos, abastados e abestados. <\/p>\n<p>Os manifestantes que se preparam para recepcionar Michel Temer nas competi\u00e7\u00f5es prometem entoar um xingamento que esfarela a moral de qualquer cidad\u00e3o, mas sobretudo de um governante: Golpista! <\/p>\n<p><img data-recalc-dims=\"1\" loading=\"lazy\" decoding=\"async\" data-attachment-id=\"2291\" data-permalink=\"http:\/\/blogdalucianaoliveira.com.br\/blog\/2016\/07\/12\/temer-vai-ouvir-na-olimpiada-xingamento-pior-que-dilma-na-copa-numa-democracia-ser-chamado-de-golpista-e-pior-que-mandarem-tomar-no-c\/image-512\/\" data-orig-file=\"https:\/\/i0.wp.com\/blogdalucianaoliveira.com.br\/blog\/wp-content\/uploads\/2016\/07\/image-64.jpeg?fit=318%2C159\" data-orig-size=\"318,159\" data-comments-opened=\"0\" data-image-meta=\"{&quot;aperture&quot;:&quot;0&quot;,&quot;credit&quot;:&quot;&quot;,&quot;camera&quot;:&quot;&quot;,&quot;caption&quot;:&quot;&quot;,&quot;created_timestamp&quot;:&quot;0&quot;,&quot;copyright&quot;:&quot;&quot;,&quot;focal_length&quot;:&quot;0&quot;,&quot;iso&quot;:&quot;0&quot;,&quot;shutter_speed&quot;:&quot;0&quot;,&quot;title&quot;:&quot;&quot;,&quot;orientation&quot;:&quot;0&quot;}\" data-image-title=\"image\" data-image-description=\"\" data-image-caption=\"\" data-medium-file=\"https:\/\/i0.wp.com\/blogdalucianaoliveira.com.br\/blog\/wp-content\/uploads\/2016\/07\/image-64.jpeg?fit=300%2C150\" data-large-file=\"https:\/\/i0.wp.com\/blogdalucianaoliveira.com.br\/blog\/wp-content\/uploads\/2016\/07\/image-64.jpeg?fit=318%2C159\" src=\"https:\/\/i0.wp.com\/blogdalucianaoliveira.com.br\/blog\/wp-content\/uploads\/2016\/07\/image-64.jpeg?resize=318%2C159\" alt=\"image\" width=\"318\" height=\"159\" class=\"alignnone size-full wp-image-2291\" srcset=\"https:\/\/i0.wp.com\/blogdalucianaoliveira.com.br\/blog\/wp-content\/uploads\/2016\/07\/image-64.jpeg?w=318 318w, https:\/\/i0.wp.com\/blogdalucianaoliveira.com.br\/blog\/wp-content\/uploads\/2016\/07\/image-64.jpeg?resize=300%2C150 300w\" sizes=\"auto, (max-width: 318px) 100vw, 318px\" \/><\/p>\n<p>Pra quem tem no\u00e7\u00e3o do impacto do palavr\u00e3o &#8216;golpista&#8217; numa democracia, mandar tomar no cu \u00e9 menos doloroso.<br \/>\n\u00c9 potencialmente mais violento e vergonhoso acusar um presidente de conspirar para usurpar o poder.<br \/>\nExistem normas de car\u00e1ter que pesam quando cobradas no lugar certo, na hora certa.<\/p>\n<p>Foi assim na Ol\u00edmpiada do M\u00e9xico em 1968, quando Tommie Smith, medalha de ouro, e John Carlos, de bronze, desafiaram o Comit\u00ea Ol\u00edmpico erguendo o bra\u00e7o com luva preta, imitando a sauda\u00e7\u00e3o consagrada pelos Panteras Negras, um grupo que fez hist\u00f3ria no combate \u00e0 discrimina\u00e7\u00e3o nos Estados Unidos.<\/p>\n<p><img data-recalc-dims=\"1\" loading=\"lazy\" decoding=\"async\" data-attachment-id=\"2275\" data-permalink=\"http:\/\/blogdalucianaoliveira.com.br\/blog\/2016\/07\/12\/temer-vai-ouvir-na-olimpiada-xingamento-pior-que-dilma-na-copa-numa-democracia-ser-chamado-de-golpista-e-pior-que-mandarem-tomar-no-c\/22058e_jogos_mexico_1968\/\" data-orig-file=\"https:\/\/i0.wp.com\/blogdalucianaoliveira.com.br\/blog\/wp-content\/uploads\/2016\/07\/22058e_Jogos_Mexico_1968.jpg?fit=347%2C435\" data-orig-size=\"347,435\" data-comments-opened=\"0\" data-image-meta=\"{&quot;aperture&quot;:&quot;0&quot;,&quot;credit&quot;:&quot;&quot;,&quot;camera&quot;:&quot;&quot;,&quot;caption&quot;:&quot;&quot;,&quot;created_timestamp&quot;:&quot;0&quot;,&quot;copyright&quot;:&quot;&quot;,&quot;focal_length&quot;:&quot;0&quot;,&quot;iso&quot;:&quot;0&quot;,&quot;shutter_speed&quot;:&quot;0&quot;,&quot;title&quot;:&quot;&quot;,&quot;orientation&quot;:&quot;0&quot;}\" data-image-title=\"22058e_Jogos_Mexico_1968\" data-image-description=\"\" data-image-caption=\"\" data-medium-file=\"https:\/\/i0.wp.com\/blogdalucianaoliveira.com.br\/blog\/wp-content\/uploads\/2016\/07\/22058e_Jogos_Mexico_1968.jpg?fit=239%2C300\" data-large-file=\"https:\/\/i0.wp.com\/blogdalucianaoliveira.com.br\/blog\/wp-content\/uploads\/2016\/07\/22058e_Jogos_Mexico_1968.jpg?fit=347%2C435\" src=\"https:\/\/i0.wp.com\/blogdalucianaoliveira.com.br\/blog\/wp-content\/uploads\/2016\/07\/22058e_Jogos_Mexico_1968.jpg?resize=347%2C435\" alt=\"22058e_Jogos_Mexico_1968\" width=\"347\" height=\"435\" class=\"alignnone size-full wp-image-2275\" srcset=\"https:\/\/i0.wp.com\/blogdalucianaoliveira.com.br\/blog\/wp-content\/uploads\/2016\/07\/22058e_Jogos_Mexico_1968.jpg?w=347 347w, https:\/\/i0.wp.com\/blogdalucianaoliveira.com.br\/blog\/wp-content\/uploads\/2016\/07\/22058e_Jogos_Mexico_1968.jpg?resize=239%2C300 239w\" sizes=\"auto, (max-width: 347px) 100vw, 347px\" \/><\/p>\n<p>Temer deve sentir na pele o xingamento dirigido \u00e0 Dilma na abertura da Copa, ao ser exposto na m\u00eddia internacional como golpista.<\/p>\n","protected":false},"excerpt":{"rendered":"<p>A convoca\u00e7\u00e3o aos protestos durante os jogos ol\u00edmpicos circula nas redes sociais. A ordem \u00e9 usar o evento de grande proje\u00e7\u00e3o na m\u00eddia internacional para desmoralizar o presidente interino o xingando de golpista.<\/p>\n","protected":false},"author":1,"featured_media":0,"comment_status":"closed","ping_status":"open","sticky":false,"template":"","format":"standard","meta":{"_exactmetrics_skip_tracking":false,"_exactmetrics_sitenote_active":false,"_exactmetrics_sitenote_note":"","_exactmetrics_sitenote_category":0,"jetpack_post_was_ever_published":false,"_jetpack_newsletter_access":"","_jetpack_dont_email_post_to_subs":false,"_jetpack_newsletter_tier_id":0,"_jetpack_memberships_contains_paywalled_content":false,"_jetpack_memberships_contains_paid_content":false,"footnotes":"","jetpack_publicize_message":"","jetpack_publicize_feature_enabled":true,"jetpack_social_post_already_shared":true,"jetpack_social_options":{"image_generator_settings":{"template":"highway","enabled":false},"version":2}},"categories":[1],"tags":[151,26,45],"class_list":["post-2271","post","type-post","status-publish","format-standard","hentry","category-notas","tag-olimpiadas","tag-protesto","tag-temer"],"jetpack_publicize_connections":[],"jetpack_sharing_enabled":true,"jetpack_featured_media_url":"","jetpack_shortlink":"https:\/\/wp.me\/p7wKYW-AD","jetpack-related-posts":[],"_links":{"self":[{"href":"http:\/\/blogdalucianaoliveira.com.br\/blog\/wp-json\/wp\/v2\/posts\/2271","targetHints":{"allow":["GET"]}}],"collection":[{"href":"http:\/\/blogdalucianaoliveira.com.br\/blog\/wp-json\/wp\/v2\/posts"}],"about":[{"href":"http:\/\/blogdalucianaoliveira.com.br\/blog\/wp-json\/wp\/v2\/types\/post"}],"author":[{"embeddable":true,"href":"http:\/\/blogdalucianaoliveira.com.br\/blog\/wp-json\/wp\/v2\/users\/1"}],"replies":[{"embeddable":true,"href":"http:\/\/blogdalucianaoliveira.com.br\/blog\/wp-json\/wp\/v2\/comments?post=2271"}],"version-history":[{"count":6,"href":"http:\/\/blogdalucianaoliveira.com.br\/blog\/wp-json\/wp\/v2\/posts\/2271\/revisions"}],"predecessor-version":[{"id":2293,"href":"http:\/\/blogdalucianaoliveira.com.br\/blog\/wp-json\/wp\/v2\/posts\/2271\/revisions\/2293"}],"wp:attachment":[{"href":"http:\/\/blogdalucianaoliveira.com.br\/blog\/wp-json\/wp\/v2\/media?parent=2271"}],"wp:term":[{"taxonomy":"category","embeddable":true,"href":"http:\/\/blogdalucianaoliveira.com.br\/blog\/wp-json\/wp\/v2\/categories?post=2271"},{"taxonomy":"post_tag","embeddable":true,"href":"http:\/\/blogdalucianaoliveira.com.br\/blog\/wp-json\/wp\/v2\/tags?post=2271"}],"curies":[{"name":"wp","href":"https:\/\/api.w.org\/{rel}","templated":true}]}}