{"id":22784,"date":"2019-07-14T23:03:13","date_gmt":"2019-07-15T03:03:13","guid":{"rendered":"http:\/\/blogdalucianaoliveira.com.br\/blog\/?p=22784"},"modified":"2019-07-14T23:03:13","modified_gmt":"2019-07-15T03:03:13","slug":"o-que-o-criador-do-decalogo-do-promotor-pensaria-de-dallagnol-e-sua-turma","status":"publish","type":"post","link":"http:\/\/blogdalucianaoliveira.com.br\/blog\/2019\/07\/14\/o-que-o-criador-do-decalogo-do-promotor-pensaria-de-dallagnol-e-sua-turma\/","title":{"rendered":"O que o criador do \u201cDec\u00e1logo do Promotor\u201d pensaria de Dallagnol e sua turma?"},"content":{"rendered":"<p><img data-recalc-dims=\"1\" loading=\"lazy\" decoding=\"async\" data-attachment-id=\"22785\" data-permalink=\"http:\/\/blogdalucianaoliveira.com.br\/blog\/2019\/07\/14\/o-que-o-criador-do-decalogo-do-promotor-pensaria-de-dallagnol-e-sua-turma\/6981e850-4a54-4841-8108-d29e8881277d\/\" data-orig-file=\"https:\/\/i0.wp.com\/blogdalucianaoliveira.com.br\/blog\/wp-content\/uploads\/2019\/07\/6981E850-4A54-4841-8108-D29E8881277D.jpeg?fit=600%2C400\" data-orig-size=\"600,400\" data-comments-opened=\"0\" data-image-meta=\"{&quot;aperture&quot;:&quot;0&quot;,&quot;credit&quot;:&quot;&quot;,&quot;camera&quot;:&quot;&quot;,&quot;caption&quot;:&quot;&quot;,&quot;created_timestamp&quot;:&quot;0&quot;,&quot;copyright&quot;:&quot;&quot;,&quot;focal_length&quot;:&quot;0&quot;,&quot;iso&quot;:&quot;0&quot;,&quot;shutter_speed&quot;:&quot;0&quot;,&quot;title&quot;:&quot;&quot;,&quot;orientation&quot;:&quot;0&quot;}\" data-image-title=\"6981E850-4A54-4841-8108-D29E8881277D\" data-image-description=\"\" data-image-caption=\"\" data-medium-file=\"https:\/\/i0.wp.com\/blogdalucianaoliveira.com.br\/blog\/wp-content\/uploads\/2019\/07\/6981E850-4A54-4841-8108-D29E8881277D.jpeg?fit=300%2C200\" data-large-file=\"https:\/\/i0.wp.com\/blogdalucianaoliveira.com.br\/blog\/wp-content\/uploads\/2019\/07\/6981E850-4A54-4841-8108-D29E8881277D.jpeg?fit=600%2C400\" src=\"https:\/\/i0.wp.com\/blogdalucianaoliveira.com.br\/blog\/wp-content\/uploads\/2019\/07\/6981E850-4A54-4841-8108-D29E8881277D.jpeg?resize=600%2C400\" alt=\"6981E850-4A54-4841-8108-D29E8881277D\" width=\"600\" height=\"400\" class=\"alignnone size-full wp-image-22785\" srcset=\"https:\/\/i0.wp.com\/blogdalucianaoliveira.com.br\/blog\/wp-content\/uploads\/2019\/07\/6981E850-4A54-4841-8108-D29E8881277D.jpeg?w=600 600w, https:\/\/i0.wp.com\/blogdalucianaoliveira.com.br\/blog\/wp-content\/uploads\/2019\/07\/6981E850-4A54-4841-8108-D29E8881277D.jpeg?resize=300%2C200 300w, https:\/\/i0.wp.com\/blogdalucianaoliveira.com.br\/blog\/wp-content\/uploads\/2019\/07\/6981E850-4A54-4841-8108-D29E8881277D.jpeg?resize=450%2C300 450w\" sizes=\"auto, (max-width: 600px) 100vw, 600px\" \/><\/p>\n<p>No DCM , Marcos Sacramento &#8211; Jos\u00e9 Augusto C\u00e9sar Salgado foi promotor de Justi\u00e7a no Estado de S\u00e3o Paulo. Em 1938, fundou a Associa\u00e7\u00e3o Paulista do Minist\u00e9rio P\u00fablico, da qual foi o primeiro presidente. Foi procurador-geral por tr\u00eas vezes, entre os anos de 1945 e 1955.<!--more--><\/p>\n<p>Faleceu em 1979, mas isso n\u00e3o impede a afirma\u00e7\u00e3o de que ele reprovaria as condutas do procurador Deltan Dallagnol reveladas pelo mais recente vazamento de conversas da Lava Jato, nas quais ele articula formas de aproveitar a visibilidade obtida com a opera\u00e7\u00e3o para lucrar em eventos e palestras.<\/p>\n<p>Salgado foi autor do \u201cDec\u00e1logo do Promotor\u201d, conjunto de princ\u00edpios que deveriam nortear a conduta destes servidores p\u00fablicos. S\u00e3o orienta\u00e7\u00f5es simples e diretas, sem margens para relativiza\u00e7\u00f5es, como se pode ler abaixo:<\/p>\n<p>1) Ama a Deus acima de tudo e v\u00ea no homem, mesmo desfigurado pelo crime, uma criatura \u00e0 imagem e semelhan\u00e7a do Criador;<\/p>\n<p>2) S\u00ea digno de tua grave miss\u00e3o. Lembra-te de que falas em nome da Lei, da Justi\u00e7a e da Sociedade;<\/p>\n<p>3) S\u00ea probo. Faze de tua consci\u00eancia profissional um escudo invulner\u00e1vel \u00e0s paix\u00f5es e aos interesses;<\/p>\n<p>4) S\u00ea sincero. Procura a verdade e confessa-a, em qualquer circunst\u00e2ncia;<\/p>\n<p>5) S\u00ea justo. Que teu parecer d\u00ea a cada um o que \u00e9 seu;<\/p>\n<p>6) S\u00ea nobre. N\u00e3o convertas a desgra\u00e7a alheia em pedestal para teus \u00eaxitos e cartaz para tua vaidade;<\/p>\n<p>7) S\u00ea bravo. Arrosta os perigos com destemor, sempre que tiveres um dever a cumprir, venha o atentado de onde vier;<\/p>\n<p>8) S\u00ea cort\u00eas. Nunca te deixes transportar pela paix\u00e3o. Conserva a dignidade e a compostura, que o decoro de tuas a\u00e7\u00f5es exige;<\/p>\n<p>9) S\u00ea leal. N\u00e3o macules tuas a\u00e7\u00f5es com o emprego de meios condenados pela \u00e9tica dos homens de honra;<\/p>\n<p>10) S\u00ea independente. N\u00e3o te curves a nenhum poder, nem aceites outra soberania sen\u00e3o a Lei.<\/p>\n<p>A contraposi\u00e7\u00e3o entre a orienta\u00e7\u00e3o do dec\u00e1logo de n\u00e3o converter a \u201cdesgra\u00e7a alheia em pedestal para \u00eaxitos e cartaz para a vaidade\u201d e as conversas onde Dallagnol vislumbra faturamentos de R$ 400 mil e sugere artimanhas para conquistar clientes explicita o abismo entre o jovem procurador e os princ\u00edpios elementares da sua carreira.<\/p>\n<p>No dec\u00e1logo escrito por Salgado h\u00e1 refer\u00eancias a valores como verdade, bravura, justi\u00e7a e sinceridade. Por outro lado, n\u00e3o constam men\u00e7\u00f5es a lucros financeiros ou insinua\u00e7\u00f5es de que os fins justificam os meios empregados.<\/p>\n<p>N\u00e3o \u00e9 preciso nenhum esfor\u00e7o em interpreta\u00e7\u00e3o de texto para perceber como o Deltan Dallagnol revelado pela s\u00e9rie de reportagens do The Intercept passeia a anos-luz de dist\u00e2ncia do modelo de servidor recomendado por Salgado.<\/p>\n<p>Apesar da gravidade, \u00e9 poss\u00edvel que os vazamentos n\u00e3o levem a puni\u00e7\u00f5es e os envolvidos sigam ricos, leves e soltos, atuando com vi\u00e9s pol\u00edtico e palestrando aqui e ali nas horas vagas. Neste cen\u00e1rio de horror, \u00e9 poss\u00edvel at\u00e9 mesmo que Dallagnol cite em suas palestras o Dec\u00e1logo do Promotor sem sequer corar a face.<\/p>\n","protected":false},"excerpt":{"rendered":"<p>No DCM , Marcos Sacramento &#8211; Jos\u00e9 Augusto C\u00e9sar Salgado foi promotor de Justi\u00e7a no Estado de S\u00e3o Paulo. Em 1938, fundou a Associa\u00e7\u00e3o Paulista do Minist\u00e9rio P\u00fablico, da qual foi o primeiro presidente. Foi procurador-geral por tr\u00eas vezes, entre os anos de 1945 e 1955.<\/p>\n","protected":false},"author":1,"featured_media":0,"comment_status":"closed","ping_status":"open","sticky":false,"template":"","format":"standard","meta":{"_exactmetrics_skip_tracking":false,"_exactmetrics_sitenote_active":false,"_exactmetrics_sitenote_note":"","_exactmetrics_sitenote_category":0,"jetpack_post_was_ever_published":false,"_jetpack_newsletter_access":"","_jetpack_dont_email_post_to_subs":false,"_jetpack_newsletter_tier_id":0,"_jetpack_memberships_contains_paywalled_content":false,"_jetpack_memberships_contains_paid_content":false,"footnotes":"","jetpack_publicize_message":"","jetpack_publicize_feature_enabled":true,"jetpack_social_post_already_shared":true,"jetpack_social_options":{"image_generator_settings":{"template":"highway","enabled":false},"version":2}},"categories":[1],"tags":[],"class_list":["post-22784","post","type-post","status-publish","format-standard","hentry","category-notas"],"jetpack_publicize_connections":[],"jetpack_sharing_enabled":true,"jetpack_featured_media_url":"","jetpack_shortlink":"https:\/\/wp.me\/p7wKYW-5Vu","jetpack-related-posts":[],"_links":{"self":[{"href":"http:\/\/blogdalucianaoliveira.com.br\/blog\/wp-json\/wp\/v2\/posts\/22784","targetHints":{"allow":["GET"]}}],"collection":[{"href":"http:\/\/blogdalucianaoliveira.com.br\/blog\/wp-json\/wp\/v2\/posts"}],"about":[{"href":"http:\/\/blogdalucianaoliveira.com.br\/blog\/wp-json\/wp\/v2\/types\/post"}],"author":[{"embeddable":true,"href":"http:\/\/blogdalucianaoliveira.com.br\/blog\/wp-json\/wp\/v2\/users\/1"}],"replies":[{"embeddable":true,"href":"http:\/\/blogdalucianaoliveira.com.br\/blog\/wp-json\/wp\/v2\/comments?post=22784"}],"version-history":[{"count":1,"href":"http:\/\/blogdalucianaoliveira.com.br\/blog\/wp-json\/wp\/v2\/posts\/22784\/revisions"}],"predecessor-version":[{"id":22786,"href":"http:\/\/blogdalucianaoliveira.com.br\/blog\/wp-json\/wp\/v2\/posts\/22784\/revisions\/22786"}],"wp:attachment":[{"href":"http:\/\/blogdalucianaoliveira.com.br\/blog\/wp-json\/wp\/v2\/media?parent=22784"}],"wp:term":[{"taxonomy":"category","embeddable":true,"href":"http:\/\/blogdalucianaoliveira.com.br\/blog\/wp-json\/wp\/v2\/categories?post=22784"},{"taxonomy":"post_tag","embeddable":true,"href":"http:\/\/blogdalucianaoliveira.com.br\/blog\/wp-json\/wp\/v2\/tags?post=22784"}],"curies":[{"name":"wp","href":"https:\/\/api.w.org\/{rel}","templated":true}]}}