{"id":22793,"date":"2019-07-15T20:14:36","date_gmt":"2019-07-16T00:14:36","guid":{"rendered":"http:\/\/blogdalucianaoliveira.com.br\/blog\/?p=22793"},"modified":"2019-07-15T20:14:36","modified_gmt":"2019-07-16T00:14:36","slug":"com-seu-fascinio-por-dinheiro-e-poder-dallagnol-arruinou-imagem-da-justica","status":"publish","type":"post","link":"http:\/\/blogdalucianaoliveira.com.br\/blog\/2019\/07\/15\/com-seu-fascinio-por-dinheiro-e-poder-dallagnol-arruinou-imagem-da-justica\/","title":{"rendered":"Com seu fasc\u00ednio por dinheiro e poder, Dallagnol arruinou imagem da justi\u00e7a"},"content":{"rendered":"<p><img data-recalc-dims=\"1\" loading=\"lazy\" decoding=\"async\" data-attachment-id=\"22794\" data-permalink=\"http:\/\/blogdalucianaoliveira.com.br\/blog\/2019\/07\/15\/com-seu-fascinio-por-dinheiro-e-poder-dallagnol-arruinou-imagem-da-justica\/fa874cc3-86d5-4ae2-a778-6e3d7f5d11bc\/\" data-orig-file=\"https:\/\/i0.wp.com\/blogdalucianaoliveira.com.br\/blog\/wp-content\/uploads\/2019\/07\/FA874CC3-86D5-4AE2-A778-6E3D7F5D11BC.jpeg?fit=500%2C240\" data-orig-size=\"500,240\" data-comments-opened=\"0\" data-image-meta=\"{&quot;aperture&quot;:&quot;0&quot;,&quot;credit&quot;:&quot;&quot;,&quot;camera&quot;:&quot;&quot;,&quot;caption&quot;:&quot;&quot;,&quot;created_timestamp&quot;:&quot;0&quot;,&quot;copyright&quot;:&quot;&quot;,&quot;focal_length&quot;:&quot;0&quot;,&quot;iso&quot;:&quot;0&quot;,&quot;shutter_speed&quot;:&quot;0&quot;,&quot;title&quot;:&quot;&quot;,&quot;orientation&quot;:&quot;0&quot;}\" data-image-title=\"FA874CC3-86D5-4AE2-A778-6E3D7F5D11BC\" data-image-description=\"\" data-image-caption=\"\" data-medium-file=\"https:\/\/i0.wp.com\/blogdalucianaoliveira.com.br\/blog\/wp-content\/uploads\/2019\/07\/FA874CC3-86D5-4AE2-A778-6E3D7F5D11BC.jpeg?fit=300%2C144\" data-large-file=\"https:\/\/i0.wp.com\/blogdalucianaoliveira.com.br\/blog\/wp-content\/uploads\/2019\/07\/FA874CC3-86D5-4AE2-A778-6E3D7F5D11BC.jpeg?fit=500%2C240\" class=\"alignnone size-full wp-image-22794\" src=\"https:\/\/i0.wp.com\/blogdalucianaoliveira.com.br\/blog\/wp-content\/uploads\/2019\/07\/FA874CC3-86D5-4AE2-A778-6E3D7F5D11BC.jpeg?resize=500%2C240\" alt=\"FA874CC3-86D5-4AE2-A778-6E3D7F5D11BC\" width=\"500\" height=\"240\" srcset=\"https:\/\/i0.wp.com\/blogdalucianaoliveira.com.br\/blog\/wp-content\/uploads\/2019\/07\/FA874CC3-86D5-4AE2-A778-6E3D7F5D11BC.jpeg?w=500 500w, https:\/\/i0.wp.com\/blogdalucianaoliveira.com.br\/blog\/wp-content\/uploads\/2019\/07\/FA874CC3-86D5-4AE2-A778-6E3D7F5D11BC.jpeg?resize=300%2C144 300w\" sizes=\"auto, (max-width: 500px) 100vw, 500px\" \/><\/p>\n<p>&#8220;A situa\u00e7\u00e3o do Dallagnol \u00e9 insustent\u00e1vel. Ele n\u00e3o comprometeu somente a pr\u00f3pria imagem, mas arruinou irremediavelmente a imagem e a confian\u00e7a na Lava Jato, no Minist\u00e9rio P\u00fablico e na justi\u00e7a&#8221;, diz o colunista Jeferson Miola<!--more--><\/p>\n<p>No 247, por<\/p>\n<h2><a href=\"https:\/\/www.brasil247.com\/authors\/jeferson-miola\">Jeferson Miola<\/a><\/h2>\n<p>As novas revela\u00e7\u00f5es do Intercept flagram um Deltan Dallagnol fascinado por dinheiro e poder.<\/p>\n<p>Deslumbrado com a fama, ele planeja neg\u00f3cios para ficar rico fazendo prega\u00e7\u00f5es falso-moralistas explorando a imagem institucional da Lava Jato.<\/p>\n<p>\u00c9 for\u00e7oso dizer que as mensagens divulgadas pela Folha de S\u00e3o Paulo [<a href=\"https:\/\/www1.folha.uol.com.br\/poder\/2019\/07\/deltan-montou-plano-para-lucrar-com-fama-da-lava-jato-apontam-mensagens.shtml\"><b>aqui<\/b><\/a>] mostram que por tr\u00e1s da imagem do procurador da Rep\u00fablica austero, pregador religioso e implac\u00e1vel no combate \u00e0 corrup\u00e7\u00e3o existe um pilantra, uma figura rasteira, um vigarista.<\/p>\n<p>S\u00e3o vergonhosas as tratativas do Dallagnol com sua esposa e com o colega Roberson Pozzobon, intimamente tratado como \u201cRobito\u201d, para colocarem as respectivas esposas como testas-de-ferro de empresa de fachada que seria usada para lucrar com a explora\u00e7\u00e3o da imagem da Lava Jato num lucrativo neg\u00f3cio de palestras.<\/p>\n<p>Dallagnol tem uma ambi\u00e7\u00e3o desmesurada por dinheiro. No passado recente ele at\u00e9 especulou comprando im\u00f3veis do Minha Casa Minha Vida, programa destinado \u00e0 popula\u00e7\u00e3o com renda muito inferior \u00e0 dele.<\/p>\n<p>Conforme apurou a reportagem da FSP, Dallagnol teve rendimento l\u00edquido de cerca de R$ 300 mil em 2018, sem considerar valores de indeniza\u00e7\u00f5es.<\/p>\n<p>Apesar deste sal\u00e1rio que o situa entre os 1% das pessoas com maior renda no Brasil, Dallagnol se regozija com a esposa por se locupletar com uma cifra ainda maior usando indevidamente a imagem institucional da Lava Jato: \u201c<i>Se tudo der certo nas palestras, vai entrar ainda uns 100k limpos at\u00e9 o fim do ano. Total l\u00edquido das palestras e livros daria uns 400k. Total de 40 aulas\/palestras. M\u00e9dia de 10k limpo<\/i>\u201d.<\/p>\n<p>A 1\u00aa revela\u00e7\u00e3o do Intercept sobre os crimes da organiza\u00e7\u00e3o criminosa, como Gilmar Mendes batizou a for\u00e7a-tarrefa da Lava Jato, cumpriu 1 m\u00eas de anivers\u00e1rio em 9 de julho.<\/p>\n<p>As den\u00fancias mostradas naquele momento j\u00e1 seriam suficientes para afastar os implicados dos cargos p\u00fablicos e sujeit\u00e1-los aos procedimentos da Lei. Nada, por\u00e9m, foi feito. Dallagnol, Moro e outros agentes do bando continuam nos cargos destruindo provas e obstruindo as investiga\u00e7\u00f5es.<\/p>\n<div class=\"contentAd contentAd--noBackground marginBottom30\"><\/div>\n<p>\u00c0 continua\u00e7\u00e3o se seguiram outras revela\u00e7\u00f5es graves sobre as ilicitudes do bando, uma mais aterradora que a outra, por\u00e9m incrivelmente n\u00e3o produziram nenhuma rea\u00e7\u00e3o de parte dos \u00f3rg\u00e3os e das autoridades competentes. Uma mistura de catatonia, cumplicidade e coniv\u00eancia.<\/p>\n<p>A situa\u00e7\u00e3o do Dallagnol \u00e9 insustent\u00e1vel. Ele n\u00e3o comprometeu somente a pr\u00f3pria imagem, mas arruinou irremediavelmente a imagem e a confian\u00e7a na Lava Jato, no Minist\u00e9rio P\u00fablico e na justi\u00e7a.<\/p>\n<p>Essa gente jogou o Brasil no precip\u00edcio.<\/p>\n","protected":false},"excerpt":{"rendered":"<p>&#8220;A situa\u00e7\u00e3o do Dallagnol \u00e9 insustent\u00e1vel. Ele n\u00e3o comprometeu somente a pr\u00f3pria imagem, mas arruinou irremediavelmente a imagem e a confian\u00e7a na Lava Jato, no Minist\u00e9rio P\u00fablico e na justi\u00e7a&#8221;, diz o colunista Jeferson Miola<\/p>\n","protected":false},"author":1,"featured_media":0,"comment_status":"closed","ping_status":"open","sticky":false,"template":"","format":"standard","meta":{"_exactmetrics_skip_tracking":false,"_exactmetrics_sitenote_active":false,"_exactmetrics_sitenote_note":"","_exactmetrics_sitenote_category":0,"jetpack_post_was_ever_published":false,"_jetpack_newsletter_access":"","_jetpack_dont_email_post_to_subs":false,"_jetpack_newsletter_tier_id":0,"_jetpack_memberships_contains_paywalled_content":false,"_jetpack_memberships_contains_paid_content":false,"footnotes":"","jetpack_publicize_message":"","jetpack_publicize_feature_enabled":true,"jetpack_social_post_already_shared":true,"jetpack_social_options":{"image_generator_settings":{"template":"highway","enabled":false},"version":2}},"categories":[1],"tags":[],"class_list":["post-22793","post","type-post","status-publish","format-standard","hentry","category-notas"],"jetpack_publicize_connections":[],"jetpack_sharing_enabled":true,"jetpack_featured_media_url":"","jetpack_shortlink":"https:\/\/wp.me\/p7wKYW-5VD","jetpack-related-posts":[],"_links":{"self":[{"href":"http:\/\/blogdalucianaoliveira.com.br\/blog\/wp-json\/wp\/v2\/posts\/22793","targetHints":{"allow":["GET"]}}],"collection":[{"href":"http:\/\/blogdalucianaoliveira.com.br\/blog\/wp-json\/wp\/v2\/posts"}],"about":[{"href":"http:\/\/blogdalucianaoliveira.com.br\/blog\/wp-json\/wp\/v2\/types\/post"}],"author":[{"embeddable":true,"href":"http:\/\/blogdalucianaoliveira.com.br\/blog\/wp-json\/wp\/v2\/users\/1"}],"replies":[{"embeddable":true,"href":"http:\/\/blogdalucianaoliveira.com.br\/blog\/wp-json\/wp\/v2\/comments?post=22793"}],"version-history":[{"count":1,"href":"http:\/\/blogdalucianaoliveira.com.br\/blog\/wp-json\/wp\/v2\/posts\/22793\/revisions"}],"predecessor-version":[{"id":22795,"href":"http:\/\/blogdalucianaoliveira.com.br\/blog\/wp-json\/wp\/v2\/posts\/22793\/revisions\/22795"}],"wp:attachment":[{"href":"http:\/\/blogdalucianaoliveira.com.br\/blog\/wp-json\/wp\/v2\/media?parent=22793"}],"wp:term":[{"taxonomy":"category","embeddable":true,"href":"http:\/\/blogdalucianaoliveira.com.br\/blog\/wp-json\/wp\/v2\/categories?post=22793"},{"taxonomy":"post_tag","embeddable":true,"href":"http:\/\/blogdalucianaoliveira.com.br\/blog\/wp-json\/wp\/v2\/tags?post=22793"}],"curies":[{"name":"wp","href":"https:\/\/api.w.org\/{rel}","templated":true}]}}