{"id":22796,"date":"2019-07-15T20:18:21","date_gmt":"2019-07-16T00:18:21","guid":{"rendered":"http:\/\/blogdalucianaoliveira.com.br\/blog\/?p=22796"},"modified":"2019-07-15T20:18:21","modified_gmt":"2019-07-16T00:18:21","slug":"avanco-neoliberal-faz-fome-atingir-425-milhoes-de-pessoas-na-america-latina-e-caribe","status":"publish","type":"post","link":"http:\/\/blogdalucianaoliveira.com.br\/blog\/2019\/07\/15\/avanco-neoliberal-faz-fome-atingir-425-milhoes-de-pessoas-na-america-latina-e-caribe\/","title":{"rendered":"Avan\u00e7o neoliberal faz fome atingir 42,5 milh\u00f5es de pessoas na Am\u00e9rica Latina e Caribe"},"content":{"rendered":"<p><img data-recalc-dims=\"1\" loading=\"lazy\" decoding=\"async\" data-attachment-id=\"22797\" data-permalink=\"http:\/\/blogdalucianaoliveira.com.br\/blog\/2019\/07\/15\/avanco-neoliberal-faz-fome-atingir-425-milhoes-de-pessoas-na-america-latina-e-caribe\/3811e5fd-e622-432a-807d-c7c0f2ad6ec5\/\" data-orig-file=\"https:\/\/i0.wp.com\/blogdalucianaoliveira.com.br\/blog\/wp-content\/uploads\/2019\/07\/3811E5FD-E622-432A-807D-C7C0F2AD6EC5.jpeg?fit=640%2C435\" data-orig-size=\"640,435\" data-comments-opened=\"0\" data-image-meta=\"{&quot;aperture&quot;:&quot;0&quot;,&quot;credit&quot;:&quot;&quot;,&quot;camera&quot;:&quot;&quot;,&quot;caption&quot;:&quot;&quot;,&quot;created_timestamp&quot;:&quot;0&quot;,&quot;copyright&quot;:&quot;&quot;,&quot;focal_length&quot;:&quot;0&quot;,&quot;iso&quot;:&quot;0&quot;,&quot;shutter_speed&quot;:&quot;0&quot;,&quot;title&quot;:&quot;&quot;,&quot;orientation&quot;:&quot;0&quot;}\" data-image-title=\"3811E5FD-E622-432A-807D-C7C0F2AD6EC5\" data-image-description=\"\" data-image-caption=\"\" data-medium-file=\"https:\/\/i0.wp.com\/blogdalucianaoliveira.com.br\/blog\/wp-content\/uploads\/2019\/07\/3811E5FD-E622-432A-807D-C7C0F2AD6EC5.jpeg?fit=300%2C204\" data-large-file=\"https:\/\/i0.wp.com\/blogdalucianaoliveira.com.br\/blog\/wp-content\/uploads\/2019\/07\/3811E5FD-E622-432A-807D-C7C0F2AD6EC5.jpeg?fit=600%2C408\" class=\"alignnone size-full wp-image-22797\" src=\"https:\/\/i0.wp.com\/blogdalucianaoliveira.com.br\/blog\/wp-content\/uploads\/2019\/07\/3811E5FD-E622-432A-807D-C7C0F2AD6EC5.jpeg?resize=600%2C408\" alt=\"3811E5FD-E622-432A-807D-C7C0F2AD6EC5\" width=\"600\" height=\"408\" srcset=\"https:\/\/i0.wp.com\/blogdalucianaoliveira.com.br\/blog\/wp-content\/uploads\/2019\/07\/3811E5FD-E622-432A-807D-C7C0F2AD6EC5.jpeg?w=640 640w, https:\/\/i0.wp.com\/blogdalucianaoliveira.com.br\/blog\/wp-content\/uploads\/2019\/07\/3811E5FD-E622-432A-807D-C7C0F2AD6EC5.jpeg?resize=300%2C204 300w, https:\/\/i0.wp.com\/blogdalucianaoliveira.com.br\/blog\/wp-content\/uploads\/2019\/07\/3811E5FD-E622-432A-807D-C7C0F2AD6EC5.jpeg?resize=441%2C300 441w\" sizes=\"auto, (max-width: 600px) 100vw, 600px\" \/><\/p>\n<p>Relat\u00f3rio divulgado pela ONU critica paralisa\u00e7\u00e3o dos investimentos em pol\u00edticas sociais na regi\u00e3o<!--more--><\/p>\n<p>Reda\u00e7\u00e3o<br \/>\nBrasil de Fato <\/p>\n<p>A fome associada \u00e0 subnutri\u00e7\u00e3o atingiu 42,5 milh\u00f5es de pessoas na Am\u00e9rica Latina e no Caribe em 2018, segundo relat\u00f3rio divulgado pela ONU nesta segunda-feira (15) sobre o estado da seguran\u00e7a alimentar no mundo.<\/p>\n<p>O n\u00famero equivale a 6,5% da popula\u00e7\u00e3o local e mant\u00e9m a trajet\u00f3ria de crescimento iniciada com a crise econ\u00f4mica mundial e aumentada pelo avan\u00e7o dos governos e ataques neoliberais na regi\u00e3o.<\/p>\n<p>\u201cA tend\u00eancia a implementar programas sociais, que vinham incidindo na redu\u00e7\u00e3o da fome h\u00e1 at\u00e9 tr\u00eas anos, foi altamente afetada\u201d, afirmou \u00e0 ag\u00eancia espanhola EFE o diretor adjunto de Economia do Desenvolvimento Agr\u00edcola da Organiza\u00e7\u00e3o das Na\u00e7\u00f5es Unidas para Alimenta\u00e7\u00e3o e Agricultura (FAO), Marco S\u00e1nchez Cantillo.<\/p>\n<p>Na Am\u00e9rica do Sul, segundo nota divulgada pela FAO, a desnutri\u00e7\u00e3o saltou de 4,6% em 2013 para 5,5% em 2017, mantendo o \u00edndice em 2018. \u201cDurante os primeiros 15 anos deste s\u00e9culo, a Am\u00e9rica Latina e o Caribe cortaram a subnutri\u00e7\u00e3o pela metade. Mas, desde 2014, a fome v\u00eam aumentando\u201d, disse o Representante Regional da FAO, Julio Berdegu\u00e9.<\/p>\n<p>A nota diz ainda que o aumento da fome est\u00e1 \u201cintimamente associado \u00e0 desacelera\u00e7\u00e3o econ\u00f4mica\u201d, principalmente nos pa\u00edses cujas economias t\u00eam muita depend\u00eancia da exporta\u00e7\u00e3o de mat\u00e9rias-primas, as chamadas commodities \u2013 cujos pre\u00e7os tiveram queda acentuada a partir de 2011.<\/p>\n<p>\u201cO decl\u00ednio do PIB e o aumento do desemprego resultaram em menores rendimentos para as fam\u00edlias. Ap\u00f3s v\u00e1rios anos de redu\u00e7\u00f5es acentuadas na pobreza, o n\u00famero de pessoas pobres subiu de 166 milh\u00f5es para 175 milh\u00f5es entre 2013 e 2015, aumentando de 28,1% para 29,2% da popula\u00e7\u00e3o\u201d, diz a nota.<\/p>\n<p>No mundo<\/p>\n<p>Das mais de 820 milh\u00f5es de pessoas com fome, 513,9 milh\u00f5es est\u00e3o na \u00c1sia (11,3% da popula\u00e7\u00e3o), 256 milh\u00f5es na \u00c1frica (19,9%) e 42,5 milh\u00f5es (6,5%) na Am\u00e9rica Latina e no Caribe.<\/p>\n<p>Na \u00c1frica, a subnutri\u00e7\u00e3o cresceu em quase todas as regi\u00f5es. Em pa\u00edses do Oriente M\u00e9dio, como S\u00edria e I\u00eamen, n\u00e3o para de aumentar desde 2010.<\/p>\n<p>Edi\u00e7\u00e3o: Jo\u00e3o Paulo Soares<\/p>\n","protected":false},"excerpt":{"rendered":"<p>Relat\u00f3rio divulgado pela ONU critica paralisa\u00e7\u00e3o dos investimentos em pol\u00edticas sociais na regi\u00e3o<\/p>\n","protected":false},"author":1,"featured_media":0,"comment_status":"closed","ping_status":"open","sticky":false,"template":"","format":"standard","meta":{"_exactmetrics_skip_tracking":false,"_exactmetrics_sitenote_active":false,"_exactmetrics_sitenote_note":"","_exactmetrics_sitenote_category":0,"jetpack_post_was_ever_published":false,"_jetpack_newsletter_access":"","_jetpack_dont_email_post_to_subs":false,"_jetpack_newsletter_tier_id":0,"_jetpack_memberships_contains_paywalled_content":false,"_jetpack_memberships_contains_paid_content":false,"footnotes":"","jetpack_publicize_message":"","jetpack_publicize_feature_enabled":true,"jetpack_social_post_already_shared":true,"jetpack_social_options":{"image_generator_settings":{"template":"highway","enabled":false},"version":2}},"categories":[1],"tags":[],"class_list":["post-22796","post","type-post","status-publish","format-standard","hentry","category-notas"],"jetpack_publicize_connections":[],"jetpack_sharing_enabled":true,"jetpack_featured_media_url":"","jetpack_shortlink":"https:\/\/wp.me\/p7wKYW-5VG","jetpack-related-posts":[],"_links":{"self":[{"href":"http:\/\/blogdalucianaoliveira.com.br\/blog\/wp-json\/wp\/v2\/posts\/22796","targetHints":{"allow":["GET"]}}],"collection":[{"href":"http:\/\/blogdalucianaoliveira.com.br\/blog\/wp-json\/wp\/v2\/posts"}],"about":[{"href":"http:\/\/blogdalucianaoliveira.com.br\/blog\/wp-json\/wp\/v2\/types\/post"}],"author":[{"embeddable":true,"href":"http:\/\/blogdalucianaoliveira.com.br\/blog\/wp-json\/wp\/v2\/users\/1"}],"replies":[{"embeddable":true,"href":"http:\/\/blogdalucianaoliveira.com.br\/blog\/wp-json\/wp\/v2\/comments?post=22796"}],"version-history":[{"count":1,"href":"http:\/\/blogdalucianaoliveira.com.br\/blog\/wp-json\/wp\/v2\/posts\/22796\/revisions"}],"predecessor-version":[{"id":22798,"href":"http:\/\/blogdalucianaoliveira.com.br\/blog\/wp-json\/wp\/v2\/posts\/22796\/revisions\/22798"}],"wp:attachment":[{"href":"http:\/\/blogdalucianaoliveira.com.br\/blog\/wp-json\/wp\/v2\/media?parent=22796"}],"wp:term":[{"taxonomy":"category","embeddable":true,"href":"http:\/\/blogdalucianaoliveira.com.br\/blog\/wp-json\/wp\/v2\/categories?post=22796"},{"taxonomy":"post_tag","embeddable":true,"href":"http:\/\/blogdalucianaoliveira.com.br\/blog\/wp-json\/wp\/v2\/tags?post=22796"}],"curies":[{"name":"wp","href":"https:\/\/api.w.org\/{rel}","templated":true}]}}