{"id":2280,"date":"2016-07-12T13:37:51","date_gmt":"2016-07-12T17:37:51","guid":{"rendered":"http:\/\/blogdalucianaoliveira.com.br\/blog\/?p=2280"},"modified":"2016-07-12T15:42:24","modified_gmt":"2016-07-12T19:42:24","slug":"o-discurso-anfibologico-da-deputada-mariana-carvalho","status":"publish","type":"post","link":"http:\/\/blogdalucianaoliveira.com.br\/blog\/2016\/07\/12\/o-discurso-anfibologico-da-deputada-mariana-carvalho\/","title":{"rendered":"O discurso anfibol\u00f3gico da deputada Mariana Carvalho"},"content":{"rendered":"<div class=\"jetpack-video-wrapper\"><iframe loading=\"lazy\" title=\"Dep. Mariana Carvalho (PSDB-RO) defende a redu\u00e7\u00e3o da maioridade penal\" width=\"600\" height=\"450\" src=\"https:\/\/www.youtube.com\/embed\/dM2qu1ElV8w?feature=oembed\" frameborder=\"0\" allow=\"accelerometer; autoplay; clipboard-write; encrypted-media; gyroscope; picture-in-picture; web-share\" referrerpolicy=\"strict-origin-when-cross-origin\" allowfullscreen><\/iframe><\/div>\n<p>A deputada federal Mariana Carvalho, do PSDB de RO, \u00e9 formada em medicina e direito na faculdade de propriedade da sua fam\u00edlia. <\/p>\n<p>Mariana Carvalho, \u00e9 herdeira de um esp\u00f3lio pol\u00edtico. O pai \u00e9 ex-vereador, ex-deputado federal e ex vice-governador.<!--more--><\/p>\n<p>Ela votou e fez campanha em plen\u00e1rio pela aprova\u00e7\u00e3o da redu\u00e7\u00e3o da maioridade com o costumeiro posicionamento amb\u00edguo. Apesar de reconhecer que muitos adolescentes se tornam &#8220;bandidos&#8221;, como fez quest\u00e3o de enfatizar, porque n\u00e3o tiveram oportunidades como ela, o correto \u00e9 colocar adolescentes em conflito com a lei na cadeia.<\/p>\n<p>&#8220;N\u00e3o \u00e9 a juventude que est\u00e1 indo pra cadeia n\u00e3o, \u00e9 o bandido que j\u00e1 se tornou, porque n\u00e3o teve oportunidade de educa\u00e7\u00e3o.&#8221;<\/p>\n<p>?????<\/p>\n<p>&#8220;Votem sim \u00e0 redu\u00e7\u00e3o da maioridade! A favor da juventude, fam\u00edlias e a favor das mulheres.&#8221;<\/p>\n<p>Um discurso excludente, que despreza a realidade do pa\u00eds e personaliza a culpa no governo federal, apesar de tamb\u00e9m saber que a educa\u00e7\u00e3o \u00e9 responsabilidade compartilhada nas tr\u00eas esferas do executivo, federal, estadual e municipal. <\/p>\n<p>E  quanto a import\u00e2ncia do investimento na educa\u00e7\u00e3o, a deputada tamb\u00e9m se contradiz. <\/p>\n<p>H\u00e1 um ano, Mariana Carvalho chamou de &#8220;falsas promessas&#8221;, programas educacionais como FIES e Pronatec, mas recentemente cobrou do Ministro da Educa\u00e7\u00e3o a retomada dos investimentos.<\/p>\n<div class=\"jetpack-video-wrapper\"><iframe loading=\"lazy\" title=\"Perguntas Dep Mariana Carvalho na Comiss\u00e3o de Educa\u00e7\u00e3o\" width=\"600\" height=\"338\" src=\"https:\/\/www.youtube.com\/embed\/caF4nLkwsaU?feature=oembed\" frameborder=\"0\" allow=\"accelerometer; autoplay; clipboard-write; encrypted-media; gyroscope; picture-in-picture; web-share\" referrerpolicy=\"strict-origin-when-cross-origin\" allowfullscreen><\/iframe><\/div>\n<p>N\u00e3o falta quem acuse a deputada de legislar em causa pr\u00f3pria, j\u00e1 que a Faculdades Integradas Apar\u00edcio Carvalho \u00e9 benefici\u00e1ria direta dos programas que h\u00e1 um ano, no momento em que articulavam o impeachment da presidente Dilma Roussef, criticou como eleitoreiros.<\/p>\n<p>Mariana Carvalho participou de atos pr\u00f3-impeachment e contra a corrup\u00e7\u00e3o, mas nunca se posicionou sobre as den\u00fancias que recaem sobre filiados do seu partido e sobre o afastamento e ren\u00fancia de deputado Eduardo Cunha, que apoiou \u00e0 elei\u00e7\u00e3o da Casa. <\/p>\n<p>Cadeia pra adolescente em conflito com a lei, cobra. Pra aliados, se cala.<\/p>\n<p><img data-recalc-dims=\"1\" loading=\"lazy\" decoding=\"async\" data-attachment-id=\"2283\" data-permalink=\"http:\/\/blogdalucianaoliveira.com.br\/blog\/2016\/07\/12\/o-discurso-anfibologico-da-deputada-mariana-carvalho\/marianaaa\/\" data-orig-file=\"https:\/\/i0.wp.com\/blogdalucianaoliveira.com.br\/blog\/wp-content\/uploads\/2016\/07\/MARIANAAA.jpg?fit=480%2C270\" data-orig-size=\"480,270\" data-comments-opened=\"0\" data-image-meta=\"{&quot;aperture&quot;:&quot;0&quot;,&quot;credit&quot;:&quot;&quot;,&quot;camera&quot;:&quot;&quot;,&quot;caption&quot;:&quot;&quot;,&quot;created_timestamp&quot;:&quot;0&quot;,&quot;copyright&quot;:&quot;&quot;,&quot;focal_length&quot;:&quot;0&quot;,&quot;iso&quot;:&quot;0&quot;,&quot;shutter_speed&quot;:&quot;0&quot;,&quot;title&quot;:&quot;&quot;,&quot;orientation&quot;:&quot;0&quot;}\" data-image-title=\"MARIANAAA\" data-image-description=\"\" data-image-caption=\"\" data-medium-file=\"https:\/\/i0.wp.com\/blogdalucianaoliveira.com.br\/blog\/wp-content\/uploads\/2016\/07\/MARIANAAA.jpg?fit=300%2C169\" data-large-file=\"https:\/\/i0.wp.com\/blogdalucianaoliveira.com.br\/blog\/wp-content\/uploads\/2016\/07\/MARIANAAA.jpg?fit=480%2C270\" src=\"https:\/\/i0.wp.com\/blogdalucianaoliveira.com.br\/blog\/wp-content\/uploads\/2016\/07\/MARIANAAA.jpg?resize=480%2C270\" alt=\"MARIANAAA\" width=\"480\" height=\"270\" class=\"alignnone size-full wp-image-2283\" srcset=\"https:\/\/i0.wp.com\/blogdalucianaoliveira.com.br\/blog\/wp-content\/uploads\/2016\/07\/MARIANAAA.jpg?w=480 480w, https:\/\/i0.wp.com\/blogdalucianaoliveira.com.br\/blog\/wp-content\/uploads\/2016\/07\/MARIANAAA.jpg?resize=300%2C169 300w\" sizes=\"auto, (max-width: 480px) 100vw, 480px\" \/><\/p>\n<p>Mariana Carvalho lidera as pesquisas de inten\u00e7\u00e3o de votos pra prefeitura de Porto Velho.<\/p>\n","protected":false},"excerpt":{"rendered":"<p>A deputada federal Mariana Carvalho, do PSDB de RO, \u00e9 formada em medicina e direito na faculdade de propriedade da sua fam\u00edlia. Mariana Carvalho, \u00e9 herdeira de um esp\u00f3lio pol\u00edtico. O pai \u00e9 ex-vereador, ex-deputado federal e ex vice-governador.<\/p>\n","protected":false},"author":1,"featured_media":0,"comment_status":"closed","ping_status":"open","sticky":false,"template":"","format":"standard","meta":{"_exactmetrics_skip_tracking":false,"_exactmetrics_sitenote_active":false,"_exactmetrics_sitenote_note":"","_exactmetrics_sitenote_category":0,"jetpack_post_was_ever_published":false,"_jetpack_newsletter_access":"","_jetpack_dont_email_post_to_subs":false,"_jetpack_newsletter_tier_id":0,"_jetpack_memberships_contains_paywalled_content":false,"_jetpack_memberships_contains_paid_content":false,"footnotes":"","jetpack_publicize_message":"","jetpack_publicize_feature_enabled":true,"jetpack_social_post_already_shared":true,"jetpack_social_options":{"image_generator_settings":{"template":"highway","enabled":false},"version":2}},"categories":[1],"tags":[158,25,155],"class_list":["post-2280","post","type-post","status-publish","format-standard","hentry","category-notas","tag-educacao","tag-mariana-carvalho","tag-reducao-da-maioridade"],"jetpack_publicize_connections":[],"jetpack_sharing_enabled":true,"jetpack_featured_media_url":"","jetpack_shortlink":"https:\/\/wp.me\/p7wKYW-AM","jetpack-related-posts":[],"_links":{"self":[{"href":"http:\/\/blogdalucianaoliveira.com.br\/blog\/wp-json\/wp\/v2\/posts\/2280","targetHints":{"allow":["GET"]}}],"collection":[{"href":"http:\/\/blogdalucianaoliveira.com.br\/blog\/wp-json\/wp\/v2\/posts"}],"about":[{"href":"http:\/\/blogdalucianaoliveira.com.br\/blog\/wp-json\/wp\/v2\/types\/post"}],"author":[{"embeddable":true,"href":"http:\/\/blogdalucianaoliveira.com.br\/blog\/wp-json\/wp\/v2\/users\/1"}],"replies":[{"embeddable":true,"href":"http:\/\/blogdalucianaoliveira.com.br\/blog\/wp-json\/wp\/v2\/comments?post=2280"}],"version-history":[{"count":7,"href":"http:\/\/blogdalucianaoliveira.com.br\/blog\/wp-json\/wp\/v2\/posts\/2280\/revisions"}],"predecessor-version":[{"id":2303,"href":"http:\/\/blogdalucianaoliveira.com.br\/blog\/wp-json\/wp\/v2\/posts\/2280\/revisions\/2303"}],"wp:attachment":[{"href":"http:\/\/blogdalucianaoliveira.com.br\/blog\/wp-json\/wp\/v2\/media?parent=2280"}],"wp:term":[{"taxonomy":"category","embeddable":true,"href":"http:\/\/blogdalucianaoliveira.com.br\/blog\/wp-json\/wp\/v2\/categories?post=2280"},{"taxonomy":"post_tag","embeddable":true,"href":"http:\/\/blogdalucianaoliveira.com.br\/blog\/wp-json\/wp\/v2\/tags?post=2280"}],"curies":[{"name":"wp","href":"https:\/\/api.w.org\/{rel}","templated":true}]}}