{"id":22802,"date":"2019-07-16T11:50:19","date_gmt":"2019-07-16T15:50:19","guid":{"rendered":"http:\/\/blogdalucianaoliveira.com.br\/blog\/?p=22802"},"modified":"2019-07-16T11:50:19","modified_gmt":"2019-07-16T15:50:19","slug":"bazar-da-solidariedade-forma-rede-de-amor-ao-proximo","status":"publish","type":"post","link":"http:\/\/blogdalucianaoliveira.com.br\/blog\/2019\/07\/16\/bazar-da-solidariedade-forma-rede-de-amor-ao-proximo\/","title":{"rendered":"Bazar da Solidariedade forma rede de amor ao pr\u00f3ximo"},"content":{"rendered":"<p><img data-recalc-dims=\"1\" loading=\"lazy\" decoding=\"async\" data-attachment-id=\"22803\" data-permalink=\"http:\/\/blogdalucianaoliveira.com.br\/blog\/2019\/07\/16\/bazar-da-solidariedade-forma-rede-de-amor-ao-proximo\/bazar\/\" data-orig-file=\"https:\/\/i0.wp.com\/blogdalucianaoliveira.com.br\/blog\/wp-content\/uploads\/2019\/07\/bazar.jpeg?fit=876%2C1280\" data-orig-size=\"876,1280\" data-comments-opened=\"0\" data-image-meta=\"{&quot;aperture&quot;:&quot;0&quot;,&quot;credit&quot;:&quot;&quot;,&quot;camera&quot;:&quot;&quot;,&quot;caption&quot;:&quot;&quot;,&quot;created_timestamp&quot;:&quot;0&quot;,&quot;copyright&quot;:&quot;&quot;,&quot;focal_length&quot;:&quot;0&quot;,&quot;iso&quot;:&quot;0&quot;,&quot;shutter_speed&quot;:&quot;0&quot;,&quot;title&quot;:&quot;&quot;,&quot;orientation&quot;:&quot;0&quot;}\" data-image-title=\"bazar\" data-image-description=\"\" data-image-caption=\"\" data-medium-file=\"https:\/\/i0.wp.com\/blogdalucianaoliveira.com.br\/blog\/wp-content\/uploads\/2019\/07\/bazar.jpeg?fit=205%2C300\" data-large-file=\"https:\/\/i0.wp.com\/blogdalucianaoliveira.com.br\/blog\/wp-content\/uploads\/2019\/07\/bazar.jpeg?fit=600%2C876\" src=\"https:\/\/i0.wp.com\/blogdalucianaoliveira.com.br\/blog\/wp-content\/uploads\/2019\/07\/bazar.jpeg?resize=600%2C877\" alt=\"bazar\" width=\"600\" height=\"877\" class=\"alignnone size-full wp-image-22803\" srcset=\"https:\/\/i0.wp.com\/blogdalucianaoliveira.com.br\/blog\/wp-content\/uploads\/2019\/07\/bazar.jpeg?w=876 876w, https:\/\/i0.wp.com\/blogdalucianaoliveira.com.br\/blog\/wp-content\/uploads\/2019\/07\/bazar.jpeg?resize=205%2C300 205w, https:\/\/i0.wp.com\/blogdalucianaoliveira.com.br\/blog\/wp-content\/uploads\/2019\/07\/bazar.jpeg?resize=768%2C1122 768w, https:\/\/i0.wp.com\/blogdalucianaoliveira.com.br\/blog\/wp-content\/uploads\/2019\/07\/bazar.jpeg?resize=701%2C1024 701w\" sizes=\"auto, (max-width: 600px) 100vw, 600px\" \/><\/p>\n<p>A Associa\u00e7\u00e3o Pestalozzi de Porto Velho\/RO, entidade filantr\u00f3pica que h\u00e1 40 anos atende pessoas com defici\u00eancia, realizar\u00e1 o BAZAR DA SOLIDARIEDADE, evento que ocorrer\u00e1 no SESI, em 17 de agosto de 2019, das 10:00 \u00e0s 22:00 horas.<\/p>\n<p>O BAZAR DA SOLIDARIEDADE visa angariar coisas novas e usadas que, uma vez vendidas, servir\u00e3o para auxiliar a Pestalozzi no desempenho de suas importantes atividades. Al\u00e9m disso, como mensagem principal do bazar, os organizadores buscam despertar, nas pessoas, valores cada vez mais esquecidos, tais como o amor ao pr\u00f3ximo, a partilha e a solidariedade.<!--more--><\/p>\n<p>As demais institui\u00e7\u00f5es filantr\u00f3picas de Porto Velho e regi\u00e3o ser\u00e3o convidadas a participar, sendo certo que a Casa Fam\u00edlia Rosetta, o Movidos por Amor e a AMA j\u00e1 se engajaram na iniciativa. Da mesma forma, \u00f3rg\u00e3os p\u00fablicos, empresas, faculdades e a pr\u00f3pria sociedade ser\u00e3o devidamente mobilizados. A ideia \u00e9 que seja criada uma CORRENTE DO BEM e que ela cres\u00e7a e se fortale\u00e7a at\u00e9 o dia do evento, semeando aqueles maiores valores que nos informam enquanto seres verdadeiramente humanos.<\/p>\n<p>Alguns objetos selecionados pela organiza\u00e7\u00e3o ser\u00e3o oferecidos em leil\u00e3o virtual, atrav\u00e9s do qual as pessoas previamente cadastradas pela Internet poder\u00e3o ofertar lances para adquirir aquelas coisas que despertarem o seu interesse.<\/p>\n<p>No dia do evento (SESI, 17 de agosto), al\u00e9m da venda de coisas novas e usadas a pre\u00e7os bem interessantes, tamb\u00e9m ser\u00e1 oferecida uma grande variedade de atra\u00e7\u00f5es culturais, art\u00edsticas e recreativas, tais como shows musicais, apresenta\u00e7\u00e3o de dan\u00e7as etc.<\/p>\n<p>As pessoas interessadas em ajudar poder\u00e3o faz\u00ea-lo por at\u00e9 tr\u00eas formas diferentes: a) doando coisas novas e usadas de qualquer natureza (eletr\u00f4nicos, roupas, sapatos, bolsas, brinquedos, artigos de decora\u00e7\u00e3o, rel\u00f3gios, m\u00f3veis etc.); b) tomando parte nas v\u00e1rias tarefas de organiza\u00e7\u00e3o e execu\u00e7\u00e3o do evento; c) participando do leil\u00e3o virtual e, sobretudo, prestigiando o BAZAR DA SOLIDARIEDADE no dia do evento.<\/p>\n<p>As doa\u00e7\u00f5es poder\u00e3o ser feitas em caixas de coleta que ser\u00e3o colocadas em \u00f3rg\u00e3os p\u00fablicos e empresas em Porto Velho\/RO ou mesmo diretamente na Associa\u00e7\u00e3o Pestalozzi, localizada na Rua L\u00edbero Badar\u00f3, 3429, Bairro Costa e Silva, fone (69) 3229-4418.<\/p>\n<p>Nesta semana os organizadores iniciaram uma s\u00e9rie de reuni\u00f5es com institui\u00e7\u00f5es p\u00fablicas desta capital; sendo certo que j\u00e1 foram visitados o Tribunal de Justi\u00e7a, o Minist\u00e9rio P\u00fablico de Rond\u00f4nia, a Assembleia Legislativa, o Tribunal Regional Eleitoral e o Minist\u00e9rio P\u00fablico do Trabalho. Todos acolheram com entusiasmo a proposta e abriram as portas para o trabalho de convencimento dos respectivos servidores. Nesta sexta-feira, a partir das 08 horas, a organiza\u00e7\u00e3o j\u00e1 conversar\u00e1 com os servidores do TJ\/RO.<\/p>\n<p>Numa sociedade materialista e individualista, imperioso que as pessoas de bem se deem conta de que existem muitos seres humanos enfrentando as maiores dificuldades. Todos podem ajudar a construir um mundo melhor, mais solid\u00e1rio. Basta que tenham bom cora\u00e7\u00e3o e que queiram!<\/p>\n<p>Voc\u00ea tamb\u00e9m pode fazer parte disso. Voc\u00ea igualmente pode semear o Amor e a Partilha. Junte-se \u00e0 Pestalozzi e a suas parceiras! O Amor \u00e9 contagiante! Permita-se contagiar tamb\u00e9m!<\/p>\n","protected":false},"excerpt":{"rendered":"<p>A Associa\u00e7\u00e3o Pestalozzi de Porto Velho\/RO, entidade filantr\u00f3pica que h\u00e1 40 anos atende pessoas com defici\u00eancia, realizar\u00e1 o BAZAR DA SOLIDARIEDADE, evento que ocorrer\u00e1 no SESI, em 17 de agosto de 2019, das 10:00 \u00e0s 22:00 horas. O BAZAR DA SOLIDARIEDADE visa angariar coisas novas e usadas que, uma vez vendidas, servir\u00e3o para auxiliar a&#8230;<a class=\"more-link\" href=\"http:\/\/blogdalucianaoliveira.com.br\/blog\/2019\/07\/16\/bazar-da-solidariedade-forma-rede-de-amor-ao-proximo\/\">Continue a leitura <span class=\"meta-nav\">&raquo;<\/span><\/a><\/p>\n","protected":false},"author":1,"featured_media":0,"comment_status":"closed","ping_status":"open","sticky":false,"template":"","format":"standard","meta":{"_exactmetrics_skip_tracking":false,"_exactmetrics_sitenote_active":false,"_exactmetrics_sitenote_note":"","_exactmetrics_sitenote_category":0,"jetpack_post_was_ever_published":false,"_jetpack_newsletter_access":"","_jetpack_dont_email_post_to_subs":false,"_jetpack_newsletter_tier_id":0,"_jetpack_memberships_contains_paywalled_content":false,"_jetpack_memberships_contains_paid_content":false,"footnotes":"","jetpack_publicize_message":"","jetpack_publicize_feature_enabled":true,"jetpack_social_post_already_shared":true,"jetpack_social_options":{"image_generator_settings":{"template":"highway","enabled":false},"version":2}},"categories":[1],"tags":[],"class_list":["post-22802","post","type-post","status-publish","format-standard","hentry","category-notas"],"jetpack_publicize_connections":[],"jetpack_sharing_enabled":true,"jetpack_featured_media_url":"","jetpack_shortlink":"https:\/\/wp.me\/p7wKYW-5VM","jetpack-related-posts":[],"_links":{"self":[{"href":"http:\/\/blogdalucianaoliveira.com.br\/blog\/wp-json\/wp\/v2\/posts\/22802","targetHints":{"allow":["GET"]}}],"collection":[{"href":"http:\/\/blogdalucianaoliveira.com.br\/blog\/wp-json\/wp\/v2\/posts"}],"about":[{"href":"http:\/\/blogdalucianaoliveira.com.br\/blog\/wp-json\/wp\/v2\/types\/post"}],"author":[{"embeddable":true,"href":"http:\/\/blogdalucianaoliveira.com.br\/blog\/wp-json\/wp\/v2\/users\/1"}],"replies":[{"embeddable":true,"href":"http:\/\/blogdalucianaoliveira.com.br\/blog\/wp-json\/wp\/v2\/comments?post=22802"}],"version-history":[{"count":1,"href":"http:\/\/blogdalucianaoliveira.com.br\/blog\/wp-json\/wp\/v2\/posts\/22802\/revisions"}],"predecessor-version":[{"id":22804,"href":"http:\/\/blogdalucianaoliveira.com.br\/blog\/wp-json\/wp\/v2\/posts\/22802\/revisions\/22804"}],"wp:attachment":[{"href":"http:\/\/blogdalucianaoliveira.com.br\/blog\/wp-json\/wp\/v2\/media?parent=22802"}],"wp:term":[{"taxonomy":"category","embeddable":true,"href":"http:\/\/blogdalucianaoliveira.com.br\/blog\/wp-json\/wp\/v2\/categories?post=22802"},{"taxonomy":"post_tag","embeddable":true,"href":"http:\/\/blogdalucianaoliveira.com.br\/blog\/wp-json\/wp\/v2\/tags?post=22802"}],"curies":[{"name":"wp","href":"https:\/\/api.w.org\/{rel}","templated":true}]}}