{"id":22805,"date":"2019-07-17T11:34:18","date_gmt":"2019-07-17T15:34:18","guid":{"rendered":"http:\/\/blogdalucianaoliveira.com.br\/blog\/?p=22805"},"modified":"2019-07-17T11:34:18","modified_gmt":"2019-07-17T15:34:18","slug":"dados-do-coaf-toffoli-fez-o-certo-pelo-motivo-errado","status":"publish","type":"post","link":"http:\/\/blogdalucianaoliveira.com.br\/blog\/2019\/07\/17\/dados-do-coaf-toffoli-fez-o-certo-pelo-motivo-errado\/","title":{"rendered":"Dados do Coaf: Toffoli fez o certo pelo motivo errado"},"content":{"rendered":"<p><img data-recalc-dims=\"1\" loading=\"lazy\" decoding=\"async\" data-attachment-id=\"22806\" data-permalink=\"http:\/\/blogdalucianaoliveira.com.br\/blog\/2019\/07\/17\/dados-do-coaf-toffoli-fez-o-certo-pelo-motivo-errado\/presidente-eleito-jair-bolsonaro-conversa-com-presidente-do-stf-dias-toffoli-durante-celebracao-dos-30-anos-da-constituicao-brasiliera-no-congresso-nacional-em-brasilia-distrito-federal\/\" data-orig-file=\"https:\/\/i0.wp.com\/blogdalucianaoliveira.com.br\/blog\/wp-content\/uploads\/2019\/07\/to.jpg?fit=800%2C567\" data-orig-size=\"800,567\" data-comments-opened=\"0\" data-image-meta=\"{&quot;aperture&quot;:&quot;0&quot;,&quot;credit&quot;:&quot;REUTERS&quot;,&quot;camera&quot;:&quot;&quot;,&quot;caption&quot;:&quot;Presidente eleito, Jair Bolsonaro, conversa com presidente do STF, Dias Toffoli, durante celebra\\u00e7\\u00e3o dos 30 anos da Constitui\\u00e7\\u00e3o brasiliera no Congresso Nacional em Bras\\u00edlia, Distrito Federal\\n06\\\/11\\\/2018 REUTERS\\\/Adriano Machado&quot;,&quot;created_timestamp&quot;:&quot;1541518755&quot;,&quot;copyright&quot;:&quot;&quot;,&quot;focal_length&quot;:&quot;0&quot;,&quot;iso&quot;:&quot;0&quot;,&quot;shutter_speed&quot;:&quot;0&quot;,&quot;title&quot;:&quot;Presidente eleito, Jair Bolsonaro, conversa com presidente do STF, Dias Toffoli, durante celebra\\u00e7\\u00e3o dos 30 anos da Constitui\\u00e7\\u00e3o brasiliera no Congresso Nacional em Bras\\u00edlia, Distrito Federal&quot;,&quot;orientation&quot;:&quot;0&quot;}\" data-image-title=\"\" data-image-description=\"\" data-image-caption=\"\" data-medium-file=\"https:\/\/i0.wp.com\/blogdalucianaoliveira.com.br\/blog\/wp-content\/uploads\/2019\/07\/to.jpg?fit=300%2C213\" data-large-file=\"https:\/\/i0.wp.com\/blogdalucianaoliveira.com.br\/blog\/wp-content\/uploads\/2019\/07\/to.jpg?fit=600%2C425\" src=\"https:\/\/i0.wp.com\/blogdalucianaoliveira.com.br\/blog\/wp-content\/uploads\/2019\/07\/to.jpg?resize=600%2C425\" alt=\" \" width=\"600\" height=\"425\" class=\"alignnone size-full wp-image-22806\" srcset=\"https:\/\/i0.wp.com\/blogdalucianaoliveira.com.br\/blog\/wp-content\/uploads\/2019\/07\/to.jpg?w=800 800w, https:\/\/i0.wp.com\/blogdalucianaoliveira.com.br\/blog\/wp-content\/uploads\/2019\/07\/to.jpg?resize=300%2C213 300w, https:\/\/i0.wp.com\/blogdalucianaoliveira.com.br\/blog\/wp-content\/uploads\/2019\/07\/to.jpg?resize=768%2C544 768w, https:\/\/i0.wp.com\/blogdalucianaoliveira.com.br\/blog\/wp-content\/uploads\/2019\/07\/to.jpg?resize=423%2C300 423w\" sizes=\"auto, (max-width: 600px) 100vw, 600px\" \/><\/p>\n<p>Escrevi, mais cedo, que a desgra\u00e7a do Judici\u00e1rio brasileiro era tanta que at\u00e9 para tomar decis\u00f5es corretas era levado pelas raz\u00f5es erradas.<!--more--><\/p>\n<p>No DCM<br \/>\nFernando Brito<\/p>\n<p>\u00c9 evidente que, num estado de Direito, ningu\u00e9m pode ter arbitrariamente sua vida vasculhada , a n\u00e3o ser a partir de ind\u00edcios que levem \u00e0 autoriza\u00e7\u00e3o, excepcional\u00edssima, para que se rompa seu sigilo banc\u00e1rio ou fiscal.<\/p>\n<p>N\u00e3o se alegue que isso \u201cdificulta\u201d investiga\u00e7\u00f5es, num pa\u00eds onde a Justi\u00e7a autoriza centenas e centenas de condu\u00e7\u00f5es coercitivas, com cambur\u00f5es e fuzis e outras tantas pris\u00f5es provis\u00f3rias, escancaradamente autorizadas para for\u00e7ar dela\u00e7\u00f5es.<\/p>\n<p>Se a Pol\u00edcia Federal pode, com um simples of\u00edcios, saber tudo sobre as movimenta\u00e7\u00f5es financeiras de um cidad\u00e3o, simplesmente n\u00e3o existe mais o sigilo banc\u00e1rio (a prop\u00f3sito, n\u00e3o sou favor\u00e1vel ao sigilo banc\u00e1rio para pessoas jur\u00eddicas, que n\u00e3o t\u00eam \u201cintimidades\u201d a preservar e o direito \u00e0 intimidade \u00e9 o que a Constitui\u00e7\u00e3o protege).<\/p>\n<p>\u00c9 duvidoso, duvidos\u00edssimo que este tenha sido o fundamento da decis\u00e3o de Dias Toffoli para suspender a investiga\u00e7\u00e3o sobre Fl\u00e1vio Bolsonaro e Fabr\u00edcio Queiroz (sim, porque vale para ele tamb\u00e9m). O fundamento, est\u00e1 claro, \u00e9 o fato de ser o filho de Jair Bolsonaro.<\/p>\n<p>De outro modo, como explicar que esta garantia, ao longo dos anos, tenha sido negada a mesma prote\u00e7\u00e3o a centenas ou milhares de pessoas submetidas \u00e0 mesma devassa pelo Coaf e pela Receita, bastando que um promotor ou um delegado decidam que ela \u00e9 suspeita?<\/p>\n<p>Ser\u00e1 que nenhum deles teve um advogado capaz de atravessar, como no caso de Fl\u00e1vio, uma peti\u00e7\u00e3o \u201cavulsa\u201d e obter o mesmo?<\/p>\n<p>Por isso disse o que disse: a decis\u00e3o correta veio por raz\u00f5es esp\u00farias. Mais esp\u00faria ainda porque tomada em favor de quem gritava por um Coaf onipotente e uma Pol\u00edcia e um Minist\u00e9rio P\u00fablico arbitr\u00e1rios?<\/p>\n<p>Imaginem se durante tantos anos, com as mesmas leis (a do Coaf trocar dados \u00e9 de 2001), os governos de esquerda tivessem ordenado a devassa das contas de advers\u00e1rios e de empres\u00e1rio?<\/p>\n<p>Talvez seja tarde para que nos reacostumemos ao Estado de Direito. A m\u00eddia brasileira criou o amor pelo esc\u00e2ndalo, a paix\u00e3o pela devassa, o frenesi pelo linchamento.<\/p>\n","protected":false},"excerpt":{"rendered":"<p>Escrevi, mais cedo, que a desgra\u00e7a do Judici\u00e1rio brasileiro era tanta que at\u00e9 para tomar decis\u00f5es corretas era levado pelas raz\u00f5es erradas.<\/p>\n","protected":false},"author":1,"featured_media":0,"comment_status":"closed","ping_status":"open","sticky":false,"template":"","format":"standard","meta":{"_exactmetrics_skip_tracking":false,"_exactmetrics_sitenote_active":false,"_exactmetrics_sitenote_note":"","_exactmetrics_sitenote_category":0,"jetpack_post_was_ever_published":false,"_jetpack_newsletter_access":"","_jetpack_dont_email_post_to_subs":false,"_jetpack_newsletter_tier_id":0,"_jetpack_memberships_contains_paywalled_content":false,"_jetpack_memberships_contains_paid_content":false,"footnotes":"","jetpack_publicize_message":"","jetpack_publicize_feature_enabled":true,"jetpack_social_post_already_shared":true,"jetpack_social_options":{"image_generator_settings":{"template":"highway","enabled":false},"version":2}},"categories":[1],"tags":[],"class_list":["post-22805","post","type-post","status-publish","format-standard","hentry","category-notas"],"jetpack_publicize_connections":[],"jetpack_sharing_enabled":true,"jetpack_featured_media_url":"","jetpack_shortlink":"https:\/\/wp.me\/p7wKYW-5VP","jetpack-related-posts":[],"_links":{"self":[{"href":"http:\/\/blogdalucianaoliveira.com.br\/blog\/wp-json\/wp\/v2\/posts\/22805","targetHints":{"allow":["GET"]}}],"collection":[{"href":"http:\/\/blogdalucianaoliveira.com.br\/blog\/wp-json\/wp\/v2\/posts"}],"about":[{"href":"http:\/\/blogdalucianaoliveira.com.br\/blog\/wp-json\/wp\/v2\/types\/post"}],"author":[{"embeddable":true,"href":"http:\/\/blogdalucianaoliveira.com.br\/blog\/wp-json\/wp\/v2\/users\/1"}],"replies":[{"embeddable":true,"href":"http:\/\/blogdalucianaoliveira.com.br\/blog\/wp-json\/wp\/v2\/comments?post=22805"}],"version-history":[{"count":1,"href":"http:\/\/blogdalucianaoliveira.com.br\/blog\/wp-json\/wp\/v2\/posts\/22805\/revisions"}],"predecessor-version":[{"id":22807,"href":"http:\/\/blogdalucianaoliveira.com.br\/blog\/wp-json\/wp\/v2\/posts\/22805\/revisions\/22807"}],"wp:attachment":[{"href":"http:\/\/blogdalucianaoliveira.com.br\/blog\/wp-json\/wp\/v2\/media?parent=22805"}],"wp:term":[{"taxonomy":"category","embeddable":true,"href":"http:\/\/blogdalucianaoliveira.com.br\/blog\/wp-json\/wp\/v2\/categories?post=22805"},{"taxonomy":"post_tag","embeddable":true,"href":"http:\/\/blogdalucianaoliveira.com.br\/blog\/wp-json\/wp\/v2\/tags?post=22805"}],"curies":[{"name":"wp","href":"https:\/\/api.w.org\/{rel}","templated":true}]}}