{"id":22808,"date":"2019-07-17T11:39:57","date_gmt":"2019-07-17T15:39:57","guid":{"rendered":"http:\/\/blogdalucianaoliveira.com.br\/blog\/?p=22808"},"modified":"2019-07-17T11:39:57","modified_gmt":"2019-07-17T15:39:57","slug":"politica-antiambiental-de-bolsonaro-ameaca-o-fundo-amazonia-entenda-os-riscos","status":"publish","type":"post","link":"http:\/\/blogdalucianaoliveira.com.br\/blog\/2019\/07\/17\/politica-antiambiental-de-bolsonaro-ameaca-o-fundo-amazonia-entenda-os-riscos\/","title":{"rendered":"\u201cPol\u00edtica antiambiental\u201d de Bolsonaro amea\u00e7a o Fundo Amaz\u00f4nia; entenda os riscos"},"content":{"rendered":"<p><img data-recalc-dims=\"1\" loading=\"lazy\" decoding=\"async\" data-attachment-id=\"22809\" data-permalink=\"http:\/\/blogdalucianaoliveira.com.br\/blog\/2019\/07\/17\/politica-antiambiental-de-bolsonaro-ameaca-o-fundo-amazonia-entenda-os-riscos\/meio\/\" data-orig-file=\"https:\/\/i0.wp.com\/blogdalucianaoliveira.com.br\/blog\/wp-content\/uploads\/2019\/07\/meio.jpg?fit=639%2C313\" data-orig-size=\"639,313\" data-comments-opened=\"0\" data-image-meta=\"{&quot;aperture&quot;:&quot;0&quot;,&quot;credit&quot;:&quot;&quot;,&quot;camera&quot;:&quot;&quot;,&quot;caption&quot;:&quot;&quot;,&quot;created_timestamp&quot;:&quot;0&quot;,&quot;copyright&quot;:&quot;&quot;,&quot;focal_length&quot;:&quot;0&quot;,&quot;iso&quot;:&quot;0&quot;,&quot;shutter_speed&quot;:&quot;0&quot;,&quot;title&quot;:&quot;&quot;,&quot;orientation&quot;:&quot;0&quot;}\" data-image-title=\"meio\" data-image-description=\"\" data-image-caption=\"\" data-medium-file=\"https:\/\/i0.wp.com\/blogdalucianaoliveira.com.br\/blog\/wp-content\/uploads\/2019\/07\/meio.jpg?fit=300%2C147\" data-large-file=\"https:\/\/i0.wp.com\/blogdalucianaoliveira.com.br\/blog\/wp-content\/uploads\/2019\/07\/meio.jpg?fit=600%2C294\" src=\"https:\/\/i0.wp.com\/blogdalucianaoliveira.com.br\/blog\/wp-content\/uploads\/2019\/07\/meio.jpg?resize=600%2C294\" alt=\"meio\" width=\"600\" height=\"294\" class=\"alignnone size-full wp-image-22809\" srcset=\"https:\/\/i0.wp.com\/blogdalucianaoliveira.com.br\/blog\/wp-content\/uploads\/2019\/07\/meio.jpg?w=639 639w, https:\/\/i0.wp.com\/blogdalucianaoliveira.com.br\/blog\/wp-content\/uploads\/2019\/07\/meio.jpg?resize=300%2C147 300w, https:\/\/i0.wp.com\/blogdalucianaoliveira.com.br\/blog\/wp-content\/uploads\/2019\/07\/meio.jpg?resize=612%2C300 612w\" sizes=\"auto, (max-width: 600px) 100vw, 600px\" \/><\/p>\n<p>Noruega e Alemanha discordam de ministro que defende usar recursos do fundo para pagar indeniza\u00e7\u00f5es a ruralistas<!--more--><\/p>\n<p>Lu Sudr\u00e9<br \/>\nBrasil de Fato <\/p>\n<p>O maior projeto de coopera\u00e7\u00e3o internacional para a preserva\u00e7\u00e3o da floresta amaz\u00f4nica pode estar com os dias contados. Isso porque Ricardo Salles, ministro do Meio Ambiente do governo de Jair Bolsonaro (PSL), quer alterar regras para o uso de recursos do Fundo Amaz\u00f4nia, mantido com doa\u00e7\u00f5es dos governos da Noruega e Alemanha. <\/p>\n<p>Na contram\u00e3o dos objetivos da iniciativa, criada em 2008 para financiar projetos de redu\u00e7\u00e3o do desmatamento, o governo deseja usar a verba para pagar indeniza\u00e7\u00f5es a propriet\u00e1rios rurais com terras em unidades de conserva\u00e7\u00e3o. A proposta foi recha\u00e7ada pelos governos dos pa\u00edses doadores, o que colocou em xeque a continuidade do Fundo. <\/p>\n<p>Ap\u00f3s se reunirem com Salles no in\u00edcio deste m\u00eas, os embaixadores europeus admitiram que a descontinuidade do Fundo \u00e9 uma possibilidade j\u00e1 que discordam de forma veemente das mudan\u00e7as nas normas de aplica\u00e7\u00e3o dos recursos. <\/p>\n<p>Diante do impasse, o governo da Alemanha decidiu reter uma remessa de 35 milh\u00f5es de euros, o equivalente a mais de R$ 151 milh\u00f5es, para o Fundo Amaz\u00f4nia.<\/p>\n<p>A verba ser\u00e1 bloqueada at\u00e9 que o governo deixe claro o que pretende fazer com o programa, que nos \u00faltimos dez anos recebeu mais de R$ 3,1 bilh\u00f5es em doa\u00e7\u00f5es. <\/p>\n<p>Em comunicado oficial, o governo da Noruega, respons\u00e1vel por 93,3% dos recursos, tamb\u00e9m demonstrou preocupa\u00e7\u00e3o com o futuro da iniciativa e com o aumento do desmatamento na regi\u00e3o. Dados recentes do Instituto Nacional de Pesquisa Espaciais (Inpe), indicam que o desmatamento na Amaz\u00f4nia em junho deste ano foi 88% maior que no mesmo per\u00edodo de 2018.<\/p>\n<p>\u201cDo ponto de vista da Noruega, o fundo da Amaz\u00f4nia funcionou bem at\u00e9 agora. Seria um rev\u00e9s para fundo, que tem sido uma importante inspira\u00e7\u00e3o para outros pa\u00edses de florestas tropicais. Embarcar em uma forma de coopera\u00e7\u00e3o com o Brasil que enfraque\u00e7a a base da nossa parceria n\u00e3o \u00e9 uma op\u00e7\u00e3o&#8221;, disse Ola Elvestuen, ministro do Clima e Meio Ambiente da Noruega, em nota enviada \u00e0 BBC News. <\/p>\n<p>\u201cN\u00e3o poder\u00edamos endossar solu\u00e7\u00f5es que prejudiquem os bons resultados que j\u00e1 alcan\u00e7amos ou comprometer os princ\u00edpios da Noruega em rela\u00e7\u00e3o \u00e0 ajuda ao desenvolvimento\u201d, frisou Elvestuen, defendendo que as negocia\u00e7\u00f5es com o governo brasileiro continuem. <\/p>\n<p>O coordenador de pol\u00edticas p\u00fablicas do Greenpeace, M\u00e1rcio Astrini, lamenta que as mudan\u00e7as propostas pelo ministro Salles possam significar o fim do Fundo. <\/p>\n<p>\u201cEle [o governo] quer retirar dinheiro da prote\u00e7\u00e3o ambiental e come\u00e7ar a destinar esse dinheiro pro pagamento de propriet\u00e1rios de terra que s\u00e3o de seu interesse, o que inclui grileiros inclusive. Gente que grilou terra p\u00fablica e que passaria a ser indenizada agora porque nos crit\u00e9rios do governo eles est\u00e3o certos\u201d, critica. <\/p>\n<p>Para Astrini, o governo privilegia seus neg\u00f3cios pol\u00edticos em detrimento da prote\u00e7\u00e3o ambiental: \u201cestamos correndo o riscos de perder bilh\u00f5es porque o governo prefere n\u00e3o ter bilh\u00f5es do que investir bilh\u00f5es no meio ambiente. O governo quer tirar o dinheiro da prote\u00e7\u00e3o ambiental para pagar os seus, \u00e0queles que ele tem interesse em beneficiar\u201d. <\/p>\n<p>Adriana Ramos, coordenadora do Programa de Pol\u00edticas e Direitos Socioambientais do Instituto Socioambiental (ISA), compartilha da mesma opini\u00e3o.<\/p>\n<p>\u201cConsiderando as propostas que o Ministro tem sinalizado, j\u00e1 sabemos que ele gostaria de engajar o setor privado, seja como proponente de projetos, seja como benefici\u00e1rio, como o anunciado pagamento de indeniza\u00e7\u00f5es para regulariza\u00e7\u00e3o fundi\u00e1ria de unidades de conserva\u00e7\u00e3o\u201d, explica. <\/p>\n<p>Ramos destaca que o Fundo Amaz\u00f4nia \u00e9, atualmente, a \u00fanica fonte de recursos financeiros para a\u00e7\u00f5es de valoriza\u00e7\u00e3o do uso sustent\u00e1vel da florestal e de controle e fiscaliza\u00e7\u00e3o, bem como para a gest\u00e3o ambiental como um todo. <\/p>\n<p>\u201cO fim da parceria significaria o esvaziamento dessas iniciativas e do combate aos desmatamentos. Considerando que a din\u00e2mica de desmatamento aponta para uma tend\u00eancia de crescimento, isso significaria perder as condi\u00e7\u00f5es de enfrentamento desse desafio\u201d, avalia. <\/p>\n<p>Esvaziamento<\/p>\n<p>No primeiro semestre, Ricardo Salles argumentou que seriam necess\u00e1rias mudan\u00e7as no funcionamento do Fundo afirmando ter identificado \u201cproblemas como concentra\u00e7\u00e3o de recursos em pagamento de pessoal, gest\u00e3o, viagens e treinamento\u201d. <\/p>\n<p>Por\u00e9m, al\u00e9m desse uso da verba n\u00e3o ser considerado irregular, em 2018, o Tribunal de Contas da Uni\u00e3o (TCU) realizou uma auditoria no fundo e concluiu que seus recursos est\u00e3o sendo utilizados de maneira adequada, fazendo com que a iniciativa concretize seu objetivo.<\/p>\n<p>Atualmente o Banco Nacional de Desenvolvimento Econ\u00f4mico e Social (BNDES) \u00e9 a entidade respons\u00e1vel pelos repasses do Fundo Amaz\u00f4nia a estados, munic\u00edpios e organiza\u00e7\u00f5es n\u00e3o-governamentais (ONGs).<\/p>\n<p>Outra mudan\u00e7a defendida h\u00e1 meses pelo governo Bolsonaro \u00e9 a redu\u00e7\u00e3o do n\u00fameros de membros do Comit\u00ea Orientador do Fundo Amaz\u00f4nia (Cofa), que decide o destino dos recursos, visando dar mais peso para a representa\u00e7\u00e3o do Executivo. <\/p>\n<p>No entanto, o comit\u00ea foi extinto sem conhecimento dos pa\u00edses doadores pelo decreto presidencial 9.759\/2019. Assinada em abril, a determina\u00e7\u00e3o extinguiu, al\u00e9m do Cofa, centenas de \u00f3rg\u00e3os colegiados ligados \u00e0 administra\u00e7\u00e3o p\u00fablica.<\/p>\n<p>Segundo Astrini, essa movimenta\u00e7\u00e3o faz parte de uma \u201cpol\u00edtica antiambiental\u201d adotada pela gest\u00e3o de Bolsonaro. <\/p>\n<p>&#8220;Tudo isso \u00e9 um pacote s\u00f3. Temos um governo que persegue quem promove a fiscaliza\u00e7\u00e3o do crime ambiental, que move a\u00e7\u00f5es contra servidores p\u00fablicos que trabalham na fiscaliza\u00e7\u00e3o de campo. Que cria uma inst\u00e2ncia para poder anistiar multas ambientais, que amea\u00e7a a todo momento desfazer as unidades de conserva\u00e7\u00e3o e terras ind\u00edgenas. Que vai pra fora do pa\u00eds prometendo que vai ser poss\u00edvel fazer minera\u00e7\u00e3o e agropecu\u00e1ria de larga escala em \u00e1reas protegidas, que libera agrot\u00f3xicos em tempo recorde, que tenta acabar com o Fundo Amaz\u00f4nia\u201d, elenca o coordenador do Greenpeace. <\/p>\n<p>\u201cO aumento do desmatamento \u00e9 consequ\u00eancia disso tudo. \u00c9 um governo que planta desmatamento e que colhe destrui\u00e7\u00e3o da floresta\u201d, ressalta. <\/p>\n<p>De acordo com ele, 60% dos recursos utilizados na \u00faltima d\u00e9cada pela iniciativa, foram destinados para a Uni\u00e3o e para os estados implementarem as normas do C\u00f3digo Florestal e para fazerem projetos que beneficiem comunidades locais na Amaz\u00f4nia e regi\u00e3o.<\/p>\n<p>Bolsonaro e a destrui\u00e7\u00e3o ambiental<\/p>\n<p>Desde sua indica\u00e7\u00e3o para ocupar o Minist\u00e9rio do Meio Ambiente (MMA), Ricardo Salles \u00e9 alvo de cr\u00edticas contundentes.<\/p>\n<p>Fundador da organiza\u00e7\u00e3o Endireita Brasil e ex-diretor da Sociedade Rural Brasileira (SRB), Salles foi condenado por improbidade administrativa e por descumprir leis ambientais ao alterar, de maneira ilegal, o plano de manejo de uma \u00e1rea de prote\u00e7\u00e3o ambiental na V\u00e1rzea do Tiet\u00ea para beneficiar empres\u00e1rios ligados \u00e0 Federa\u00e7\u00e3o das Ind\u00fastrias do Estado de S\u00e3o Paulo (Fiesp).<\/p>\n<p>O crime foi cometido quando Salles atuava enquanto secret\u00e1rio da \u00e1rea no governador de S\u00e3o Paulo, na gest\u00e3o de Geraldo Alckmin (PSDB).<\/p>\n<p>M\u00e1rcio Astrini relembra que Bolsonaro queria acabar com o MMA, e s\u00f3 n\u00e3o o fez justamente por conta das articula\u00e7\u00f5es pol\u00edticas que agora, com Salles como ministro, s\u00e3o beneficiadas. Ele refor\u00e7a a an\u00e1lise de que a descontinuidade do Fundo Amaz\u00f4nia cumpriria o mesmo objetivo. <\/p>\n<p>\u201cNa Amaz\u00f4nia, esse governo tem seus criminosos de estima\u00e7\u00e3o e os estimula a continuar a cometendo seus crimes. O Fundo Amaz\u00f4nia atrapalha os planos do governo porque \u00e9 um dinheiro que o governo n\u00e3o tem ger\u00eancia direta. Tem que passar por uma s\u00e9rie de regras que evita que esse dinheiro v\u00e1 para beneficiar as pessoas para quem o governo governa\u201d, analisa Astrini. <\/p>\n<p>Para Adriana Ramos, a perspectiva para o meio ambiente sob esse governo \u00e9 negativa.  \u201cO Minist\u00e9rio do Meio Ambiente n\u00e3o apresentou nenhum plano ou proposta que nos permita dizer que existe uma pol\u00edtica para o Meio Ambiente no governo. Na pol\u00edtica ambiental vale a frase que o Presidente falou na ocasi\u00e3o de sua visita \u00e0 Washington: \u2018O Brasil n\u00e3o \u00e9 um terreno aberto onde n\u00f3s pretendemos construir coisas para o nosso povo. N\u00f3s temos \u00e9 que desconstruir muita coisa. Desfazer muita coisa\u2019\u201d, cita a representante do Instituto Socioambiental.<\/p>\n<p>Edi\u00e7\u00e3o: Rodrigo Chagas<\/p>\n","protected":false},"excerpt":{"rendered":"<p>Noruega e Alemanha discordam de ministro que defende usar recursos do fundo para pagar indeniza\u00e7\u00f5es a ruralistas<\/p>\n","protected":false},"author":1,"featured_media":0,"comment_status":"closed","ping_status":"open","sticky":false,"template":"","format":"standard","meta":{"_exactmetrics_skip_tracking":false,"_exactmetrics_sitenote_active":false,"_exactmetrics_sitenote_note":"","_exactmetrics_sitenote_category":0,"jetpack_post_was_ever_published":false,"_jetpack_newsletter_access":"","_jetpack_dont_email_post_to_subs":false,"_jetpack_newsletter_tier_id":0,"_jetpack_memberships_contains_paywalled_content":false,"_jetpack_memberships_contains_paid_content":false,"footnotes":"","jetpack_publicize_message":"","jetpack_publicize_feature_enabled":true,"jetpack_social_post_already_shared":true,"jetpack_social_options":{"image_generator_settings":{"template":"highway","enabled":false},"version":2}},"categories":[1],"tags":[],"class_list":["post-22808","post","type-post","status-publish","format-standard","hentry","category-notas"],"jetpack_publicize_connections":[],"jetpack_sharing_enabled":true,"jetpack_featured_media_url":"","jetpack_shortlink":"https:\/\/wp.me\/p7wKYW-5VS","jetpack-related-posts":[],"_links":{"self":[{"href":"http:\/\/blogdalucianaoliveira.com.br\/blog\/wp-json\/wp\/v2\/posts\/22808","targetHints":{"allow":["GET"]}}],"collection":[{"href":"http:\/\/blogdalucianaoliveira.com.br\/blog\/wp-json\/wp\/v2\/posts"}],"about":[{"href":"http:\/\/blogdalucianaoliveira.com.br\/blog\/wp-json\/wp\/v2\/types\/post"}],"author":[{"embeddable":true,"href":"http:\/\/blogdalucianaoliveira.com.br\/blog\/wp-json\/wp\/v2\/users\/1"}],"replies":[{"embeddable":true,"href":"http:\/\/blogdalucianaoliveira.com.br\/blog\/wp-json\/wp\/v2\/comments?post=22808"}],"version-history":[{"count":1,"href":"http:\/\/blogdalucianaoliveira.com.br\/blog\/wp-json\/wp\/v2\/posts\/22808\/revisions"}],"predecessor-version":[{"id":22810,"href":"http:\/\/blogdalucianaoliveira.com.br\/blog\/wp-json\/wp\/v2\/posts\/22808\/revisions\/22810"}],"wp:attachment":[{"href":"http:\/\/blogdalucianaoliveira.com.br\/blog\/wp-json\/wp\/v2\/media?parent=22808"}],"wp:term":[{"taxonomy":"category","embeddable":true,"href":"http:\/\/blogdalucianaoliveira.com.br\/blog\/wp-json\/wp\/v2\/categories?post=22808"},{"taxonomy":"post_tag","embeddable":true,"href":"http:\/\/blogdalucianaoliveira.com.br\/blog\/wp-json\/wp\/v2\/tags?post=22808"}],"curies":[{"name":"wp","href":"https:\/\/api.w.org\/{rel}","templated":true}]}}